{"id":24106,"date":"2013-12-30T14:14:06","date_gmt":"2013-12-30T13:14:06","guid":{"rendered":"http:\/\/stockportal.hu\/?p=24106"},"modified":"2013-12-30T13:44:58","modified_gmt":"2013-12-30T12:44:58","slug":"kormanymegbizott-januar-vegeig-a-4-es-metro-valamennyi-allomasa-megkapja-az-engedelyeket","status":"publish","type":"post","link":"https:\/\/gazdasagportal.hu\/index.php\/kormanymegbizott-januar-vegeig-a-4-es-metro-valamennyi-allomasa-megkapja-az-engedelyeket\/","title":{"rendered":"Korm\u00e1nymegb\u00edzott: janu\u00e1r v\u00e9g\u00e9ig a 4-es metr\u00f3 valamennyi \u00e1llom\u00e1sa megkapja az enged\u00e9lyeket"},"content":{"rendered":"<p><strong>A 4-es metr\u00f3 t\u00edz \u00e1llom\u00e1s\u00e1b\u00f3l nyolcnak m\u00e1r megvan a haszn\u00e1latbav\u00e9teli enged\u00e9lye, tov\u00e1bbi kett\u0151 janu\u00e1r k\u00f6zep\u00e9n, legk\u00e9s\u0151bb v\u00e9g\u00e9n kapja meg &#8211; mondta Pesti Imre budapesti korm\u00e1nymegb\u00edzott h\u00e9tf\u0151i sajt\u00f3t\u00e1j\u00e9koztat\u00f3j\u00e1n Budapesten.<!--more--><\/strong><\/p>\n<p>Pesti Imre az \u00e1llom\u00e1sok \u00e9s egy j\u00e1rm\u0171telep bej\u00e1r\u00e1sa ut\u00e1n elmondta: a k\u00e9t h\u00e1tral\u00e9v\u0151 \u00e1llom\u00e1s a K\u00e1lvin t\u00e9r \u00e9s a Keleti p\u00e1lyaudvar. Mint mondta, jelenleg is \u00f6tpercenk\u00e9nt j\u00e1rnak a szerelv\u00e9nyek utasok n\u00e9lk\u00fcl. A Nemzeti K\u00f6zleked\u00e9si Hat\u00f3s\u00e1g \u00e1ltal ellen\u0151rz\u00f6tt teszt\u00fczemm\u00f3d janu\u00e1r 20-\u00e1n kezd\u0151dik \u00e9s m\u00e1rcius 20-ig tart.<br \/>\nA korm\u00e1nymegb\u00edzott v\u00e9lem\u00e9nye szerint a m\u00e1rcius v\u00e9gi \u00e1tad\u00e1si hat\u00e1rid\u0151 biztons\u00e1ggal tarthat\u00f3, de mindenn\u00e9l fontosabb az utasok biztons\u00e1ga, ez\u00e9rt hibamentes teszt\u00fczemre van sz\u00fcks\u00e9g.<br \/>\nUtalt arra, hogy a 4-es metr\u00f3r\u00f3l sz\u00f3l\u00f3 els\u0151 elk\u00e9pzel\u00e9sek 1972-ben sz\u00fclettek, az els\u0151 terveket, tanulm\u00e1nyokat 1990-ben dolgozt\u00e1k ki. A vonal 2004-ben kapott vas\u00fathat\u00f3s\u00e1gi enged\u00e9lyt, az els\u0151 tervp\u00e1ly\u00e1zat 2005-ben volt, \u00e9s egy \u00e9vvel k\u00e9s\u0151bb m\u00e1r \u00e9p\u00fclt a metr\u00f3. Pesti Imre szavai szerint az elm\u00falt h\u00e1rom \u00e9vben &#8211; k\u00fcl\u00f6n\u00f6sen az elm\u00falt k\u00e9t-h\u00e1rom h\u00f3napban &#8211; felgyorsultak az enged\u00e9lyez\u00e9si folyamatok.(MTI)<\/p>\n","protected":false},"excerpt":{"rendered":"<p>A 4-es metr\u00f3 t\u00edz \u00e1llom\u00e1s\u00e1b\u00f3l nyolcnak m\u00e1r megvan a haszn\u00e1latbav\u00e9teli enged\u00e9lye, tov\u00e1bbi kett\u0151 janu\u00e1r k\u00f6zep\u00e9n, legk\u00e9s\u0151bb v\u00e9g\u00e9n kapja meg &#8211; mondta Pesti Imre budapesti korm\u00e1nymegb\u00edzott h\u00e9tf\u0151i sajt\u00f3t\u00e1j\u00e9koztat\u00f3j\u00e1n Budapesten.<\/p>\n","protected":false},"author":1,"featured_media":0,"comment_status":"open","ping_status":"closed","sticky":false,"template":"","format":"standard","meta":[],"categories":[19],"tags":[],"_links":{"self":[{"href":"https:\/\/gazdasagportal.hu\/index.php\/wp-json\/wp\/v2\/posts\/24106"}],"collection":[{"href":"https:\/\/gazdasagportal.hu\/index.php\/wp-json\/wp\/v2\/posts"}],"about":[{"href":"https:\/\/gazdasagportal.hu\/index.php\/wp-json\/wp\/v2\/types\/post"}],"author":[{"embeddable":true,"href":"https:\/\/gazdasagportal.hu\/index.php\/wp-json\/wp\/v2\/users\/1"}],"replies":[{"embeddable":true,"href":"https:\/\/gazdasagportal.hu\/index.php\/wp-json\/wp\/v2\/comments?post=24106"}],"version-history":[{"count":1,"href":"https:\/\/gazdasagportal.hu\/index.php\/wp-json\/wp\/v2\/posts\/24106\/revisions"}],"predecessor-version":[{"id":24107,"href":"https:\/\/gazdasagportal.hu\/index.php\/wp-json\/wp\/v2\/posts\/24106\/revisions\/24107"}],"wp:attachment":[{"href":"https:\/\/gazdasagportal.hu\/index.php\/wp-json\/wp\/v2\/media?parent=24106"}],"wp:term":[{"taxonomy":"category","embeddable":true,"href":"https:\/\/gazdasagportal.hu\/index.php\/wp-json\/wp\/v2\/categories?post=24106"},{"taxonomy":"post_tag","embeddable":true,"href":"https:\/\/gazdasagportal.hu\/index.php\/wp-json\/wp\/v2\/tags?post=24106"}],"curies":[{"name":"wp","href":"https:\/\/api.w.org\/{rel}","templated":true}]}}