{"id":24104,"date":"2013-12-30T13:43:26","date_gmt":"2013-12-30T12:43:26","guid":{"rendered":"http:\/\/stockportal.hu\/?p=24104"},"modified":"2013-12-30T13:43:26","modified_gmt":"2013-12-30T12:43:26","slug":"fidesz-sikeres-ev-volt-az-idei-szamos-eredmeny-szuletett","status":"publish","type":"post","link":"https:\/\/gazdasagportal.hu\/index.php\/fidesz-sikeres-ev-volt-az-idei-szamos-eredmeny-szuletett\/","title":{"rendered":"Fidesz: sikeres \u00e9v volt az idei, sz\u00e1mos eredm\u00e9ny sz\u00fcletett"},"content":{"rendered":"<p><strong>Sikeres \u00e9v volt az idei, a magyar emberek nem \u00e9rezhetik feleslegesnek er\u0151fesz\u00edt\u00e9seiket \u2013 \u00f6sszegezte \u00e9vz\u00e1r\u00f3 sajt\u00f3t\u00e1j\u00e9koztat\u00f3j\u00e1n a korm\u00e1nyzat idei, illetve a 2010-es korm\u00e1nyv\u00e1lt\u00e1s \u00f3ta el\u00e9rt eredm\u00e9nyeit a Fidesz kommunik\u00e1ci\u00f3s igazgat\u00f3ja h\u00e9tf\u0151n Budapesten.<!--more--><\/strong><\/p>\n<p>Kocsis M\u00e1t\u00e9 az eredm\u00e9nyek k\u00f6z\u00fck kiemelte, hogy 9 \u00e9v ut\u00e1n, id\u00e9n j\u00faliusban Magyarorsz\u00e1g kiker\u00fclt a t\u00falzottdeficit-elj\u00e1r\u00e1s al\u00f3l, augusztusban siker\u00fclt visszafizetni az IMF hitelt \u00e9s az orsz\u00e1g m\u00e1ra tart\u00f3s n\u00f6veked\u00e9si p\u00e1ly\u00e1ra \u00e1llt.<br \/>\nA korm\u00e1nyp\u00e1rti politikus hangs\u00falyozta, hogy a gazdas\u00e1g, a foglalkoztat\u00e1s \u00e9s a csal\u00e1dok seg\u00edt\u00e9se voltak azok a ter\u00fcletek, amelyek talpra \u00e1ll\u00edt\u00e1s\u00e1ra v\u00e1llalkozott a korm\u00e1ny 2010-ben. Sz\u00e1mos olyan eredm\u00e9ny sz\u00fcletett, amelyre a szocialista korm\u00e1nyok nem voltak k\u00e9pesek &#8211; hangzott el.<br \/>\nP\u00e9ldak\u00e9nt eml\u00edtette, hogy m\u00edg 2010-ben a g\u00f6r\u00f6g\u00f6kkel eml\u00edtett\u00e9k Magyarorsz\u00e1got egy lapon, addig m\u00e1ra az EU is elismerte, hogy harmadik \u00e9ve siker\u00fcl 3 sz\u00e1zal\u00e9k alatt tartani a k\u00f6lts\u00e9gvet\u00e9s hi\u00e1ny\u00e1t. Erre a szocialista korm\u00e1nyok nem voltak k\u00e9pesek &#8211; tette hozz\u00e1.<br \/>\nMint elmondta: az IMF hitelt, amely a Gyurcs\u00e1ny-Bajnai korm\u00e1nyok alkalmatlans\u00e1g\u00e1nak az \u00e1ra volt siker\u00fclt id\u0151 el\u0151tt visszafizetni. \u00c1ll\u00e1spontja szerint azonban nagyobb \u00e1ra is volt a kor\u00e1bbi szocialist\u00e1k korm\u00e1nyz\u00e1s\u00e1nak, hiszen \u00e9ppen 4 \u00e9ve vett\u00e9k el egyhavi nyugd\u00edjat \u00e9s egyhavi b\u00e9rt.<br \/>\nKocsis M\u00e1t\u00e9 a korm\u00e1nyzati eredm\u00e9nyek k\u00f6z\u00e9 sorolta, hogy az \u00e1llamad\u00f3ss\u00e1g kezel\u00e9s\u00e9t \u00e9s azt, hogy a gazdas\u00e1gi n\u00f6veked\u00e9s m\u00e9rt\u00e9ke &#8211; amely 1,8 sz\u00e1zal\u00e9kos volt a harmadik negyed\u00e9v v\u00e9g\u00e9n &#8211; meghaladta az uni\u00f3s \u00e1tlagot is.<br \/>\nMint elmondta: m\u00e1ra tart\u00f3s n\u00f6veked\u00e9si p\u00e1ly\u00e1ra \u00e1llt az orsz\u00e1g, ez biztos\u00edtja a b\u00e9remel\u00e9sek \u00e9s a rezsics\u00f6ket\u00e9s fedezet\u00e9t is. Kocsis M\u00e1t\u00e9 eml\u00edt\u00e9st tett a 40 \u00e9ve legalacsonyabb infl\u00e1ci\u00f3r\u00f3l is, amelynek eredm\u00e9nyek\u00e9nt mindenkinek t\u00f6bb p\u00e9nz marad a zseb\u00e9ben.<br \/>\nHopp\u00e1l P\u00e9ter, a Fidesz sz\u00f3viv\u0151je a sajt\u00f3t\u00e1j\u00e9koztat\u00f3n hangs\u00falyozta, hogy 2013 a foglalkoztat\u00e1s ter\u00fclt\u00e9n is jelent\u0151s eredm\u00e9nyeket hozott, \u00edgy jelenleg 235 ezerrel t\u00f6bb ember dolgozik Magyarorsz\u00e1gon, mint 2010 el\u0151tt.<br \/>\nMint elmondta: egyre t\u00f6bben \u00e9lnek a seg\u00e9ly helyett munk\u00e1b\u00f3l, a verseny- \u00e9s k\u00f6zszf\u00e9r\u00e1ban is azonos m\u00e9rt\u00e9kben n\u0151tt a foglalkoztatotts\u00e1g m\u00e9rt\u00e9ke. Meg\u00f3vt\u00e1k a k\u00f6zszf\u00e9r\u00e1ban dolgoz\u00f3k munkahelyeit \u00e9s a b\u00e9reit is, s\u0151t a az eg\u00e9szs\u00e9g\u00fcgyi dolgoz\u00f3k \u00e9s a pedag\u00f3gusok b\u00e9re emelkedett is.<br \/>\nHopp\u00e1l P\u00e9ter rem\u00e9ny\u00e9t fejezte ki, hogy j\u00f6v\u0151re is hasonl\u00f3 teljes\u00edtm\u00e9nyre lesz k\u00e9pes az orsz\u00e1g, mint id\u00e9n, a bizakod\u00e1s alapj\u00e1t a gazdas\u00e1gi n\u00f6veked\u00e9s adja \u2013 tette hozz\u00e1.<br \/>\nA sz\u00f3viv\u0151 sikeresnek nevezte a n\u00f6veked\u00e9si hitelprogramot \u00e9s eml\u00e9keztetett r\u00e1, hogy janu\u00e1r elsej\u00e9t\u0151l a minim\u00e1lb\u00e9r \u00f6sszege 100 ezer forint f\u00f6l\u00e9 fog emelkedni, illetve a pedag\u00f3gusok \u00e9s a k\u00f6zfoglalkozat\u00e1sban dolgoz\u00f3k b\u00e9re is n\u00f6vekedni fog.<br \/>\nMint elmondta: a p\u00e1lyakezd\u0151 fiatalok, a nyugd\u00edj el\u0151tt \u00e1ll\u00f3k, az alacsony k\u00e9pzetts\u00e9g\u0171ek \u00e9s a kisgyermekes any\u00e1k foglalkozat\u00e1s\u00e1t jelent\u0151s ad\u00f3kedvezm\u00e9nyekkel seg\u00edtik.<br \/>\nZsig\u00f3 R\u00f3bert, a Fidesz m\u00e1sik sz\u00f3viv\u0151je a rezsics\u00f6kkent\u00e9s hat\u00e1sair\u00f3l sz\u00f3lva elmondta, hogy ez a csal\u00e1doknak id\u00e9n 250 milli\u00e1rd forintos megtakar\u00edt\u00e1st jelentett, j\u00f6v\u0151re pedig enn\u00e9l is t\u00f6bb marad az emberek zseb\u00e9ben. \u00c1ll\u00e1spontja szerint ugyanis az energia\u00e1rak m\u00e9g \u00edgy is ar\u00e1nytalanul magasak.<br \/>\nMint elmondta: 2014-ben m\u00e9g jobban megbecs\u00fclik a kismam\u00e1kat, akiknek \u00e9let\u00e9ben \u00faj korszakot nyit a gyed-extra, hiszen nem kell t\u00f6bb\u00e9 a munka \u00e9s a csal\u00e1d k\u00f6z\u00f6tt v\u00e1lasztaniuk.<br \/>\nA korm\u00e1nyzat nem fogja cserbenhagyni a neh\u00e9z helyzetben l\u00e9v\u0151 devizahiteleseket sem, akiknek az \u00e1rfolyamg\u00e1t m\u00e1r most is v\u00e9delmet ad. Zsig\u00f3 R\u00f3bert a szoci\u00e1lis l\u00e9p\u00e9sek k\u00f6z\u00fcl kiemelte a r\u00e1szorul\u00f3k ingyenes \u00e9tkezet\u00e9s\u00e9t, illetve az ingyenes tank\u00f6nyv biztos\u00edt\u00e1s\u00e1t, amely j\u00f6v\u0151re m\u00e1r nagyobb k\u00f6r sz\u00e1m\u00e1ra lesz el\u00e9rhet\u0151.<br \/>\nKocsis M\u00e1t\u00e9 k\u00e9rd\u00e9sre v\u00e1laszolva elmondta, hogy amennyiben a korm\u00e1ny d\u00f6nt a k\u00f6zszolg\u00e1latban dolgoz\u00f3k kedvezm\u00e9nyes lak\u00e1shitelhez juttat\u00e1s\u00e1r\u00f3l akkor azt a Fidesz t\u00e1mogatni fogja.<br \/>\nA p\u00e9nzt\u00e1rg\u00e9pek \u00faj rendszer\u00e9r\u0151l sz\u00f3l\u00f3 vit\u00e1t politikai term\u00e9szet\u0171nek nevezte. \u00c1ll\u00e1spontja szerint sem a korm\u00e1ny, sem a korm\u00e1nyp\u00e1rtok nem abban \u00e9rdekeltek, hogy ne siker\u00fclj\u00f6n az \u00e1t\u00e1ll\u00e1s. A nemzetgazdas\u00e1gi t\u00e1rca \u00e9s az ad\u00f3hat\u00f3s\u00e1g mindent meg fog tenni az \u00e1t\u00e1ll\u00e1s sikeres lebonyol\u00edt\u00e1sa \u00e9rdek\u00e9ben, amely a becs\u00fcletes ad\u00f3z\u00f3k \u00e9rdek\u00e9t szolg\u00e1lja \u2013 tette hozz\u00e1.<br \/>\nK\u00e9rd\u00e9sre v\u00e1laszolva Kocsis M\u00e1t\u00e9 \u00fagy fogalmazott, hogy\u00a0\u00a0Gyurcs\u00e1ny Ferencnek semmi helye sincs a k\u00f6z\u00e9letben, hiszen annyi k\u00e1rt okozott korm\u00e1nyz\u00e1sa alatt. A volt korm\u00e1nyf\u0151 K\u00f6v\u00e9r L\u00e1szl\u00f3 h\u00e1zeln\u00f6kh\u00f6z int\u00e9zett \u00fczenet\u00e9r\u0151l elmondta, hogy az Gyurcs\u00e1ny Ferencet min\u0151s\u00edti \u00e9s minimum t\u00f6bb \u00f6nm\u00e9rs\u00e9kletet v\u00e1rn\u00e1nak t\u0151le.(MTI)<\/p>\n","protected":false},"excerpt":{"rendered":"<p>Sikeres \u00e9v volt az idei, a magyar emberek nem \u00e9rezhetik feleslegesnek er\u0151fesz\u00edt\u00e9seiket \u2013 \u00f6sszegezte \u00e9vz\u00e1r\u00f3 sajt\u00f3t\u00e1j\u00e9koztat\u00f3j\u00e1n a korm\u00e1nyzat idei, illetve a 2010-es korm\u00e1nyv\u00e1lt\u00e1s \u00f3ta el\u00e9rt eredm\u00e9nyeit a Fidesz kommunik\u00e1ci\u00f3s igazgat\u00f3ja h\u00e9tf\u0151n Budapesten.<\/p>\n","protected":false},"author":1,"featured_media":1033,"comment_status":"open","ping_status":"closed","sticky":false,"template":"","format":"standard","meta":[],"categories":[18],"tags":[],"_links":{"self":[{"href":"https:\/\/gazdasagportal.hu\/index.php\/wp-json\/wp\/v2\/posts\/24104"}],"collection":[{"href":"https:\/\/gazdasagportal.hu\/index.php\/wp-json\/wp\/v2\/posts"}],"about":[{"href":"https:\/\/gazdasagportal.hu\/index.php\/wp-json\/wp\/v2\/types\/post"}],"author":[{"embeddable":true,"href":"https:\/\/gazdasagportal.hu\/index.php\/wp-json\/wp\/v2\/users\/1"}],"replies":[{"embeddable":true,"href":"https:\/\/gazdasagportal.hu\/index.php\/wp-json\/wp\/v2\/comments?post=24104"}],"version-history":[{"count":1,"href":"https:\/\/gazdasagportal.hu\/index.php\/wp-json\/wp\/v2\/posts\/24104\/revisions"}],"predecessor-version":[{"id":24105,"href":"https:\/\/gazdasagportal.hu\/index.php\/wp-json\/wp\/v2\/posts\/24104\/revisions\/24105"}],"wp:featuredmedia":[{"embeddable":true,"href":"https:\/\/gazdasagportal.hu\/index.php\/wp-json\/wp\/v2\/media\/1033"}],"wp:attachment":[{"href":"https:\/\/gazdasagportal.hu\/index.php\/wp-json\/wp\/v2\/media?parent=24104"}],"wp:term":[{"taxonomy":"category","embeddable":true,"href":"https:\/\/gazdasagportal.hu\/index.php\/wp-json\/wp\/v2\/categories?post=24104"},{"taxonomy":"post_tag","embeddable":true,"href":"https:\/\/gazdasagportal.hu\/index.php\/wp-json\/wp\/v2\/tags?post=24104"}],"curies":[{"name":"wp","href":"https:\/\/api.w.org\/{rel}","templated":true}]}}