{"id":24102,"date":"2013-12-30T13:04:26","date_gmt":"2013-12-30T12:04:26","guid":{"rendered":"http:\/\/stockportal.hu\/?p=24102"},"modified":"2013-12-30T13:04:26","modified_gmt":"2013-12-30T12:04:26","slug":"egyutt-pm-elvesztette-az-allasat-a-partnak-nyilatkozo-ferfi","status":"publish","type":"post","link":"https:\/\/gazdasagportal.hu\/index.php\/egyutt-pm-elvesztette-az-allasat-a-partnak-nyilatkozo-ferfi\/","title":{"rendered":"Egy\u00fctt-PM: elvesztette az \u00e1ll\u00e1s\u00e1t a p\u00e1rtnak nyilatkoz\u00f3 f\u00e9rfi"},"content":{"rendered":"<p><strong>Elvesz\u00edtette az \u00e1ll\u00e1s\u00e1t az a k\u00f6zponti v\u00e1s\u00e1rcsarnokban takar\u00edt\u00f3k\u00e9nt dolgoz\u00f3 f\u00e9rfi, aki az Egy\u00fctt-PM sz\u00f6vets\u00e9gnek nyilatkozott az egykulcsos ad\u00f3r\u00f3l \u00e9s az \u0151t foglalkoztat\u00f3 c\u00e9gn\u00e9l tapasztalt szab\u00e1lytalans\u00e1gokr\u00f3l &#8211; hangzott el a p\u00e1rtsz\u00f6vets\u00e9g h\u00e9tf\u0151i sajt\u00f3t\u00e1j\u00e9koztat\u00f3j\u00e1n Budapesten.<!--more--><\/strong><\/p>\n<p>Juh\u00e1sz P\u00e9ter, az Egy\u00fctt-PM t\u00e1rseln\u00f6ke azt mondta: elk\u00e9peszt\u0151 \u00e9s egy jog\u00e1llamban elfogadhatatlan, hogy b\u00e1rkit az\u00e9rt r\u00fagjanak ki a munkahely\u00e9r\u0151l, mert elmondta a v\u00e9lem\u00e9ny\u00e9t. A p\u00e1rt ez\u00e9rt jogi seg\u00edts\u00e9get ny\u00fajt a f\u00e9rfinak.<br \/>\nJuh\u00e1sz P\u00e9ter felid\u00e9zte, hogy az Egy\u00fctt-PM st\u00e1bja filmet k\u00e9sz\u00edtett az egykulcsos ad\u00f3r\u00f3l, aktivist\u00e1ik november v\u00e9g\u00e9n ehhez gy\u0171jt\u00f6ttek v\u00e9lem\u00e9nyeket a nagycsarnokban, nem tudva, hogy a piac nem k\u00f6zter\u00fclet. Amikor a biztons\u00e1gi \u0151r\u00f6k ezt k\u00f6z\u00f6lt\u00e9k vel\u00fck, abbahagyt\u00e1k a forgat\u00e1st, \u00e9s v\u00e1llalt\u00e1k, hogy a k\u00e9psorokat nem mutatj\u00e1k be.<br \/>\nN\u00e9h\u00e1ny nappal k\u00e9s\u0151bb visszamentek, hogy a csarnokban takar\u00edt\u00f3 Lakatos Attil\u00e1val &#8211; aki munkak\u00f6r\u00fclm\u00e9nyeikr\u0151l is besz\u00e9lt &#8211; \u00fajravegy\u00e9k a felv\u00e9telt. Ekkor der\u00fclt ki, hogy m\u00e1r nem dolgozik ott.<br \/>\nLakatos Attila a sajt\u00f3t\u00e1j\u00e9koztat\u00f3n elmondta: nyilatkozata miatt m\u00e9g aznap este kir\u00fagt\u00e1k. Besz\u00e1mol\u00f3ja szerint a munk\u00e1ltat\u00f3ja sz\u00f3ban elismerte, hogy a videofelv\u00e9tel miatt vesz\u00edti el \u00e1ll\u00e1s\u00e1t, ugyanis arr\u00f3l besz\u00e9lt, hogy 6 \u00f3r\u00e1ra vannak bejelentve, de 16 \u00f3r\u00e1t dolgoznak, \u00e9s a b\u00e9r\u00fck egy r\u00e9sz\u00e9t feket\u00e9n kapj\u00e1k meg.<br \/>\nA f\u00e9rfi pap\u00edron v\u00e9g\u00fcl k\u00f6z\u00f6s megegyez\u00e9ssel t\u00e1vozott, mivel \u00e1ll\u00edt\u00e1sa szerint az \u0151t foglalkoztat\u00f3 c\u00e9g csak \u00edgy volt hajland\u00f3 kifizetni j\u00e1rand\u00f3s\u00e1gait, neki pedig kellett a p\u00e9nz. Hozz\u00e1tette: el\u0151z\u0151leg hi\u00e1ba k\u00e9rte, hogy adj\u00e1k \u00edr\u00e1sba felment\u00e9s\u00e9nek ok\u00e1t.<br \/>\nJuh\u00e1sz P\u00e9ter ezzel kapcsolatban \u00fajs\u00e1g\u00edr\u00f3knak azt mondta: a k\u00e9nyszer hat\u00e1s\u00e1ra l\u00e9trej\u00f6tt meg\u00e1llapod\u00e1sokat semmisnek kell nyilv\u00e1n\u00edtani, ez\u00e9rt \u00fcgyv\u00e9det szereztek a f\u00e9rfinak \u00e9s b\u00edr\u00f3s\u00e1ghoz fordulnak, szeretn\u00e9k el\u00e9rni, hogy Lakatos Attila visszakapja az \u00e1ll\u00e1s\u00e1t.(MTI)<\/p>\n","protected":false},"excerpt":{"rendered":"<p>Elvesz\u00edtette az \u00e1ll\u00e1s\u00e1t az a k\u00f6zponti v\u00e1s\u00e1rcsarnokban takar\u00edt\u00f3k\u00e9nt dolgoz\u00f3 f\u00e9rfi, aki az Egy\u00fctt-PM sz\u00f6vets\u00e9gnek nyilatkozott az egykulcsos ad\u00f3r\u00f3l \u00e9s az \u0151t foglalkoztat\u00f3 c\u00e9gn\u00e9l tapasztalt szab\u00e1lytalans\u00e1gokr\u00f3l &#8211; hangzott el a p\u00e1rtsz\u00f6vets\u00e9g h\u00e9tf\u0151i sajt\u00f3t\u00e1j\u00e9koztat\u00f3j\u00e1n Budapesten.<\/p>\n","protected":false},"author":1,"featured_media":0,"comment_status":"open","ping_status":"closed","sticky":false,"template":"","format":"standard","meta":[],"categories":[18],"tags":[],"_links":{"self":[{"href":"https:\/\/gazdasagportal.hu\/index.php\/wp-json\/wp\/v2\/posts\/24102"}],"collection":[{"href":"https:\/\/gazdasagportal.hu\/index.php\/wp-json\/wp\/v2\/posts"}],"about":[{"href":"https:\/\/gazdasagportal.hu\/index.php\/wp-json\/wp\/v2\/types\/post"}],"author":[{"embeddable":true,"href":"https:\/\/gazdasagportal.hu\/index.php\/wp-json\/wp\/v2\/users\/1"}],"replies":[{"embeddable":true,"href":"https:\/\/gazdasagportal.hu\/index.php\/wp-json\/wp\/v2\/comments?post=24102"}],"version-history":[{"count":1,"href":"https:\/\/gazdasagportal.hu\/index.php\/wp-json\/wp\/v2\/posts\/24102\/revisions"}],"predecessor-version":[{"id":24103,"href":"https:\/\/gazdasagportal.hu\/index.php\/wp-json\/wp\/v2\/posts\/24102\/revisions\/24103"}],"wp:attachment":[{"href":"https:\/\/gazdasagportal.hu\/index.php\/wp-json\/wp\/v2\/media?parent=24102"}],"wp:term":[{"taxonomy":"category","embeddable":true,"href":"https:\/\/gazdasagportal.hu\/index.php\/wp-json\/wp\/v2\/categories?post=24102"},{"taxonomy":"post_tag","embeddable":true,"href":"https:\/\/gazdasagportal.hu\/index.php\/wp-json\/wp\/v2\/tags?post=24102"}],"curies":[{"name":"wp","href":"https:\/\/api.w.org\/{rel}","templated":true}]}}