{"id":24100,"date":"2013-12-30T12:04:45","date_gmt":"2013-12-30T11:04:45","guid":{"rendered":"http:\/\/stockportal.hu\/?p=24100"},"modified":"2013-12-30T12:04:45","modified_gmt":"2013-12-30T11:04:45","slug":"volgogradi-merenyletek-a-hetfoi-robbantast-is-ongyilkos-merenylo-kovethette-el","status":"publish","type":"post","link":"https:\/\/gazdasagportal.hu\/index.php\/volgogradi-merenyletek-a-hetfoi-robbantast-is-ongyilkos-merenylo-kovethette-el\/","title":{"rendered":"Volgogr\u00e1di mer\u00e9nyletek &#8211; A h\u00e9tf\u0151i robbant\u00e1st is \u00f6ngyilkos mer\u00e9nyl\u0151 k\u00f6vethette el"},"content":{"rendered":"<p><strong>Legal\u00e1bb 14 halottja \u00e9s 28 sebes\u00fcltje van a Volgogr\u00e1dban egy trolibuszon h\u00e9tf\u0151 reggel t\u00f6rt\u00e9nt robbant\u00e1sos terrorcselekm\u00e9nynek, amelyet a hat\u00f3s\u00e1gok gyan\u00faja szerint \u00f6ngyilkos mer\u00e9nyl\u0151 k\u00f6vetett el.<!--more--><\/strong><\/p>\n<p>Az eddigi vizsg\u00e1latok szerint a mer\u00e9nyl\u0151 f\u00e9rfi volt, \u00e9s n\u00e9gy kilogramm trotil\u00e9nak megfelel\u0151 erej\u0171 robban\u00f3szerkezetet hozott m\u0171k\u00f6d\u00e9sbe. A nyomoz\u00f3hat\u00f3s\u00e1gok szerint \u00f6sszef\u00fcgg egym\u00e1ssal a h\u00e9tf\u0151i mer\u00e9nylet \u00e9s az egy nappal kor\u00e1bban a v\u00e1ros vas\u00fat\u00e1llom\u00e1s\u00e1n elk\u00f6vetett robbant\u00e1s, amelynek a Rosszija 24 \u00e1llami h\u00edrtelev\u00edzi\u00f3 tudom\u00e1sa szerint m\u00e1r 18 hal\u00e1los \u00e1ldozata van.<br \/>\nVolgogr\u00e1dban \u00f6tnapos gy\u00e1szt rendeltek el a terrorista mer\u00e9nyletek \u00e1ldozatainak eml\u00e9k\u00e9re. A k\u00f6zponti vas\u00fat\u00e1llom\u00e1son t\u00f6rt\u00e9nt vas\u00e1rnapi robbant\u00e1s \u00e1ldozatait azonos\u00edtott\u00e1k \u00e9s k\u00f6zz\u00e9tett\u00e9k a nev\u00fcket.<br \/>\nAz orosz hat\u00f3s\u00e1gok megnevezt\u00e9k a vas\u00e1rnapi mer\u00e9nylet felt\u00e9telezett elk\u00f6vet\u0151j\u00e9t is. Pavel Csecsenkin a Volga foly\u00f3 k\u00f6z\u00e9ps\u0151 szakasz\u00e1nak bal partja ment\u00e9n elter\u00fcl\u0151, az Oroszorsz\u00e1gi F\u00f6der\u00e1ci\u00f3hoz tartoz\u00f3 Mari K\u00f6zt\u00e1rsas\u00e1gb\u00f3l (Marif\u00f6ldr\u0151l), Volzsszk v\u00e1ros\u00e1b\u00f3l val\u00f3. Tavaly tavasszal csatlakozott egy dageszt\u00e1ni illeg\u00e1lis csoporthoz. Felvette az iszl\u00e1m vall\u00e1st \u00e9s az Anszar ar-Ruszi nevet.<br \/>\nA volgogr\u00e1di k\u00f6zponti vas\u00fat\u00e1llom\u00e1son \u00f6nmag\u00e1t is felrobbant\u00f3 f\u00e9rfi kor\u00e1bban a marif\u00f6ldi ment\u0151kn\u00e9l dolgozott. Sz\u00fclei t\u00f6bbsz\u00f6r pr\u00f3b\u00e1lt\u00e1k megtal\u00e1lni, \u00e9s ehhez a sajt\u00f3 seg\u00edts\u00e9g\u00e9t is ig\u00e9nybe vett\u00e9k. Novemberben elej\u00e9n a TVC nev\u0171 orosz t\u00e9v\u00e9ben k\u00e9rt\u00e9k fiukat, tegye le a fegyvert \u00e9s t\u00e9rjen vissza hozz\u00e1juk. Az apa most v\u00e9rt adott, hogy azonos\u00edtani tudj\u00e1k a mer\u00e9nyl\u0151 maradv\u00e1nyait.<br \/>\nVlagyimir Putyin orosz \u00e1llamf\u0151 id\u0151k\u00f6zben utas\u00edt\u00e1st adott az orosz Nemzeti Terrorelh\u00e1r\u00edt\u00e1si Bizotts\u00e1gnak (NAK), hogy az eg\u00e9sz orsz\u00e1gban er\u0151s\u00edts\u00e9k meg a biztons\u00e1gi int\u00e9zked\u00e9seket. Volgogr\u00e1dban a hat\u00f3s\u00e1gok a legmagasabb fokozat\u00fa k\u00e9sz\u00fclts\u00e9get vezett\u00e9k be, meger\u0151s\u00edtett\u00e9k a rend\u0151ri jelenl\u00e9tet \u00e9s az ellen\u0151rz\u00e9st azokon a helyeken, ahol nagy t\u00f6megben gy\u0171lnek \u00f6ssze emberek, \u00edgy az aut\u00f3busz-\u00e1llom\u00e1son \u00e9s a rep\u00fcl\u0151t\u00e9ren is.<br \/>\nAlekszandr Basztrikin, a Sz\u00f6vets\u00e9gi Nyomoz\u00f3 Bizotts\u00e1g vezet\u0151je vas\u00e1rnap a d\u00e9l-oroszorsz\u00e1gi v\u00e1rosban tartott operat\u00edv \u00e9rtekezletet, h\u00e9tf\u0151n Alekszandr Bortnyikov, az orosz Sz\u00f6vets\u00e9g Biztons\u00e1gi Szolg\u00e1lat vezet\u0151je tett jelent\u00e9st Vlagyimir Putyinnak, aki ezut\u00e1n Dmitrij Medvegyev korm\u00e1nyf\u0151vel tal\u00e1lkozott.<br \/>\nAz orosz eln\u00f6k &#8211; egy nappal a vas\u00fat\u00e1llom\u00e1son t\u00f6rt\u00e9nt terrorcselekm\u00e9ny ut\u00e1n &#8211; egy\u00fctt\u00e9rz\u00e9s\u00e9r\u0151l biztos\u00edtotta a hal\u00e1los \u00e1ldozatok hozz\u00e1tartoz\u00f3it \u00e9s miel\u0151bbi gy\u00f3gyul\u00e1st k\u00edv\u00e1nt a sebes\u00fclteknek.<br \/>\nA vas\u00e1rnapi robbant\u00e1s harminch\u00e9t s\u00e9r\u00fcltj\u00e9t volgogr\u00e1di \u00e9s moszkvai k\u00f3rh\u00e1zakban \u00e1polj\u00e1k. A h\u00e9tf\u0151 reggeli mer\u00e9nylet \u00e1ldozatai k\u00f6z\u00fcl 27 embert vittek k\u00f3rh\u00e1zba &#8211; k\u00f6z\u00f6lte Veronyika Szkorcova orosz eg\u00e9szs\u00e9g\u00fcgyi miniszter, aki Olga Gologyec minisztereln\u00f6k-helyettessel egy\u00fctt vas\u00e1rnap \u00f3ta Volgogr\u00e1dban van.(MTI)<\/p>\n","protected":false},"excerpt":{"rendered":"<p>Legal\u00e1bb 14 halottja \u00e9s 28 sebes\u00fcltje van a Volgogr\u00e1dban egy trolibuszon h\u00e9tf\u0151 reggel t\u00f6rt\u00e9nt robbant\u00e1sos terrorcselekm\u00e9nynek, amelyet a hat\u00f3s\u00e1gok gyan\u00faja szerint \u00f6ngyilkos mer\u00e9nyl\u0151 k\u00f6vetett el.<\/p>\n","protected":false},"author":1,"featured_media":0,"comment_status":"open","ping_status":"closed","sticky":false,"template":"","format":"standard","meta":[],"categories":[12],"tags":[],"_links":{"self":[{"href":"https:\/\/gazdasagportal.hu\/index.php\/wp-json\/wp\/v2\/posts\/24100"}],"collection":[{"href":"https:\/\/gazdasagportal.hu\/index.php\/wp-json\/wp\/v2\/posts"}],"about":[{"href":"https:\/\/gazdasagportal.hu\/index.php\/wp-json\/wp\/v2\/types\/post"}],"author":[{"embeddable":true,"href":"https:\/\/gazdasagportal.hu\/index.php\/wp-json\/wp\/v2\/users\/1"}],"replies":[{"embeddable":true,"href":"https:\/\/gazdasagportal.hu\/index.php\/wp-json\/wp\/v2\/comments?post=24100"}],"version-history":[{"count":1,"href":"https:\/\/gazdasagportal.hu\/index.php\/wp-json\/wp\/v2\/posts\/24100\/revisions"}],"predecessor-version":[{"id":24101,"href":"https:\/\/gazdasagportal.hu\/index.php\/wp-json\/wp\/v2\/posts\/24100\/revisions\/24101"}],"wp:attachment":[{"href":"https:\/\/gazdasagportal.hu\/index.php\/wp-json\/wp\/v2\/media?parent=24100"}],"wp:term":[{"taxonomy":"category","embeddable":true,"href":"https:\/\/gazdasagportal.hu\/index.php\/wp-json\/wp\/v2\/categories?post=24100"},{"taxonomy":"post_tag","embeddable":true,"href":"https:\/\/gazdasagportal.hu\/index.php\/wp-json\/wp\/v2\/tags?post=24100"}],"curies":[{"name":"wp","href":"https:\/\/api.w.org\/{rel}","templated":true}]}}