{"id":24098,"date":"2013-12-30T11:57:55","date_gmt":"2013-12-30T10:57:55","guid":{"rendered":"http:\/\/stockportal.hu\/?p=24098"},"modified":"2013-12-30T11:57:55","modified_gmt":"2013-12-30T10:57:55","slug":"volgogradi-merenyletek-a-kulugyminiszterium-eliteli-a-terrorcselekmenyeket","status":"publish","type":"post","link":"https:\/\/gazdasagportal.hu\/index.php\/volgogradi-merenyletek-a-kulugyminiszterium-eliteli-a-terrorcselekmenyeket\/","title":{"rendered":"Volgogr\u00e1di mer\u00e9nyletek &#8211; A K\u00fcl\u00fcgyminiszt\u00e9rium el\u00edt\u00e9li a terrorcselekm\u00e9nyeket"},"content":{"rendered":"<p><strong>Magyarorsz\u00e1g m\u00e9lys\u00e9gesen el\u00edt\u00e9li az oroszorsz\u00e1gi Volgogr\u00e1d v\u00e1ros\u00e1ban vas\u00e1rnap \u00e9s h\u00e9tf\u0151n elk\u00f6vetett s\u00falyos terrorista mer\u00e9nyleteket, amelyek sz\u00e1mos hal\u00e1los \u00e1ldozatot k\u00f6veteltek \u00e9s t\u00f6bb tucat ember sebes\u00fcl\u00e9s\u00e9t okozt\u00e1k &#8211; hangs\u00falyozta a K\u00fcl\u00fcgyminiszt\u00e9rium az MTI-hez h\u00e9tf\u0151 d\u00e9lel\u0151tt eljuttatott k\u00f6zlem\u00e9ny\u00e9ben.<!--more--><\/strong><\/p>\n<p>&#8222;Az elk\u00f6vetett terrorista mer\u00e9nyletekre nincs magyar\u00e1zat, a t\u00f6rt\u00e9ntek ism\u00e9telten r\u00e1mutattak a b\u00e9k\u00e9t \u00e9s a biztons\u00e1got vil\u00e1gszerte fenyeget\u0151 terrorizmus elleni k\u00fczdelem ter\u00e9n folytatott szoros nemzetk\u00f6zi \u00f6sszefog\u00e1s sz\u00fcks\u00e9gess\u00e9g\u00e9re&#8221; &#8211; \u00edrt\u00e1k.<br \/>\nA K\u00fcl\u00fcgyminiszt\u00e9rium egy\u00fctt\u00e9rz\u00e9s\u00e9t fejezte ki az \u00e1ldozatok hozz\u00e1tartoz\u00f3inak. Emellett kiemelte, hogy &#8222;Magyarorsz\u00e1g el\u00edt\u00e9li a terrorizmus valamennyi form\u00e1j\u00e1t, \u00e9s messzemen\u0151kig elk\u00f6telezett az emberi \u00e9let \u00e9s a nemzetk\u00f6zi b\u00e9ke v\u00e9delme mellett&#8221;.<br \/>\nA d\u00e9l-oroszorsz\u00e1gi v\u00e1rosban vas\u00e1rnap \u00f6ngyilkos mer\u00e9nyl\u0151 hajtott v\u00e9gre mer\u00e9nyletet a k\u00f6zponti p\u00e1lyaudvaron. A hal\u00e1los \u00e1ldozatok sz\u00e1ma az \u00e9jszaka folyam\u00e1n 17-re emelkedett. A robban\u00f3szerkezet ereje t\u00edz kilogramm trotil\u00e9t is meghaladta. A vas\u00e1rnapi volt k\u00e9t h\u00f3napon bel\u00fcl a m\u00e1sodik \u00f6ngyilkos mer\u00e9nylet Volgogr\u00e1dban. H\u00e9tf\u0151 reggel \u00fajabb robban\u00e1s t\u00f6rt\u00e9nt Volgogr\u00e1dban, ez\u00fattal egy trolibuszon, egy piac k\u00f6zel\u00e9ben. Ennek az esetnek legal\u00e1bb tizenn\u00e9gy halottja \u00e9s 28 sebes\u00fcltje van. A hat\u00f3s\u00e1gok gyan\u00faja szerint mindk\u00e9t robbant\u00e1st \u00f6ngyilkos mer\u00e9nyl\u0151 hajtotta v\u00e9gre.(MTI)<\/p>\n","protected":false},"excerpt":{"rendered":"<p>Magyarorsz\u00e1g m\u00e9lys\u00e9gesen el\u00edt\u00e9li az oroszorsz\u00e1gi Volgogr\u00e1d v\u00e1ros\u00e1ban vas\u00e1rnap \u00e9s h\u00e9tf\u0151n elk\u00f6vetett s\u00falyos terrorista mer\u00e9nyleteket, amelyek sz\u00e1mos hal\u00e1los \u00e1ldozatot k\u00f6veteltek \u00e9s t\u00f6bb tucat ember sebes\u00fcl\u00e9s\u00e9t okozt\u00e1k &#8211; hangs\u00falyozta a K\u00fcl\u00fcgyminiszt\u00e9rium az MTI-hez h\u00e9tf\u0151 d\u00e9lel\u0151tt eljuttatott k\u00f6zlem\u00e9ny\u00e9ben.<\/p>\n","protected":false},"author":1,"featured_media":0,"comment_status":"open","ping_status":"closed","sticky":false,"template":"","format":"standard","meta":[],"categories":[18],"tags":[],"_links":{"self":[{"href":"https:\/\/gazdasagportal.hu\/index.php\/wp-json\/wp\/v2\/posts\/24098"}],"collection":[{"href":"https:\/\/gazdasagportal.hu\/index.php\/wp-json\/wp\/v2\/posts"}],"about":[{"href":"https:\/\/gazdasagportal.hu\/index.php\/wp-json\/wp\/v2\/types\/post"}],"author":[{"embeddable":true,"href":"https:\/\/gazdasagportal.hu\/index.php\/wp-json\/wp\/v2\/users\/1"}],"replies":[{"embeddable":true,"href":"https:\/\/gazdasagportal.hu\/index.php\/wp-json\/wp\/v2\/comments?post=24098"}],"version-history":[{"count":1,"href":"https:\/\/gazdasagportal.hu\/index.php\/wp-json\/wp\/v2\/posts\/24098\/revisions"}],"predecessor-version":[{"id":24099,"href":"https:\/\/gazdasagportal.hu\/index.php\/wp-json\/wp\/v2\/posts\/24098\/revisions\/24099"}],"wp:attachment":[{"href":"https:\/\/gazdasagportal.hu\/index.php\/wp-json\/wp\/v2\/media?parent=24098"}],"wp:term":[{"taxonomy":"category","embeddable":true,"href":"https:\/\/gazdasagportal.hu\/index.php\/wp-json\/wp\/v2\/categories?post=24098"},{"taxonomy":"post_tag","embeddable":true,"href":"https:\/\/gazdasagportal.hu\/index.php\/wp-json\/wp\/v2\/tags?post=24098"}],"curies":[{"name":"wp","href":"https:\/\/api.w.org\/{rel}","templated":true}]}}