{"id":24096,"date":"2013-12-30T11:19:57","date_gmt":"2013-12-30T10:19:57","guid":{"rendered":"http:\/\/stockportal.hu\/?p=24096"},"modified":"2013-12-30T11:19:57","modified_gmt":"2013-12-30T10:19:57","slug":"januartol-emelkedik-a-kozfoglalkoztatottak-bere","status":"publish","type":"post","link":"https:\/\/gazdasagportal.hu\/index.php\/januartol-emelkedik-a-kozfoglalkoztatottak-bere\/","title":{"rendered":"Janu\u00e1rt\u00f3l emelkedik a k\u00f6zfoglalkoztatottak b\u00e9re"},"content":{"rendered":"<p><strong>A k\u00f6zfoglalkoztat\u00e1si b\u00e9r az alap- a szakk\u00e9pzett \u00e9s a munkavezet\u0151 kateg\u00f3ri\u00e1kban egyar\u00e1nt 2,4 sz\u00e1zal\u00e9kkal emelkedik janu\u00e1r 1-t\u0151l &#8211; az err\u0151l sz\u00f3l\u00f3 korm\u00e1nyrendelet a legut\u00f3bbi Magyar K\u00f6zl\u00f6nyben jelent meg.<!--more--><\/strong><\/p>\n<p>A teljes munkaid\u0151ben foglalkoztatott k\u00f6zfoglalkoztatott havi b\u00e9re janu\u00e1r 1-t\u0151l 75 500 forintr\u00f3l 77 300 forintra emelkedik.<br \/>\nA legal\u00e1bb k\u00f6z\u00e9pfok\u00fa iskolai v\u00e9gzetts\u00e9get \u00e9s szakk\u00e9pes\u00edt\u00e9st ig\u00e9nyl\u0151 munkak\u00f6r bet\u00f6lt\u00e9se eset\u00e9n 96 800 forintr\u00f3l 99 100 forintra emelkedik a havib\u00e9r. A munkavezet\u0151kn\u00e9l pedig 83 050 forintr\u00f3l n\u0151 85 050 forintra.<br \/>\nTeljes\u00edtm\u00e9nyb\u00e9rez\u00e9sn\u00e9l a teljes\u00edtm\u00e9nyk\u00f6vetelm\u00e9nyek sz\u00e1zsz\u00e1zal\u00e9kos \u00e9s a teljes munkaid\u0151 teljes\u00edt\u00e9se eset\u00e9n a k\u00f6zfoglalkoztat\u00e1si b\u00e9r k\u00f6telez\u0151, legkisebb \u00f6sszeg janu\u00e1r 1-j\u00e9t\u0151l havi 85 050 forint, m\u00edg a k\u00f6zfoglalkoztat\u00e1si garant\u00e1lt b\u00e9r k\u00f6telez\u0151, legkisebb \u00f6sszege havi 109 040 forint. Az emelked\u00e9s itt is 2,4 sz\u00e1zal\u00e9kos.<br \/>\nAz \u00faj tarif\u00e1kat els\u0151 alkalommal a 2014. janu\u00e1r h\u00f3napra j\u00e1r\u00f3 k\u00f6zfoglalkoztat\u00e1si b\u00e9r \u00e9s k\u00f6zfoglalkoztat\u00e1si garant\u00e1lt b\u00e9r meg\u00e1llap\u00edt\u00e1s\u00e1n\u00e1l kell alkalmazni.<br \/>\nCzomba S\u00e1ndor a Nemzetgazdas\u00e1gi Miniszt\u00e9rium (NGM) foglalkoztat\u00e1s\u00e9rt felel\u0151s \u00e1llamtitk\u00e1ra kor\u00e1bban elmondta, hogy a j\u00f6v\u0151 \u00e9vi infl\u00e1ci\u00f3val megegyez\u0151 b\u00e9remel\u00e9s forr\u00e1sig\u00e9nye 4,4 milli\u00e1rd forint, amely szerepel a\u00a0\u00a0k\u00f6lts\u00e9gvet\u00e9sben, a k\u00f6zfoglalkoztat\u00e1s finansz\u00edroz\u00e1s\u00e1ra rendelt 184 milli\u00e1rd forint r\u00e9szek\u00e9nt.(MTI)<\/p>\n","protected":false},"excerpt":{"rendered":"<p>A k\u00f6zfoglalkoztat\u00e1si b\u00e9r az alap- a szakk\u00e9pzett \u00e9s a munkavezet\u0151 kateg\u00f3ri\u00e1kban egyar\u00e1nt 2,4 sz\u00e1zal\u00e9kkal emelkedik janu\u00e1r 1-t\u0151l &#8211; az err\u0151l sz\u00f3l\u00f3 korm\u00e1nyrendelet a legut\u00f3bbi Magyar K\u00f6zl\u00f6nyben jelent meg.<\/p>\n","protected":false},"author":1,"featured_media":0,"comment_status":"open","ping_status":"closed","sticky":false,"template":"","format":"standard","meta":[],"categories":[19],"tags":[],"_links":{"self":[{"href":"https:\/\/gazdasagportal.hu\/index.php\/wp-json\/wp\/v2\/posts\/24096"}],"collection":[{"href":"https:\/\/gazdasagportal.hu\/index.php\/wp-json\/wp\/v2\/posts"}],"about":[{"href":"https:\/\/gazdasagportal.hu\/index.php\/wp-json\/wp\/v2\/types\/post"}],"author":[{"embeddable":true,"href":"https:\/\/gazdasagportal.hu\/index.php\/wp-json\/wp\/v2\/users\/1"}],"replies":[{"embeddable":true,"href":"https:\/\/gazdasagportal.hu\/index.php\/wp-json\/wp\/v2\/comments?post=24096"}],"version-history":[{"count":1,"href":"https:\/\/gazdasagportal.hu\/index.php\/wp-json\/wp\/v2\/posts\/24096\/revisions"}],"predecessor-version":[{"id":24097,"href":"https:\/\/gazdasagportal.hu\/index.php\/wp-json\/wp\/v2\/posts\/24096\/revisions\/24097"}],"wp:attachment":[{"href":"https:\/\/gazdasagportal.hu\/index.php\/wp-json\/wp\/v2\/media?parent=24096"}],"wp:term":[{"taxonomy":"category","embeddable":true,"href":"https:\/\/gazdasagportal.hu\/index.php\/wp-json\/wp\/v2\/categories?post=24096"},{"taxonomy":"post_tag","embeddable":true,"href":"https:\/\/gazdasagportal.hu\/index.php\/wp-json\/wp\/v2\/tags?post=24096"}],"curies":[{"name":"wp","href":"https:\/\/api.w.org\/{rel}","templated":true}]}}