{"id":24094,"date":"2013-12-30T11:00:28","date_gmt":"2013-12-30T10:00:28","guid":{"rendered":"http:\/\/stockportal.hu\/?p=24094"},"modified":"2013-12-30T11:00:28","modified_gmt":"2013-12-30T10:00:28","slug":"jogszeru-a-rendkivul-magas-75-szazalekos-francia-ado","status":"publish","type":"post","link":"https:\/\/gazdasagportal.hu\/index.php\/jogszeru-a-rendkivul-magas-75-szazalekos-francia-ado\/","title":{"rendered":"Jogszer\u0171 a rendk\u00edv\u00fcl magas, 75 sz\u00e1zal\u00e9kos francia ad\u00f3"},"content":{"rendered":"<p><strong>A francia alkotm\u00e1nytan\u00e1cs jogszer\u0171nek tal\u00e1lta az \u00e9vi egymilli\u00f3 eur\u00f3 feletti keresetekre vonatkoz\u00f3, \u00f6sszess\u00e9g\u00e9ben 75 sz\u00e1zal\u00e9kos ad\u00f3t eredm\u00e9nyez\u0151 t\u00f6rv\u00e9nyt. Az ad\u00f3 els\u0151 form\u00e1ja az alkotm\u00e1nytan\u00e1cs szerint nem volt alkotm\u00e1nyos, de a mostani \u00e1tdolgozott v\u00e1ltozat m\u00e1r elfogadhat\u00f3 &#8211; \u00edrta az angol Financial Times \u00fczleti napilap.<!--more--><\/strong><\/p>\n<p>Vas\u00e1rnap megjelent k\u00f6zlem\u00e9ny\u00e9ben az alkotm\u00e1nytan\u00e1cs k\u00f6z\u00f6lte, hogy a Francois Hollande \u00e1llamf\u0151 \u00e1ltal t\u00e1mogatott m\u00f3dos\u00edtott ad\u00f3 &#8222;\u00f6sszhangban van az alkotm\u00e1nnyal&#8221;. Az elutas\u00edtott els\u0151 verzi\u00f3ban az ad\u00f3t k\u00f6zvetlen\u00fcl mag\u00e1nszem\u00e9lyek fizett\u00e9k volna, de az \u00e1tdolgoz\u00e1s szerint m\u00e1r a munk\u00e1ltat\u00f3kat terheli.<br \/>\nA t\u00f6rv\u00e9ny szerint az egymilli\u00f3 eur\u00f3 f\u00f6l\u00f6tti fizet\u00e9sekre 50 sz\u00e1zal\u00e9kos ad\u00f3t kell kivetni, de egy\u00e9b ad\u00f3k \u00e9s j\u00e1rul\u00e9kok miatt a t\u00e9nyleges ad\u00f3 75 sz\u00e1zal\u00e9kos lesz. Az ad\u00f3t a c\u00e9gek bev\u00e9tel\u00e9nek 5 sz\u00e1zal\u00e9k\u00e1ban maximaliz\u00e1lj\u00e1k, \u00e9s az idei, valamint a 2014-es \u00e9vben keletkezett fizet\u00e9sekre vonatkozik, miel\u0151tt megsz\u00fcntetik 2015-ben.<br \/>\nA Financial Times szerint az ad\u00f3 ink\u00e1bb politikai gesztus, amellyel azt akarj\u00e1k hangs\u00falyozni, hogy a gazdagok is kiveszik r\u00e9sz\u00fcket a 2008-as gazdas\u00e1gi v\u00e1ls\u00e1gb\u00f3l val\u00f3 kil\u00e1bal\u00e1sb\u00f3l. A m\u00f3dos\u00edtott ad\u00f3 csak p\u00e1r sz\u00e1z milli\u00f3 eur\u00f3 extra bev\u00e9telt hoz a k\u00f6lts\u00e9gvet\u00e9snek, \u00e9s legink\u00e1bb a magas fizet\u00e9s\u0171 j\u00e1t\u00e9kosokat foglalkoztat\u00f3 futballklubokat \u00e9rinti majd.<br \/>\nA magasabb ad\u00f3 bevezet\u00e9se ellen t\u00f6bb \u00fczletember is tiltakozott, s\u0151t, t\u00f6bben el is hagyt\u00e1k emiatt Franciaorsz\u00e1got. A korm\u00e1ny viszont hangs\u00falyozta, hogy nem volt jelent\u0151s ad\u00f3emel\u00e9s, mi\u00f3ta hatalomra ker\u00fclt, \u00e9s Hollande eln\u00f6k k\u00fcl\u00f6n \u00edg\u00e9retet is tett, hogy 2015-t\u0151l egy\u00e1ltal\u00e1n nem lesznek ad\u00f3emel\u00e9sek.<br \/>\nA Fiancial Times szerint a v\u00e1laszt\u00e1si kamp\u00e1ny\u00e1ban ad\u00f3emel\u00e9st \u00edg\u00e9r\u0151 Francois Hollande n\u00e9pszer\u0171s\u00e9gi mutat\u00f3ja rendk\u00edv\u00fcl alacsony. Franciaorsz\u00e1gban az ad\u00f3terhek el\u00e9rik a brutt\u00f3 hazai \u00f6sszterm\u00e9k 46 sz\u00e1zal\u00e9k\u00e1t, amely az egyik legmagasabb ar\u00e1ny a fejlett gazdas\u00e1gok k\u00f6z\u00f6tt. A magas ad\u00f3kat megel\u00e9gel\u0151 franci\u00e1k kedv\u00e9t tov\u00e1bb rontja, hogy az okt\u00f3beri cs\u00f6kken\u00e9s ut\u00e1n mostanra 3,29 milli\u00f3ra emelkedett a munkan\u00e9lk\u00fcliek sz\u00e1ma.(MTI)<\/p>\n","protected":false},"excerpt":{"rendered":"<p>A francia alkotm\u00e1nytan\u00e1cs jogszer\u0171nek tal\u00e1lta az \u00e9vi egymilli\u00f3 eur\u00f3 feletti keresetekre vonatkoz\u00f3, \u00f6sszess\u00e9g\u00e9ben 75 sz\u00e1zal\u00e9kos ad\u00f3t eredm\u00e9nyez\u0151 t\u00f6rv\u00e9nyt. Az ad\u00f3 els\u0151 form\u00e1ja az alkotm\u00e1nytan\u00e1cs szerint nem volt alkotm\u00e1nyos, de a mostani \u00e1tdolgozott v\u00e1ltozat m\u00e1r elfogadhat\u00f3 &#8211; \u00edrta az angol Financial Times \u00fczleti napilap.<\/p>\n","protected":false},"author":1,"featured_media":0,"comment_status":"open","ping_status":"closed","sticky":false,"template":"","format":"standard","meta":[],"categories":[12],"tags":[],"_links":{"self":[{"href":"https:\/\/gazdasagportal.hu\/index.php\/wp-json\/wp\/v2\/posts\/24094"}],"collection":[{"href":"https:\/\/gazdasagportal.hu\/index.php\/wp-json\/wp\/v2\/posts"}],"about":[{"href":"https:\/\/gazdasagportal.hu\/index.php\/wp-json\/wp\/v2\/types\/post"}],"author":[{"embeddable":true,"href":"https:\/\/gazdasagportal.hu\/index.php\/wp-json\/wp\/v2\/users\/1"}],"replies":[{"embeddable":true,"href":"https:\/\/gazdasagportal.hu\/index.php\/wp-json\/wp\/v2\/comments?post=24094"}],"version-history":[{"count":1,"href":"https:\/\/gazdasagportal.hu\/index.php\/wp-json\/wp\/v2\/posts\/24094\/revisions"}],"predecessor-version":[{"id":24095,"href":"https:\/\/gazdasagportal.hu\/index.php\/wp-json\/wp\/v2\/posts\/24094\/revisions\/24095"}],"wp:attachment":[{"href":"https:\/\/gazdasagportal.hu\/index.php\/wp-json\/wp\/v2\/media?parent=24094"}],"wp:term":[{"taxonomy":"category","embeddable":true,"href":"https:\/\/gazdasagportal.hu\/index.php\/wp-json\/wp\/v2\/categories?post=24094"},{"taxonomy":"post_tag","embeddable":true,"href":"https:\/\/gazdasagportal.hu\/index.php\/wp-json\/wp\/v2\/tags?post=24094"}],"curies":[{"name":"wp","href":"https:\/\/api.w.org\/{rel}","templated":true}]}}