{"id":2408,"date":"2013-02-08T07:37:10","date_gmt":"2013-02-08T06:37:10","guid":{"rendered":"http:\/\/stockportal.hu\/?p=2408"},"modified":"2013-02-08T07:37:10","modified_gmt":"2013-02-08T06:37:10","slug":"eu-csucs-ujabb-rovid-szunetet-tartanak-a-brusszeli-csucstalalkozon","status":"publish","type":"post","link":"https:\/\/gazdasagportal.hu\/index.php\/eu-csucs-ujabb-rovid-szunetet-tartanak-a-brusszeli-csucstalalkozon\/","title":{"rendered":"EU-cs\u00facs &#8211; \u00dajabb r\u00f6vid sz\u00fcnetet tartanak a br\u00fcsszeli cs\u00facstal\u00e1lkoz\u00f3n"},"content":{"rendered":"<p><strong>\u00dajabb r\u00f6vid sz\u00fcnetet tartanak az Eur\u00f3pai Uni\u00f3 \u00e1llam- \u00e9s korm\u00e1nyf\u0151inek cs\u00facstal\u00e1lkoz\u00f3j\u00e1n &#8211; jelentette be p\u00e9ntek hajnalban egy n\u00e9pszer\u0171 mikroblogoldalon kereszt\u00fcl Herman Van Rompuy, az Eur\u00f3pai Tan\u00e1cs eln\u00f6ke.\u00a0&#8222;\u00c1tdolgoztam a (keretk\u00f6lts\u00e9gvet\u00e9sre vonatkoz\u00f3) javaslatot. A plen\u00e1ris \u00fcl\u00e9s 6:30-kor folytat\u00f3dik a meg\u00e1llapod\u00e1s \u00e9rdek\u00e9ben&#8221; &#8211; tudatta a belga politikus<!--more--><\/strong><\/p>\n<p>&#8222;\u00c1tdolgoztam a (keretk\u00f6lts\u00e9gvet\u00e9sre vonatkoz\u00f3) javaslatot. A plen\u00e1ris \u00fcl\u00e9s 6:30-kor folytat\u00f3dik a meg\u00e1llapod\u00e1s \u00e9rdek\u00e9ben&#8221; &#8211; tudatta a belga politikus. Van Rompuy az eredeti tervek szerint cs\u00fct\u00f6rt\u00f6k d\u00e9lut\u00e1n h\u00e1rom \u00f3rakor ismertette volna a tag\u00e1llamok vezet\u0151ivel az EU t\u00f6bb\u00e9ves p\u00e9nz\u00fcgyi keret\u00e9re (multiannual financial framework &#8211; MFF) vonatkoz\u00f3 javaslat\u00e1t, de a hivatalos javaslat csak 15 \u00f3r\u00e1val k\u00e9s\u0151bb k\u00e9sz\u00fclt el.<br \/>\n&#8222;K\u00e9sz a pap\u00edr! Ideje kidolgozni a r\u00e9szleteket&#8221; &#8211; k\u00f6z\u00f6lte a Twitteren kereszt\u00fcl Alexander Stubb, Finnorsz\u00e1g Eur\u00f3pa-\u00fcgyi minisztere az \u00faj tervezetr\u0151l besz\u00e9lve.<br \/>\nA hivatalos javaslatb\u00f3l kisziv\u00e1rgott inform\u00e1ci\u00f3k alapj\u00e1n a 2014 \u00e9s 2020 k\u00f6z\u00f6tti id\u0151szakra vonatkoz\u00f3 MFF 960 milli\u00e1rd eur\u00f3 uni\u00f3s k\u00f6telezetts\u00e9gv\u00e1llal\u00e1st \u00e9s k\u00f6r\u00fclbel\u00fcl 908 milli\u00e1rd eur\u00f3 t\u00e9nyleges kifizet\u00e9st tehet lehet\u0151v\u00e9. Ez a cs\u00facs el\u0151tt p\u00e1r nappal napvil\u00e1got l\u00e1tott sz\u00e1mokhoz k\u00e9pest k\u00f6r\u00fclbel\u00fcl 3 milli\u00e1rd eur\u00f3val t\u00f6bb k\u00f6telezetts\u00e9gv\u00e1llal\u00e1st \u00e9s 4 milli\u00e1rd eur\u00f3val kevesebb kifizet\u00e9st jelentene. Egyes \u00e9rtes\u00fcl\u00e9sek szerint a javaslat tov\u00e1bbi 12 milli\u00e1rdos mozg\u00e1steret enged\u00e9lyez a kifizet\u00e9sek ter\u00e9n, \u00edgy azok maxim\u00e1lis \u00e9rt\u00e9ke v\u00e9g\u00fcl majd a 920 milli\u00e1rd eur\u00f3t is megk\u00f6zel\u00edtheti.<br \/>\nUni\u00f3s forr\u00e1sok szerint Herman Van Rompuy legel\u0151sz\u00f6r ezekr\u0151l a f\u0151\u00f6sszegekr\u0151l akarja politikai meg\u00e1llapod\u00e1sra b\u00edrni a cs\u00facs r\u00e9sztvev\u0151it, hogy azut\u00e1n az adott kereten bel\u00fcl d\u00f6nts\u00e9k el, melyik k\u00f6lts\u00e9gvet\u00e9si fejezetre mekkora \u00f6sszeget ford\u00edtsanak, \u00e9s milyen r\u00e9szletszab\u00e1lyok alapj\u00e1n.<br \/>\nJelenleg lehetetlen megbecs\u00fclni, hogy ez a r\u00e9szletes alkufolyamat mennyi ideig tart majd. Azt sem lehet kiz\u00e1rni, hogy a t\u00e9nyleges meg\u00e1llapod\u00e1s a 2014 \u00e9s 2020 k\u00f6z\u00f6tti MFF-r\u0151l csak p\u00e9ntek est\u00e9re sz\u00fcletik meg. (MTI)<\/p>\n","protected":false},"excerpt":{"rendered":"<p>\u00dajabb r\u00f6vid sz\u00fcnetet tartanak az Eur\u00f3pai Uni\u00f3 \u00e1llam- \u00e9s korm\u00e1nyf\u0151inek cs\u00facstal\u00e1lkoz\u00f3j\u00e1n &#8211; jelentette be p\u00e9ntek hajnalban egy n\u00e9pszer\u0171 mikroblogoldalon kereszt\u00fcl Herman Van Rompuy, az Eur\u00f3pai Tan\u00e1cs eln\u00f6ke.\u00a0&#8222;\u00c1tdolgoztam a (keretk\u00f6lts\u00e9gvet\u00e9sre vonatkoz\u00f3) javaslatot. A plen\u00e1ris \u00fcl\u00e9s 6:30-kor folytat\u00f3dik a meg\u00e1llapod\u00e1s \u00e9rdek\u00e9ben&#8221; &#8211; tudatta a belga politikus<\/p>\n","protected":false},"author":1,"featured_media":0,"comment_status":"closed","ping_status":"closed","sticky":false,"template":"","format":"standard","meta":[],"categories":[12],"tags":[32],"_links":{"self":[{"href":"https:\/\/gazdasagportal.hu\/index.php\/wp-json\/wp\/v2\/posts\/2408"}],"collection":[{"href":"https:\/\/gazdasagportal.hu\/index.php\/wp-json\/wp\/v2\/posts"}],"about":[{"href":"https:\/\/gazdasagportal.hu\/index.php\/wp-json\/wp\/v2\/types\/post"}],"author":[{"embeddable":true,"href":"https:\/\/gazdasagportal.hu\/index.php\/wp-json\/wp\/v2\/users\/1"}],"replies":[{"embeddable":true,"href":"https:\/\/gazdasagportal.hu\/index.php\/wp-json\/wp\/v2\/comments?post=2408"}],"version-history":[{"count":2,"href":"https:\/\/gazdasagportal.hu\/index.php\/wp-json\/wp\/v2\/posts\/2408\/revisions"}],"predecessor-version":[{"id":2411,"href":"https:\/\/gazdasagportal.hu\/index.php\/wp-json\/wp\/v2\/posts\/2408\/revisions\/2411"}],"wp:attachment":[{"href":"https:\/\/gazdasagportal.hu\/index.php\/wp-json\/wp\/v2\/media?parent=2408"}],"wp:term":[{"taxonomy":"category","embeddable":true,"href":"https:\/\/gazdasagportal.hu\/index.php\/wp-json\/wp\/v2\/categories?post=2408"},{"taxonomy":"post_tag","embeddable":true,"href":"https:\/\/gazdasagportal.hu\/index.php\/wp-json\/wp\/v2\/tags?post=2408"}],"curies":[{"name":"wp","href":"https:\/\/api.w.org\/{rel}","templated":true}]}}