{"id":2402,"date":"2013-02-08T07:28:41","date_gmt":"2013-02-08T06:28:41","guid":{"rendered":"http:\/\/stockportal.hu\/?p=2402"},"modified":"2013-02-08T07:28:41","modified_gmt":"2013-02-08T06:28:41","slug":"coface-meg-nem-ert-veget-a-valsag-az-europai-vallalatok-szamara","status":"publish","type":"post","link":"https:\/\/gazdasagportal.hu\/index.php\/coface-meg-nem-ert-veget-a-valsag-az-europai-vallalatok-szamara\/","title":{"rendered":"Coface: m\u00e9g nem \u00e9rt v\u00e9get a v\u00e1ls\u00e1g az eur\u00f3pai v\u00e1llalatok sz\u00e1m\u00e1ra"},"content":{"rendered":"<p><strong>Tov\u00e1bbra is recesszi\u00f3ban marad az eur\u00f3\u00f6vezet a m\u00ednusz 0,1 sz\u00e1zal\u00e9kos gazdas\u00e1gi teljes\u00edtm\u00e9ny mellett, mivel D\u00e9l-Eur\u00f3p\u00e1ban v\u00e1ltozatlanul zsugorodnak a gazdas\u00e1gok &#8211; \u00e1llap\u00edtja meg a Coface az MTI-hez eljuttatott leg\u00fajabb orsz\u00e1gkock\u00e1zati el\u0151rejelz\u00e9s\u00e9ben.<!--more--><\/strong><\/p>\n<p>A Coface el\u0151rejelz\u00e9se alapj\u00e1n a Nyugat-Eur\u00f3p\u00e1ban tapasztalt keresletcs\u00f6kken\u00e9st\u0151l er\u0151sen f\u00fcgg\u0151 Csehorsz\u00e1g \u00e9s Szlov\u00e9nia A3 besorol\u00e1sa negat\u00edv figyel\u0151list\u00e1ra ker\u00fclt, m\u00edg Lengyelorsz\u00e1g eset\u00e9ben a gazdas\u00e1gi tev\u00e9kenys\u00e9gben tapasztalhat\u00f3 visszaes\u00e9s \u00e9s az \u00e9p\u00edt\u0151ipar t\u00f6r\u00e9kenys\u00e9ge vet\u00edti el\u0151re a lemin\u0151s\u00edt\u00e9s lehet\u0151s\u00e9g\u00e9t,\u00a0\u00a0Magyarorsz\u00e1g kock\u00e1zati besorol\u00e1sa v\u00e1ltozatlanul B maradt.<br \/>\nA Coface \u00f3vatos el\u0151rejelz\u00e9st adott ki a vil\u00e1ggazdas\u00e1g 2013. \u00e9vi teljes\u00edtm\u00e9ny\u00e9re vonatkoz\u00f3an a vil\u00e1g minden r\u00e9sz\u00e9re kiterjed\u0151 v\u00e1llalati kapcsolatai alapj\u00e1n.<br \/>\nA vil\u00e1g egyik vezet\u0151 hitelbiztos\u00edt\u00f3ja szerint az \u00e1llami \u00e9s a mag\u00e1nszf\u00e9ra elad\u00f3sodotts\u00e1g\u00e1nak m\u00e9rt\u00e9ke m\u00e9g mindig a fejlett orsz\u00e1gok talpra \u00e1ll\u00e1s\u00e1nak akad\u00e1lya. Emellett a lakoss\u00e1gi \u00e9s v\u00e1llalati bizalom sem \u00e1llt helyre a munkaer\u0151-piaci helyzet roml\u00e1sa \u00e9s az eur\u00f3pai int\u00e9zm\u00e9nyi reform befejezetlens\u00e9ge k\u00f6vetkezt\u00e9ben.<br \/>\nA hitelbiztos\u00edt\u00f3 el\u0151rejelz\u00e9se szerint az Egyes\u00fclt \u00c1llamok k\u00f6lts\u00e9gvet\u00e9si politik\u00e1j\u00e1nak \u00e1tl\u00e1thatatlans\u00e1ga az amerikai gazdas\u00e1g n\u00f6veked\u00e9s\u00e9re is hat\u00e1ssal lehet, itt a gazdas\u00e1gi n\u00f6veked\u00e9s plusz 1,5 sz\u00e1zal\u00e9kra lassul, mik\u00f6zben a felt\u00f6rekv\u0151 orsz\u00e1gok plusz 5,2 sz\u00e1zal\u00e9kos, eg\u00e9szs\u00e9ges \u00e9s fenntarthat\u00f3 gazdas\u00e1gi n\u00f6veked\u00e9s el\u00e9 n\u00e9znek.<br \/>\nA Coface el\u0151rejelz\u00e9se szerint az eur\u00f3\u00f6vezet tov\u00e1bbra is recesszi\u00f3ban marad, az egyes orsz\u00e1gokra vonatkoz\u00f3 \u00e9rt\u00e9kel\u00e9seiben Olaszorsz\u00e1got \u00e9s Spanyolorsz\u00e1got egy \u00e9ven bel\u00fcl m\u00e1sodszor min\u0151s\u00edtette le a c\u00e9g, Jap\u00e1n A1 besorol\u00e1sa pedig lemin\u0151s\u00edt\u00e9st val\u00f3sz\u00edn\u0171s\u00edt\u0151 figyel\u0151list\u00e1ra ker\u00fclt az export &#8211; k\u00fcl\u00f6n\u00f6sen a K\u00edna ir\u00e1ny\u00e1ba t\u00f6rt\u00e9n\u0151 kivitel &#8211; visszaes\u00e9se miatt.<br \/>\nAz \u00e1zsiai orsz\u00e1gok k\u00f6z\u00fcl a Coface felmin\u0151s\u00edtette Indon\u00e9zi\u00e1t, hiszen az \u00e1zsiai \u00e1llam gazdas\u00e1ga figyelemrem\u00e9lt\u00f3 m\u00f3don ellen\u00e1ll\u00f3 maradt az eur\u00f3pai v\u00e1ls\u00e1ggal szemben. Ellenp\u00e9ldak\u00e9nt hozhat\u00f3 fel India, amelynek besorol\u00e1sa A4-re romlott, \u00e9s az indiai modell is\u00a0\u00a0megk\u00e9rd\u0151jelezhet\u0151v\u00e9 v\u00e1lt a Coface szak\u00e9rt\u0151i szerint.<br \/>\nA hitelbiztos\u00edt\u00f3 k\u00f6zlem\u00e9nye alapj\u00e1n Jean-Marc Pillu, a Coface Group vez\u00e9rigazgat\u00f3ja \u00fagy v\u00e9lekedett: &#8222;2013-ban az eur\u00f3z\u00f3na gazdas\u00e1gi aktivit\u00e1sa tov\u00e1bb cs\u00f6kken. A visszafogott fogyaszt\u00e1s, a k\u00f6lts\u00e9gvet\u00e9si megszor\u00edt\u00e1sok, a munkaer\u0151piac visszaes\u00e9se, a 2009-es v\u00e1ls\u00e1g \u00e1ltal pr\u00f3bat\u00e9tel el\u00e9 \u00e1ll\u00edtott v\u00e1llalatokkal sz\u00e1mos esetben s\u00falyos fizet\u00e9sk\u00e9ptelens\u00e9ghez vezetett. A p\u00e9nz\u00fcgyi v\u00e1ls\u00e1g megold\u00e1sa m\u00e1r elindult, \u00e1m a re\u00e1lgazdas\u00e1g v\u00e1ls\u00e1ga, amit a v\u00e1llalati szf\u00e9ra t\u00f6r\u00e9kenys\u00e9ge jelez, nem \u00e9r v\u00e9get 2013-ban&#8221;.<br \/>\nA Coface elemz\u00e9se alapj\u00e1n az eur\u00f3pai v\u00e1llalatok sz\u00e1m\u00e1ra annak ellen\u00e9re riaszt\u00f3 a helyzet, hogy a rendszerszint\u0171 v\u00e1ls\u00e1g vesz\u00e9lye cs\u00f6kkent a f\u00f6ldr\u00e9szen, \u00e9s D\u00e9l-Eur\u00f3p\u00e1ban rem\u00e9nyre okot ad\u00f3 m\u00e9rt\u00e9kben t\u00e9rt mag\u00e1hoz az export. Az eur\u00f3pai int\u00e9zm\u00e9nyrendszer reformj\u00e1nak el\u00e9gtelen m\u00e9rt\u00e9k\u0171 el\u0151rehalad\u00e1sa, a munkaer\u0151piac gyors visszaes\u00e9se, valamint az \u00e1llami- \u00e9s mag\u00e1nszf\u00e9ra ad\u00f3ss\u00e1g\u00e1nak m\u00e9rt\u00e9ke &#8222;elsz\u00edvja a re\u00e1lgazdas\u00e1gi szerepl\u0151k bizalm\u00e1t&#8221;.<br \/>\nAz el\u0151rejelz\u00e9s szerint\u00a0\u00a0amellett, hogy a fejlett orsz\u00e1gokban a kock\u00e1zatok 2008 \u00f3ta meg\u00e1ll\u00e1s n\u00e9lk\u00fcl emelkednek, a felt\u00f6rekv\u0151 orsz\u00e1gokban a v\u00e1llalati kock\u00e1zatok fokozatos javul\u00e1sa \u00e9szlelhet\u0151 tov\u00e1bbra is. A Coface v\u00e9lem\u00e9nye szerint a kock\u00e1zatok \u00faj rendszere annak tulajdon\u00edthat\u00f3, hogy a felt\u00f6rekv\u0151 orsz\u00e1gok a k\u00fcls\u0151 v\u00e1ls\u00e1gokkal szemben nagyobb fok\u00fa ellen\u00e1ll\u00f3k\u00e9pess\u00e9get tan\u00fas\u00edtanak, mivel k\u00f6nnyebben reag\u00e1l\u00f3, egyszersmind prudens gazdas\u00e1gpolitik\u00e1t folytatnak.<br \/>\nA Coface ennek megfelel\u0151en B-re jav\u00edtotta Indon\u00e9zia oszt\u00e1lyzat\u00e1t, a F\u00fcl\u00f6p-szigetek szint\u00e9n B besorol\u00e1s\u00e1t pedig a felmin\u0151s\u00edt\u00e9st val\u00f3sz\u00edn\u0171s\u00edt\u0151 figyel\u0151list\u00e1ra tette. Ennek ellen\u00e9re a Coface tov\u00e1bbra is arra figyelmezteti a v\u00e1llalatokat, hogy a felt\u00f6rekv\u0151 orsz\u00e1gokban sz\u0171nni nem akar\u00f3 kock\u00e1zatok is akadnak. P\u00e9ld\u00e1ul tov\u00e1bbra is fenn\u00e1llnak politikai \u00e9s t\u00e1rsadalmi fesz\u00fclts\u00e9gek, \u00e9s a korm\u00e1nyz\u00e1sban is tal\u00e1lhat\u00f3k hi\u00e1nyoss\u00e1gok.<br \/>\nA Nyugat-Eur\u00f3p\u00e1ban tapasztalt keresletcs\u00f6kken\u00e9st\u0151l er\u0151sen f\u00fcgg\u0151 Csehorsz\u00e1g \u00e9s Szlov\u00e9nia eset\u00e9ben az A3 besorol\u00e1s negat\u00edv figyel\u0151list\u00e1ra ker\u00fclt. Lengyelorsz\u00e1g kev\u00e9sb\u00e9 nyitott gazdas\u00e1g\u00e1t is meg\u00e9rintette m\u00e1r az Eur\u00f3p\u00e1ban tapasztalhat\u00f3 recesszi\u00f3, a gazdas\u00e1gi tev\u00e9kenys\u00e9gben tapasztalhat\u00f3 visszaes\u00e9s \u00e9s az \u00e9p\u00edt\u0151ipar t\u00f6r\u00e9keny volta miatt az orsz\u00e1g A3-as besorol\u00e1sa negat\u00edv figyel\u0151list\u00e1ra ker\u00fclt.<br \/>\nRom\u00e1ni\u00e1hoz \u00e9s Bulg\u00e1ri\u00e1hoz hasonl\u00f3an Magyarorsz\u00e1g besorol\u00e1sa v\u00e1ltozatlanul B, ami azt jelenti, hogy a v\u00e1llalatok nem fizet\u00e9se m\u00e1r \u00e9rz\u00e9kelhet\u0151 szint\u0171 kock\u00e1zatot jelent a gazdas\u00e1g eg\u00e9sze sz\u00e1m\u00e1ra &#8211; olvashat\u00f3 a Coface el\u0151rejelz\u00e9s\u00e9ben.<br \/>\nA Coface Group, a vil\u00e1g vezet\u0151 hitelbiztos\u00edt\u00e1si int\u00e9zete a vil\u00e1g minden r\u00e9sz\u00e9ben k\u00edn\u00e1l olyan megold\u00e1sokat, amelyek seg\u00edts\u00e9g\u00e9vel a v\u00e1llalatok bebiztos\u00edthatj\u00e1k magukat \u00fcgyfeleik p\u00e9nz\u00fcgyi nemteljes\u00edt\u00e9se eset\u00e9re ak\u00e1r belf\u00f6ldi, ak\u00e1r exportpiacaikon. 2011-ben a Coface Group 1,6 milli\u00e1rd eur\u00f3 konszolid\u00e1lt \u00e1rbev\u00e9telt \u00e9rt el. (MTI)<\/p>\n","protected":false},"excerpt":{"rendered":"<p>Tov\u00e1bbra is recesszi\u00f3ban marad az eur\u00f3\u00f6vezet a m\u00ednusz 0,1 sz\u00e1zal\u00e9kos gazdas\u00e1gi teljes\u00edtm\u00e9ny mellett, mivel D\u00e9l-Eur\u00f3p\u00e1ban v\u00e1ltozatlanul zsugorodnak a gazdas\u00e1gok &#8211; \u00e1llap\u00edtja meg a Coface az MTI-hez eljuttatott leg\u00fajabb orsz\u00e1gkock\u00e1zati el\u0151rejelz\u00e9s\u00e9ben.<\/p>\n","protected":false},"author":1,"featured_media":0,"comment_status":"closed","ping_status":"closed","sticky":false,"template":"","format":"standard","meta":[],"categories":[12],"tags":[],"_links":{"self":[{"href":"https:\/\/gazdasagportal.hu\/index.php\/wp-json\/wp\/v2\/posts\/2402"}],"collection":[{"href":"https:\/\/gazdasagportal.hu\/index.php\/wp-json\/wp\/v2\/posts"}],"about":[{"href":"https:\/\/gazdasagportal.hu\/index.php\/wp-json\/wp\/v2\/types\/post"}],"author":[{"embeddable":true,"href":"https:\/\/gazdasagportal.hu\/index.php\/wp-json\/wp\/v2\/users\/1"}],"replies":[{"embeddable":true,"href":"https:\/\/gazdasagportal.hu\/index.php\/wp-json\/wp\/v2\/comments?post=2402"}],"version-history":[{"count":1,"href":"https:\/\/gazdasagportal.hu\/index.php\/wp-json\/wp\/v2\/posts\/2402\/revisions"}],"predecessor-version":[{"id":2403,"href":"https:\/\/gazdasagportal.hu\/index.php\/wp-json\/wp\/v2\/posts\/2402\/revisions\/2403"}],"wp:attachment":[{"href":"https:\/\/gazdasagportal.hu\/index.php\/wp-json\/wp\/v2\/media?parent=2402"}],"wp:term":[{"taxonomy":"category","embeddable":true,"href":"https:\/\/gazdasagportal.hu\/index.php\/wp-json\/wp\/v2\/categories?post=2402"},{"taxonomy":"post_tag","embeddable":true,"href":"https:\/\/gazdasagportal.hu\/index.php\/wp-json\/wp\/v2\/tags?post=2402"}],"curies":[{"name":"wp","href":"https:\/\/api.w.org\/{rel}","templated":true}]}}