{"id":23987,"date":"2013-12-26T16:51:09","date_gmt":"2013-12-26T15:51:09","guid":{"rendered":"http:\/\/stockportal.hu\/?p=23987"},"modified":"2013-12-26T15:39:53","modified_gmt":"2013-12-26T14:39:53","slug":"izraeli-media-ujabb-epitkezeseket-jelentenek-be-a-koloniakban-a-rabok-kovetkezo-csoportjanak-elengedese-utan","status":"publish","type":"post","link":"https:\/\/gazdasagportal.hu\/index.php\/izraeli-media-ujabb-epitkezeseket-jelentenek-be-a-koloniakban-a-rabok-kovetkezo-csoportjanak-elengedese-utan\/","title":{"rendered":"Izraeli m\u00e9dia: \u00fajabb \u00e9p\u00edtkez\u00e9seket jelentenek be a kol\u00f3ni\u00e1kban a rabok k\u00f6vetkez\u0151 csoportj\u00e1nak elenged\u00e9se ut\u00e1n"},"content":{"rendered":"<p><strong>A palesztin rabok \u00fajabb csoportj\u00e1nak elenged\u00e9se ut\u00e1n ism\u00e9t bejelent\u00e9s v\u00e1rhat\u00f3 a ciszjord\u00e1niai telepes kol\u00f3ni\u00e1k tov\u00e1bbi b\u0151v\u00edt\u00e9s\u00e9r\u0151l &#8211; \u00e1ll\u00edtj\u00e1k a cs\u00fct\u00f6rt\u00f6ki izraeli lapok.<!--more--><\/strong><\/p>\n<p>Korm\u00e1nyzati illet\u00e9kesek k\u00f6zl\u00e9se szerint a j\u00f6v\u0151 h\u00e9ten \u00faj \u00e9p\u00edtkez\u00e9seket hirdet meg az izraeli kabinet, k\u00f6zvetlen\u00fcl a foglyok elenged\u00e9se ut\u00e1n, ami minden bizonnyal kiv\u00e1ltja majd a Palesztin Hat\u00f3s\u00e1g haragj\u00e1t \u00e9s az el\u00edt\u00e9l\u0151 nemzetk\u00f6zi reag\u00e1l\u00e1sokat. Az illet\u00e9kesek azt nem pontos\u00edtott\u00e1k, hogy az 1967-ben elfoglalt Ciszjord\u00e1ni\u00e1ban hol \u00e9s h\u00e1ny \u00fajabb lak\u00e1s \u00e9p\u00edt\u00e9s\u00e9t enged\u00e9lyezi ez\u00fattal az izraeli kabinet.<br \/>\nA 10-es tv csatorna h\u00edrad\u00e1sa szerint ezer \u00e9s k\u00e9tezer k\u00f6z\u00f6tt lesz az \u00faj lak\u00e1sok sz\u00e1ma, \u00e9s Benj\u00e1min Netanjahu elt\u00f6k\u00e9lt enged\u00e9lyeztet\u00e9s\u00fcket illet\u0151en, noha az el\u0151z\u0151 alkalommal, a foglyok m\u00e1sodik csoportj\u00e1nak szabadon enged\u00e9s\u00e9t k\u00f6vet\u0151 telepb\u0151v\u00edt\u00e9sek miatt majdnem \u00f6sszeomlottak a palesztinokkal folytatott b\u00e9ket\u00e1rgyal\u00e1sok.<br \/>\nA Palesztin Hat\u00f3s\u00e1ggal \u00e9s az Egyes\u00fclt \u00c1llamokkal k\u00f6t\u00f6tt meg\u00e1llapod\u00e1s szerint vas\u00e1rnap esed\u00e9kes az \u00f6sszesen sz\u00e1zn\u00e9gy szabadul\u00f3 fogoly harmadik csoportj\u00e1nak, huszonhat &#8211; m\u00e9g az 1993-as osl\u00f3i egyezm\u00e9ny el\u0151tt el\u00edt\u00e9lt &#8211; palesztin rabnak az elenged\u00e9se. \u00a0\u00a0\u00a0\u00a0Washington \u00e9s az Eur\u00f3pai Uni\u00f3 a j\u00faliusban \u00fajraindult palesztin-izraeli t\u00e1rgyal\u00e1sok idej\u00e9re az \u00e9p\u00edtkez\u00e9sek befagyaszt\u00e1s\u00e1t k\u00e9rte, de ezt az izraeli korm\u00e1ny v\u00e1rhat\u00f3an ism\u00e9t figyelmen k\u00edv\u00fcl hagyja.<br \/>\nM\u00f3se Jaalon v\u00e9delmi miniszter szerd\u00e1n kijelentette: &#8222;\u00fagy v\u00e9lem, jogunkban \u00e1ll \u00e9p\u00edtkezni az amerikaiakkal k\u00f6t\u00f6tt meg\u00e1llapod\u00e1sok \u00e9s egyeztet\u00e9sek alapj\u00e1n, \u00e9s ennek megfelel\u0151en \u00e9p\u00edteni is fogunk&#8221;.<br \/>\nUgyanakkor Isza Karake, a foglyok \u00fcgy\u00e9ben illet\u00e9kes palesztin miniszter szerint elfogadhatatlan a kapcsolat a rabok elenged\u00e9se \u00e9s az \u00e9p\u00edtkez\u00e9sek k\u00f6z\u00f6tt. &#8222;A kol\u00f3ni\u00e1k b\u0151v\u00edt\u00e9se al\u00e1\u00e1ssa az el\u0151rel\u00e9p\u00e9st a t\u00e1rgyal\u00e1sokon, szemben az el\u00edt\u00e9lteknek a b\u00e9ket\u00e1rgyal\u00e1sokat el\u0151seg\u00edt\u0151 \u00e9s rem\u00e9nyt kelt\u0151 szabadon enged\u00e9s\u00e9vel&#8221; &#8211; hangoztatta a Maariv c\u00edm\u0171 lap cs\u00fct\u00f6rt\u00f6ki sz\u00e1m\u00e1nak adott nyilatkozat\u00e1ban. (MTI)<\/p>\n","protected":false},"excerpt":{"rendered":"<p>A palesztin rabok \u00fajabb csoportj\u00e1nak elenged\u00e9se ut\u00e1n ism\u00e9t bejelent\u00e9s v\u00e1rhat\u00f3 a ciszjord\u00e1niai telepes kol\u00f3ni\u00e1k tov\u00e1bbi b\u0151v\u00edt\u00e9s\u00e9r\u0151l &#8211; \u00e1ll\u00edtj\u00e1k a cs\u00fct\u00f6rt\u00f6ki izraeli lapok.<\/p>\n","protected":false},"author":1,"featured_media":0,"comment_status":"open","ping_status":"closed","sticky":false,"template":"","format":"standard","meta":[],"categories":[16],"tags":[],"_links":{"self":[{"href":"https:\/\/gazdasagportal.hu\/index.php\/wp-json\/wp\/v2\/posts\/23987"}],"collection":[{"href":"https:\/\/gazdasagportal.hu\/index.php\/wp-json\/wp\/v2\/posts"}],"about":[{"href":"https:\/\/gazdasagportal.hu\/index.php\/wp-json\/wp\/v2\/types\/post"}],"author":[{"embeddable":true,"href":"https:\/\/gazdasagportal.hu\/index.php\/wp-json\/wp\/v2\/users\/1"}],"replies":[{"embeddable":true,"href":"https:\/\/gazdasagportal.hu\/index.php\/wp-json\/wp\/v2\/comments?post=23987"}],"version-history":[{"count":1,"href":"https:\/\/gazdasagportal.hu\/index.php\/wp-json\/wp\/v2\/posts\/23987\/revisions"}],"predecessor-version":[{"id":23988,"href":"https:\/\/gazdasagportal.hu\/index.php\/wp-json\/wp\/v2\/posts\/23987\/revisions\/23988"}],"wp:attachment":[{"href":"https:\/\/gazdasagportal.hu\/index.php\/wp-json\/wp\/v2\/media?parent=23987"}],"wp:term":[{"taxonomy":"category","embeddable":true,"href":"https:\/\/gazdasagportal.hu\/index.php\/wp-json\/wp\/v2\/categories?post=23987"},{"taxonomy":"post_tag","embeddable":true,"href":"https:\/\/gazdasagportal.hu\/index.php\/wp-json\/wp\/v2\/tags?post=23987"}],"curies":[{"name":"wp","href":"https:\/\/api.w.org\/{rel}","templated":true}]}}