{"id":2394,"date":"2013-02-07T19:55:11","date_gmt":"2013-02-07T18:55:11","guid":{"rendered":"http:\/\/stockportal.hu\/?p=2394"},"modified":"2013-02-07T19:55:11","modified_gmt":"2013-02-07T18:55:11","slug":"fitch-csak-a-novekedesosztonzo-gazdasagpolitika-vezetheti-ki-europat-a-valsagbol","status":"publish","type":"post","link":"https:\/\/gazdasagportal.hu\/index.php\/fitch-csak-a-novekedesosztonzo-gazdasagpolitika-vezetheti-ki-europat-a-valsagbol\/","title":{"rendered":"Fitch: csak a n\u00f6veked\u00e9s\u00f6szt\u00f6nz\u0151 gazdas\u00e1gpolitika vezetheti ki Eur\u00f3p\u00e1t a v\u00e1ls\u00e1gb\u00f3l"},"content":{"rendered":"<p><strong>Eur\u00f3pa mindaddig nem fog kil\u00e1balni az ad\u00f3ss\u00e1gszolg\u00e1lati v\u00e1ls\u00e1gb\u00f3l, am\u00edg nem v\u00e1lt \u00e1t n\u00f6veked\u00e9s\u00f6szt\u00f6nz\u0151 gazdas\u00e1gpolitik\u00e1ra &#8211; id\u00e9zi a Handelsblatt online kiad\u00e1sa a Fitch hitelmin\u0151s\u00edt\u0151 int\u00e9zet igazgat\u00f3j\u00e1t.<!--more--><\/strong><\/p>\n<p>&#8222;A kr\u00edzisnek mindaddig nem lesz v\u00e9ge, am\u00edg fenntarthat\u00f3 gazdas\u00e1gi n\u00f6veked\u00e9st nem tapasztalunk. Ez elengedhetetlen\u00fcl sz\u00fcks\u00e9ges az \u00e1llamad\u00f3ss\u00e1g le\u00e9p\u00edt\u00e9s\u00e9hez \u00e9s a bankok szuver\u00e9n k\u00f6tv\u00e9nyekkel kapcsolatos probl\u00e9m\u00e1inak enyh\u00edt\u00e9s\u00e9hez&#8221; &#8211; mondta Ed Parker, a Fitch \u00fcgyvezet\u0151 igazgat\u00f3ja Osl\u00f3ban. &#8222;N\u00f6veked\u00e9s n\u00e9lk\u00fcl csak er\u0151s\u00f6dhet az ellen\u00e1ll\u00e1s a megszor\u00edt\u00e1sokkal szemben.&#8221;<br \/>\nA Nemzetk\u00f6zi Valutaalap (IMF) m\u00e1r a m\u00e1sodik \u00e9vben, 2013-ban is GDP-cs\u00f6kken\u00e9st v\u00e1r az eur\u00f3\u00f6vezetben. A spanyolorsz\u00e1gi recesszi\u00f3 tov\u00e1bb m\u00e9ly\u00fcl, mivel a korm\u00e1ny a k\u00f6lts\u00e9gvet\u00e9si hi\u00e1nyc\u00e9l tart\u00e1sa \u00e9rdek\u00e9ben cs\u00f6kkenti kiad\u00e1sait. Ed Parker szerint a spanyol gazdas\u00e1gi helyzet alakul\u00e1sa meghat\u00e1roz\u00f3 lesz Eur\u00f3pa n\u00f6veked\u00e9si kil\u00e1t\u00e1saira.<br \/>\nA madridi korm\u00e1nynak saj\u00e1t adatai szerint nem siker\u00fclt el\u00e9rnie a tavalyi \u00e9vre kit\u0171z\u00f6tt 6,3 sz\u00e1zal\u00e9kos GDP-ar\u00e1nyos k\u00f6lts\u00e9gvet\u00e9si hi\u00e1nyt. A spanyol GDP a negyedik negyed\u00e9vben 0,7 sz\u00e1zal\u00e9kkal, a harmadikban pedig 0,3 sz\u00e1zal\u00e9kkal cs\u00f6kkent. A Societe Generale SA \u00e9s a madridi Applied Economic Research Foundation sz\u00e1m\u00edt\u00e1sai szerint a rekordm\u00e9ret\u0171 munkan\u00e9lk\u00fclis\u00e9g, a cs\u00f6kken\u0151 ipari termel\u00e9s, a bankrendszer megment\u00e9s\u00e9nek n\u00f6vekv\u0151 k\u00f6lts\u00e9gei szinte teljes eg\u00e9sz\u00e9ben felem\u00e9sztett\u00e9k a 62 milli\u00e1rd eur\u00f3s megtakar\u00edt\u00e1sokat.<br \/>\n&#8222;Irre\u00e1lis v\u00e1rakoz\u00e1s lenne a ny\u00e1rt\u00f3l kezdve egyenletes \u00fctem\u0171 n\u00f6veked\u00e9sre sz\u00e1m\u00edtani&#8221; &#8211; mondta Ed Parker. &#8222;Lesznek kisebb-nagyobb z\u00f6kken\u0151k. A v\u00e1ls\u00e1gb\u00f3l volatilis piacokon kereszt\u00fcl vezet az \u00fat kifel\u00e9.&#8221; (MTI)<\/p>\n","protected":false},"excerpt":{"rendered":"<p>Eur\u00f3pa mindaddig nem fog kil\u00e1balni az ad\u00f3ss\u00e1gszolg\u00e1lati v\u00e1ls\u00e1gb\u00f3l, am\u00edg nem v\u00e1lt \u00e1t n\u00f6veked\u00e9s\u00f6szt\u00f6nz\u0151 gazdas\u00e1gpolitik\u00e1ra &#8211; id\u00e9zi a Handelsblatt online kiad\u00e1sa a Fitch hitelmin\u0151s\u00edt\u0151 int\u00e9zet igazgat\u00f3j\u00e1t.<\/p>\n","protected":false},"author":1,"featured_media":1254,"comment_status":"closed","ping_status":"closed","sticky":false,"template":"","format":"standard","meta":[],"categories":[12],"tags":[],"_links":{"self":[{"href":"https:\/\/gazdasagportal.hu\/index.php\/wp-json\/wp\/v2\/posts\/2394"}],"collection":[{"href":"https:\/\/gazdasagportal.hu\/index.php\/wp-json\/wp\/v2\/posts"}],"about":[{"href":"https:\/\/gazdasagportal.hu\/index.php\/wp-json\/wp\/v2\/types\/post"}],"author":[{"embeddable":true,"href":"https:\/\/gazdasagportal.hu\/index.php\/wp-json\/wp\/v2\/users\/1"}],"replies":[{"embeddable":true,"href":"https:\/\/gazdasagportal.hu\/index.php\/wp-json\/wp\/v2\/comments?post=2394"}],"version-history":[{"count":2,"href":"https:\/\/gazdasagportal.hu\/index.php\/wp-json\/wp\/v2\/posts\/2394\/revisions"}],"predecessor-version":[{"id":2396,"href":"https:\/\/gazdasagportal.hu\/index.php\/wp-json\/wp\/v2\/posts\/2394\/revisions\/2396"}],"wp:featuredmedia":[{"embeddable":true,"href":"https:\/\/gazdasagportal.hu\/index.php\/wp-json\/wp\/v2\/media\/1254"}],"wp:attachment":[{"href":"https:\/\/gazdasagportal.hu\/index.php\/wp-json\/wp\/v2\/media?parent=2394"}],"wp:term":[{"taxonomy":"category","embeddable":true,"href":"https:\/\/gazdasagportal.hu\/index.php\/wp-json\/wp\/v2\/categories?post=2394"},{"taxonomy":"post_tag","embeddable":true,"href":"https:\/\/gazdasagportal.hu\/index.php\/wp-json\/wp\/v2\/tags?post=2394"}],"curies":[{"name":"wp","href":"https:\/\/api.w.org\/{rel}","templated":true}]}}