{"id":23894,"date":"2013-12-23T10:46:18","date_gmt":"2013-12-23T09:46:18","guid":{"rendered":"http:\/\/stockportal.hu\/?p=23894"},"modified":"2013-12-23T10:46:18","modified_gmt":"2013-12-23T09:46:18","slug":"a-kieso-adobevetelek-potlasat-javasolja-romanianak-az-imf","status":"publish","type":"post","link":"https:\/\/gazdasagportal.hu\/index.php\/a-kieso-adobevetelek-potlasat-javasolja-romanianak-az-imf\/","title":{"rendered":"A kies\u0151 ad\u00f3bev\u00e9telek p\u00f3tl\u00e1s\u00e1t javasolja Rom\u00e1ni\u00e1nak az IMF"},"content":{"rendered":"<p><strong>A kies\u0151 ad\u00f3bev\u00e9telek p\u00f3tl\u00e1s\u00e1t javasolja Rom\u00e1ni\u00e1nak a Nemzetk\u00f6zi Valutaalap (IMF), miut\u00e1n Victor Ponta minisztereln\u00f6k bejelentette: korm\u00e1nya \u00e1prilisig elhalasztja az \u00fczemanyag j\u00f6ved\u00e9ki ad\u00f3j\u00e1nak eredetileg janu\u00e1r elsej\u00e9t\u0151l tervezett, literenk\u00e9nt h\u00e9t eur\u00f3centtel (21 forint) val\u00f3 emel\u00e9s\u00e9t.<!--more--><\/strong><\/p>\n<p>Guillermo Tolosa, az IMF rom\u00e1niai \u00e9s bulg\u00e1riai k\u00e9pvisel\u0151je h\u00e9tf\u0151n \u00fagy nyilatkozott: Rom\u00e1ni\u00e1nak m\u00e1s int\u00e9zked\u00e9sekkel kell majd p\u00f3tolnia a kies\u0151 ad\u00f3bev\u00e9telt, hogy k\u00f6lts\u00e9gvet\u00e9si hi\u00e1nya ne haladja meg a tervezett szintet, a brutt\u00f3 hazai term\u00e9k 2,2 sz\u00e1zal\u00e9k\u00e1t.<br \/>\nTolosa szerint a rom\u00e1n hat\u00f3s\u00e1gok azt k\u00e9rt\u00e9k, hogy a nemzetk\u00f6zi p\u00e9nzint\u00e9zet k\u00fcld\u00f6tts\u00e9g\u00e9nek janu\u00e1ri fel\u00fclvizsg\u00e1lati l\u00e1togat\u00e1sa alkalm\u00e1val egyeztethessenek az IMF-fel a lehets\u00e9ges p\u00f3tmegold\u00e1sokr\u00f3l. Az IMF k\u00e9pvisel\u0151je ugyanakkor \u00fcdv\u00f6z\u00f6lte, hogy Traian Basescu \u00e1llamf\u0151 kihirdette a 2014-es k\u00f6lts\u00e9gvet\u00e9si t\u00f6rv\u00e9nyt.<br \/>\nA szoci\u00e1ldemokrata Ponta szerd\u00e1n \u00e1llapodott meg a halaszt\u00e1sr\u00f3l az ad\u00f3n\u00f6vel\u00e9st \u00e9lesen ellenz\u0151 jobboldali Traian Basescu \u00e1llamf\u0151vel, annak fej\u00e9ben, hogy az eln\u00f6k ne h\u00e1tr\u00e1ltassa tov\u00e1bb a j\u00f6v\u0151 \u00e9vi k\u00f6lts\u00e9gvet\u00e9s kihirdet\u00e9s\u00e9t.<br \/>\nAz eln\u00f6k kor\u00e1bban rem\u00e9ny\u00e9t fejezte ki, hogy az orsz\u00e1gnak k\u00e9szenl\u00e9ti hitelkeretet biztos\u00edt\u00f3 IMF-et is siker\u00fcl janu\u00e1rban meggy\u0151znie: az ad\u00f3emel\u00e9sre k\u00e9s\u0151bb sem lesz sz\u00fcks\u00e9g. Basescu azt mondta: tov\u00e1bbra sem hajland\u00f3 j\u00f3v\u00e1hagyni olyan meg\u00e1llapod\u00e1st az IMF-fel, amelyben Rom\u00e1nia az \u00fczemanyag j\u00f6ved\u00e9ki ad\u00f3j\u00e1nak emel\u00e9s\u00e9re v\u00e1llal k\u00f6telezetts\u00e9get, mert az szerinte &#8222;megnyomor\u00edtja&#8221; a re\u00e1lgazdas\u00e1got.<br \/>\nAz eln\u00f6k szerint a j\u00f6v\u0151 \u00e9vi b\u00fcdzs\u00e9ben 2,4 milli\u00e1rd lejes (160 milli\u00e1rd forint) \u00e9ves bev\u00e9tellel sz\u00e1moltak az \u00fczemanyag ad\u00f3j\u00e1nak emel\u00e9s\u00e9b\u0151l. \u00dagy v\u00e9lte: a kies\u00e9st az \u00fagynevezett &#8222;oszlopad\u00f3&#8221; (az ipari l\u00e9tes\u00edtm\u00e9nyekre \u00fajonnan kivetett k\u00fcl\u00f6nad\u00f3) is fedezi, mert az abb\u00f3l befoly\u00f3 bev\u00e9teleket a korm\u00e1ny &#8222;m\u00e9lyen al\u00e1becs\u00fclte&#8221;.<br \/>\nA bukaresti korm\u00e1ny az IMF-fel folytatott egyeztet\u00e9s nyom\u00e1n s\u00fcrg\u0151ss\u00e9gi rendeletben d\u00f6nt\u00f6tt novemberben az \u00fczemanyag ad\u00f3j\u00e1nak emel\u00e9s\u00e9r\u0151l arra hivatkozva, hogy az \u00edgy befolyt \u00f6sszeget aut\u00f3p\u00e1lya-\u00e9p\u00edt\u00e9sre ford\u00edtja.<br \/>\nAz IMF igazgat\u00f3tan\u00e1csa szeptember v\u00e9g\u00e9n hagyta j\u00f3v\u00e1 a Rom\u00e1ni\u00e1nak meg\u00edt\u00e9lt \u00fajabb el\u0151vigy\u00e1zatoss\u00e1gi hitelszerz\u0151d\u00e9st, amelynek \u00e9rt\u00e9ke 2 milli\u00e1rd eur\u00f3. Rom\u00e1nia sz\u00e1m\u00e1ra tov\u00e1bbi 2 milli\u00e1rd eur\u00f3t biztos\u00edt az Eur\u00f3pai Bizotts\u00e1g.(MTI)<\/p>\n","protected":false},"excerpt":{"rendered":"<p>A kies\u0151 ad\u00f3bev\u00e9telek p\u00f3tl\u00e1s\u00e1t javasolja Rom\u00e1ni\u00e1nak a Nemzetk\u00f6zi Valutaalap (IMF), miut\u00e1n Victor Ponta minisztereln\u00f6k bejelentette: korm\u00e1nya \u00e1prilisig elhalasztja az \u00fczemanyag j\u00f6ved\u00e9ki ad\u00f3j\u00e1nak eredetileg janu\u00e1r elsej\u00e9t\u0151l tervezett, literenk\u00e9nt h\u00e9t eur\u00f3centtel (21 forint) val\u00f3 emel\u00e9s\u00e9t.<\/p>\n","protected":false},"author":1,"featured_media":0,"comment_status":"open","ping_status":"closed","sticky":false,"template":"","format":"standard","meta":[],"categories":[12],"tags":[],"_links":{"self":[{"href":"https:\/\/gazdasagportal.hu\/index.php\/wp-json\/wp\/v2\/posts\/23894"}],"collection":[{"href":"https:\/\/gazdasagportal.hu\/index.php\/wp-json\/wp\/v2\/posts"}],"about":[{"href":"https:\/\/gazdasagportal.hu\/index.php\/wp-json\/wp\/v2\/types\/post"}],"author":[{"embeddable":true,"href":"https:\/\/gazdasagportal.hu\/index.php\/wp-json\/wp\/v2\/users\/1"}],"replies":[{"embeddable":true,"href":"https:\/\/gazdasagportal.hu\/index.php\/wp-json\/wp\/v2\/comments?post=23894"}],"version-history":[{"count":1,"href":"https:\/\/gazdasagportal.hu\/index.php\/wp-json\/wp\/v2\/posts\/23894\/revisions"}],"predecessor-version":[{"id":23895,"href":"https:\/\/gazdasagportal.hu\/index.php\/wp-json\/wp\/v2\/posts\/23894\/revisions\/23895"}],"wp:attachment":[{"href":"https:\/\/gazdasagportal.hu\/index.php\/wp-json\/wp\/v2\/media?parent=23894"}],"wp:term":[{"taxonomy":"category","embeddable":true,"href":"https:\/\/gazdasagportal.hu\/index.php\/wp-json\/wp\/v2\/categories?post=23894"},{"taxonomy":"post_tag","embeddable":true,"href":"https:\/\/gazdasagportal.hu\/index.php\/wp-json\/wp\/v2\/tags?post=23894"}],"curies":[{"name":"wp","href":"https:\/\/api.w.org\/{rel}","templated":true}]}}