{"id":23875,"date":"2013-12-22T20:05:54","date_gmt":"2013-12-22T19:05:54","guid":{"rendered":"http:\/\/stockportal.hu\/?p=23875"},"modified":"2013-12-22T20:05:54","modified_gmt":"2013-12-22T19:05:54","slug":"cseh-kormanyalakitas-januar-6-an-irjak-ala-a-koalicios-szerzodest","status":"publish","type":"post","link":"https:\/\/gazdasagportal.hu\/index.php\/cseh-kormanyalakitas-januar-6-an-irjak-ala-a-koalicios-szerzodest\/","title":{"rendered":"Cseh korm\u00e1nyalak\u00edt\u00e1s &#8211; Janu\u00e1r 6-\u00e1n \u00edrj\u00e1k al\u00e1 a koal\u00edci\u00f3s szerz\u0151d\u00e9st"},"content":{"rendered":"<p><strong>A Cseh Szoci\u00e1ldemokrata P\u00e1rt (CSSD), az Igen (ANO) mozgalom \u00e9s a Kereszt\u00e9nydemokrata Uni\u00f3-Csehszlov\u00e1k N\u00e9pp\u00e1rt (KDU-CSL) janu\u00e1r 6-\u00e1n \u00edrja al\u00e1 a korm\u00e1nykoal\u00edci\u00f3s szerz\u0151d\u00e9st &#8211; jelentette be Bohuslav Sobotka, az okt\u00f3beri v\u00e1laszt\u00e1son gy\u0151ztes szoci\u00e1ldemokrat\u00e1k eln\u00f6ke vas\u00e1rnap Pr\u00e1g\u00e1ban, miut\u00e1n tal\u00e1lkozott Andrej Babissal \u00e9s Pavel Belobr\u00e1dekkel, az Igen \u00e9s a KDU-CSL eln\u00f6k\u00e9vel.<!--more--><\/strong><\/p>\n<p>A h\u00e1rom p\u00e1rtb\u00f3l \u00e1ll\u00f3 \u00faj korm\u00e1nykoal\u00edci\u00f3nak egy\u00fctt 111 k\u00e9pvisel\u0151je lesz a parlamenti als\u00f3h\u00e1zban, a CSSD-nek 50, az Igennek 47, m\u00edg a KDU-CSL-nek 14.<br \/>\nJanu\u00e1r 6-ig a h\u00e1rom p\u00e1rt v\u00e9gleges\u00edti a miniszt\u00e9riumok vezet\u0151ire tett javaslat\u00e1t, amelyet azut\u00e1n Sobotka, aki nagy val\u00f3sz\u00edn\u0171s\u00e9ggel korm\u00e1nyf\u0151 lesz, \u00e1tad Milos Zeman k\u00f6zt\u00e1rsas\u00e1gi eln\u00f6knek.<br \/>\n&#8222;M\u00e1t\u00f3l vil\u00e1gos, hogyan osztjuk el az egyes p\u00e1rtok k\u00f6z\u00f6tt a miniszt\u00e9riumokat, s melyik p\u00e1rt milyen t\u00e1rc\u00e1\u00e9rt lesz felel\u0151s&#8221; &#8211; jelentette ki Sobotka. A vas\u00e1rnapi k\u00f6zl\u00e9s szerint a j\u00f6vend\u0151 cseh korm\u00e1nynak 17 tagja lesz (CSSD 8, Igen 6, KDU-CSL 3). Kor\u00e1bban 18 tag\u00fa korm\u00e1nyr\u00f3l besz\u00e9ltek.<br \/>\nK\u00f6zl\u00e9se szerint a CSSD a korm\u00e1nyf\u0151i tiszts\u00e9gen k\u00edv\u00fcl a k\u00f6vetkez\u0151 t\u00e1rc\u00e1kat fogja vezetni: k\u00fcl\u00fcgy, bel\u00fcgy, ipar \u00e9s kereskedelem, munka\u00fcgy \u00e9s n\u00e9pj\u00f3l\u00e9t, eg\u00e9szs\u00e9g\u00fcgy, oktat\u00e1s\u00fcgy. T\u00e1rca n\u00e9lk\u00fcli miniszterk\u00e9nt a CSSD k\u00e9pvisel\u0151je fogja ir\u00e1ny\u00edtani a korm\u00e1ny t\u00f6rv\u00e9nyalkot\u00e1si tan\u00e1cs\u00e1t, \u0151 egyben az emberi jogok\u00e9rt \u00e9s az egyenl\u0151 es\u00e9lyek\u00e9rt is felel\u0151s lesz.<br \/>\nAz Igen kapja a p\u00e9nz\u00fcgyi, v\u00e9delmi, a region\u00e1lis fejleszt\u00e9si, a k\u00f6rnyezetv\u00e9delmi, igazs\u00e1g\u00fcgyi \u00e9s a k\u00f6zleked\u00e9si t\u00e1rc\u00e1t. Babis p\u00e1rteln\u00f6k lesz a p\u00e9nz\u00fcgyminiszter, s egyben a korm\u00e1ny gazdas\u00e1gi \u00fcgyek\u00e9rt felel\u0151s aleln\u00f6ke. V\u00e9delmi miniszternek a mozgalom Martin Stropnicky volt diplomat\u00e1t \u00e9s sz\u00ednh\u00e1zigazgat\u00f3t javasolja.<br \/>\nA kereszt\u00e9nydemokrat\u00e1k\u00e9 a mez\u0151gazdas\u00e1gi \u00e9s a kultur\u00e1lis t\u00e1rca lesz. Belobr\u00e1dek p\u00e1rteln\u00f6k a korm\u00e1ny aleln\u00f6ke lenne, s emellett t\u00e1rca n\u00e9lk\u00fcli miniszterk\u00e9nt a tudom\u00e1nyfejleszt\u00e9s\u00e9rt \u00e9s az \u00faj\u00edt\u00e1sok\u00e9rt felelne.<br \/>\nAz \u00e1llamf\u0151 kor\u00e1bban jelezte: nem biztos, hogy minden jel\u00f6l\u00e9sre r\u00e1b\u00f3lint. A miniszt\u00e9riumok \u00e9l\u00e9n olyanokat szeretne l\u00e1tni, akik megfelel\u0151 szakmai tapasztalatokkal \u00e9s h\u00e1tt\u00e9rrel rendelkeznek. Zeman p\u00e9ldak\u00e9nt megeml\u00edtette: ilyen krit\u00e9riumok alapj\u00e1n p\u00e9ld\u00e1ul Stropnickyt nem nevezn\u00e9 ki a v\u00e9delmi t\u00e1rca \u00e9l\u00e9re.<br \/>\n&#8222;Nem gondolom, hogy az \u00e1llamf\u0151nek oka lehetne kifog\u00e1sokra a korm\u00e1nykoal\u00edci\u00f3 jel\u00f6ltjeit illet\u0151en&#8221; &#8211; reag\u00e1lt egy \u00fajs\u00e1g\u00edr\u00f3i k\u00e9rd\u00e9sre Sobotka. (MTI)<\/p>\n","protected":false},"excerpt":{"rendered":"<p>A Cseh Szoci\u00e1ldemokrata P\u00e1rt (CSSD), az Igen (ANO) mozgalom \u00e9s a Kereszt\u00e9nydemokrata Uni\u00f3-Csehszlov\u00e1k N\u00e9pp\u00e1rt (KDU-CSL) janu\u00e1r 6-\u00e1n \u00edrja al\u00e1 a korm\u00e1nykoal\u00edci\u00f3s szerz\u0151d\u00e9st &#8211; jelentette be Bohuslav Sobotka, az okt\u00f3beri v\u00e1laszt\u00e1son gy\u0151ztes szoci\u00e1ldemokrat\u00e1k eln\u00f6ke vas\u00e1rnap Pr\u00e1g\u00e1ban, miut\u00e1n tal\u00e1lkozott Andrej Babissal \u00e9s Pavel Belobr\u00e1dekkel, az Igen \u00e9s a KDU-CSL eln\u00f6k\u00e9vel.<\/p>\n","protected":false},"author":1,"featured_media":0,"comment_status":"open","ping_status":"closed","sticky":false,"template":"","format":"standard","meta":[],"categories":[12],"tags":[],"_links":{"self":[{"href":"https:\/\/gazdasagportal.hu\/index.php\/wp-json\/wp\/v2\/posts\/23875"}],"collection":[{"href":"https:\/\/gazdasagportal.hu\/index.php\/wp-json\/wp\/v2\/posts"}],"about":[{"href":"https:\/\/gazdasagportal.hu\/index.php\/wp-json\/wp\/v2\/types\/post"}],"author":[{"embeddable":true,"href":"https:\/\/gazdasagportal.hu\/index.php\/wp-json\/wp\/v2\/users\/1"}],"replies":[{"embeddable":true,"href":"https:\/\/gazdasagportal.hu\/index.php\/wp-json\/wp\/v2\/comments?post=23875"}],"version-history":[{"count":1,"href":"https:\/\/gazdasagportal.hu\/index.php\/wp-json\/wp\/v2\/posts\/23875\/revisions"}],"predecessor-version":[{"id":23876,"href":"https:\/\/gazdasagportal.hu\/index.php\/wp-json\/wp\/v2\/posts\/23875\/revisions\/23876"}],"wp:attachment":[{"href":"https:\/\/gazdasagportal.hu\/index.php\/wp-json\/wp\/v2\/media?parent=23875"}],"wp:term":[{"taxonomy":"category","embeddable":true,"href":"https:\/\/gazdasagportal.hu\/index.php\/wp-json\/wp\/v2\/categories?post=23875"},{"taxonomy":"post_tag","embeddable":true,"href":"https:\/\/gazdasagportal.hu\/index.php\/wp-json\/wp\/v2\/tags?post=23875"}],"curies":[{"name":"wp","href":"https:\/\/api.w.org\/{rel}","templated":true}]}}