{"id":23873,"date":"2013-12-22T18:02:12","date_gmt":"2013-12-22T17:02:12","guid":{"rendered":"http:\/\/stockportal.hu\/?p=23873"},"modified":"2013-12-22T18:02:12","modified_gmt":"2013-12-22T17:02:12","slug":"hodorkovszkij-ugy-hodorkovszkij-egyelore-nem-ter-vissza-hazajaba","status":"publish","type":"post","link":"https:\/\/gazdasagportal.hu\/index.php\/hodorkovszkij-ugy-hodorkovszkij-egyelore-nem-ter-vissza-hazajaba\/","title":{"rendered":"Hodorkovszkij-\u00fcgy &#8211; Hodorkovszkij egyel\u0151re nem t\u00e9r vissza haz\u00e1j\u00e1ba"},"content":{"rendered":"<p><strong>Mihail Hodorkovszkij egyel\u0151re nem t\u00e9r vissza haz\u00e1j\u00e1ba, \u00e9s konkr\u00e9t tervei m\u00e9g nincsenek, de azt m\u00e1r elhat\u00e1rozta, hogy nem sz\u00e1ll be a politik\u00e1ba. Az orosz \u00fczletember err\u0151l Berlinben besz\u00e9lt vas\u00e1rnap, a szabadul\u00e1sa ut\u00e1ni els\u0151 sajt\u00f3t\u00e1j\u00e9koztat\u00f3j\u00e1n.<!--more--><\/strong><\/p>\n<p>Hodorkovszkij elmondta: nem volt v\u00e1laszt\u00e1sa, hogy hov\u00e1 menjen, amikor visszanyerte a szabads\u00e1g\u00e1t. P\u00e9nteken hajnali 2 \u00f3rakor keltett\u00e9k fel, \u00e9s a b\u00fcntet\u0151t\u00e1bor igazgat\u00f3ja k\u00f6z\u00f6lte vele, hogy szabadl\u00e1bra helyezik. A t\u00e1bort elhagyhatta, de a szabads\u00e1g\u00e1t m\u00e9gsem nyerte vissza teljesen, mert az \u0151r\u00f6k eg\u00e9szen addig k\u00eds\u00e9rt\u00e9k, am\u00edg a szentp\u00e9terv\u00e1ri rep\u00fcl\u0151t\u00e9ren felsz\u00e1llt az \u00e9rte k\u00fcld\u00f6tt n\u00e9met mag\u00e1ng\u00e9pre.<br \/>\nAz \u0151r\u00f6kkel tartott Dmitrij Peszkov, az orosz eln\u00f6k sz\u00f3viv\u0151je, aki k\u00f6z\u00f6lte vele, hogy b\u00e1rmikor szabadon visszat\u00e9rhet Oroszorsz\u00e1ga. Ennek ellen\u00e9re \u00fagy d\u00f6nt\u00f6tt, egyel\u0151re k\u00fclf\u00f6ld\u00f6n marad, mert nem biztos abban, hogy \u00fajra elhagyhatn\u00e1 haz\u00e1j\u00e1t, ha \u00fagy alakulna a helyzet, hogy menni kell &#8211; mondta Hodorkovszkij.<br \/>\nKiemelte: nem szeretn\u00e9, ha szem\u00e9lye \u00e9s szabadul\u00e1s\u00e1nak t\u00f6rt\u00e9nete annak jelk\u00e9p\u00e9v\u00e9 v\u00e1lna, hogy nincs t\u00f6bb politikai fogoly Oroszorsz\u00e1gban. A t\u00f6rt\u00e9netnek ink\u00e1bb azt kellene jelk\u00e9peznie, hogy &#8222;a civil t\u00e1rsadalom el\u00e9rheti foglyok szabadon enged\u00e9s\u00e9t, akiknek szabadul\u00e1s\u00e1ra m\u00e1r senki sem sz\u00e1m\u00edt&#8221;.<br \/>\n&#8222;Vannak m\u00e9g politikai foglyok Oroszorsz\u00e1gban. Rem\u00e9lem, hogy ez majd esz\u00fckbe jut a nyugati politikusoknak, amikor Vlagyimir Putyinnal t\u00e1rgyalnak&#8221; &#8211; hangs\u00falyozta a Kreml b\u00edr\u00e1l\u00f3jak\u00e9nt sz\u00e1mon tartott \u00fczletember.<br \/>\nA Yukos (Jukosz) olajv\u00e1llalat volt f\u0151r\u00e9szv\u00e9nyese elmondta: november 12-\u00e9n \u00e9rtes\u00fclt arr\u00f3l, hogy Hans-Dietrich Genscher volt n\u00e9met k\u00fcl\u00fcgyminiszter k\u00f6zbenj\u00e1r\u00e1sa r\u00e9v\u00e9n a siker rem\u00e9ny\u00e9vel k\u00e9rhet kegyelmet an\u00e9lk\u00fcl, hogy elismeri b\u0171n\u00f6ss\u00e9g\u00e9t.<br \/>\nHangs\u00falyozta: soha nem lenne hajland\u00f3 b\u0171n\u00f6snek vallani mag\u00e1t az ellene felhozott v\u00e1dakban, \u00e9s nemcsak az\u00e9rt, mert v\u00e1llalnia kellene valamit, amit nem k\u00f6vetett el, hanem az\u00e9t sem, mert valamennyi volt munkat\u00e1rs\u00e1t, a Jukosz \u00f6sszes egykori alkalmazottj\u00e1t megb\u00e9lyegezn\u00e9.<br \/>\nJ\u00f6v\u0151j\u00e9vel kapcsolatban elmondta, hogy m\u00e9g nem tudja, hol \u00e9l majd, \u00e9s mihez kezd. \u00dczletemberi p\u00e1lyafut\u00e1s\u00e1t nem folytatja, mert anyagi helyzete megengedi, hogy m\u00e1ssal foglalkozzon, \u00e9s az \u00fczleti \u00e9letben mindent el\u00e9rt m\u00e1r, amit akart.<br \/>\nAzt tervezi, hogy a k\u00f6z\u00e9leti, t\u00e1rsadalmi munk\u00e1ra \u00f6sszpontos\u00edt, k\u00fczd az Oroszorsz\u00e1gban raboskod\u00f3 politikai foglyok szabadon bocs\u00e1t\u00e1s\u00e1\u00e9rt, de a p\u00e1rtpolitik\u00e1ban nem vesz r\u00e9szt. &#8222;A k\u00fczdelem a hatalom\u00e9rt nem az \u00e9n vil\u00e1gom&#8221; &#8211; mondta.<br \/>\nMihail Hodorkovszkij els\u0151sorban Hans-Dietrich Genschernek \u00e9s Angela Merkelnek mondott k\u00f6sz\u00f6netet az\u00e9rt, hogy tettek szabadon bocs\u00e1t\u00e1s\u00e1\u00e9rt. Vlagyimir Putyinnak nem mondott k\u00f6sz\u00f6netet az\u00e9rt, hogy megkegyelmezett neki. Az orosz eln\u00f6kkel kapcsolatban \u00fajs\u00e1g\u00edr\u00f3i k\u00e9rd\u00e9sre elmondta, nem lenne hely\u00e9nval\u00f3, ha tan\u00e1csokat adna tapasztalt nyugati politikusoknak arr\u00f3l, hogy mik\u00e9nt viszonyuljanak haz\u00e1j\u00e1nak eln\u00f6k\u00e9hez, &#8222;ehhez az egy\u00e1ltal\u00e1n nem egyszer\u0171 emberhez&#8221;. Hozz\u00e1tette, rem\u00e9li, Putyin nem alak\u00edtja \u00e1t a szab\u00e1lyokat, hogy \u00e9lethosszig \u00e1llamf\u0151 maradhasson.<br \/>\nArra a k\u00e9rd\u00e9sre, hogy kell-e bojkott\u00e1lni a febru\u00e1rban kezd\u0151d\u0151 szocsi t\u00e9li olimpi\u00e1t, azt mondta, az olimpia &#8222;a sport \u00fcnnepe, amit nem szabad elrontani&#8221;, \u00e9s rem\u00e9li, hogy a sportesem\u00e9nyb\u0151l nem Vlagyimir Putyin &#8222;\u00fcnnepl\u00e9se&#8221; lesz. (MTI)<\/p>\n","protected":false},"excerpt":{"rendered":"<p>Mihail Hodorkovszkij egyel\u0151re nem t\u00e9r vissza haz\u00e1j\u00e1ba, \u00e9s konkr\u00e9t tervei m\u00e9g nincsenek, de azt m\u00e1r elhat\u00e1rozta, hogy nem sz\u00e1ll be a politik\u00e1ba. Az orosz \u00fczletember err\u0151l Berlinben besz\u00e9lt vas\u00e1rnap, a szabadul\u00e1sa ut\u00e1ni els\u0151 sajt\u00f3t\u00e1j\u00e9koztat\u00f3j\u00e1n.<\/p>\n","protected":false},"author":1,"featured_media":0,"comment_status":"open","ping_status":"closed","sticky":false,"template":"","format":"standard","meta":[],"categories":[12],"tags":[],"_links":{"self":[{"href":"https:\/\/gazdasagportal.hu\/index.php\/wp-json\/wp\/v2\/posts\/23873"}],"collection":[{"href":"https:\/\/gazdasagportal.hu\/index.php\/wp-json\/wp\/v2\/posts"}],"about":[{"href":"https:\/\/gazdasagportal.hu\/index.php\/wp-json\/wp\/v2\/types\/post"}],"author":[{"embeddable":true,"href":"https:\/\/gazdasagportal.hu\/index.php\/wp-json\/wp\/v2\/users\/1"}],"replies":[{"embeddable":true,"href":"https:\/\/gazdasagportal.hu\/index.php\/wp-json\/wp\/v2\/comments?post=23873"}],"version-history":[{"count":1,"href":"https:\/\/gazdasagportal.hu\/index.php\/wp-json\/wp\/v2\/posts\/23873\/revisions"}],"predecessor-version":[{"id":23874,"href":"https:\/\/gazdasagportal.hu\/index.php\/wp-json\/wp\/v2\/posts\/23873\/revisions\/23874"}],"wp:attachment":[{"href":"https:\/\/gazdasagportal.hu\/index.php\/wp-json\/wp\/v2\/media?parent=23873"}],"wp:term":[{"taxonomy":"category","embeddable":true,"href":"https:\/\/gazdasagportal.hu\/index.php\/wp-json\/wp\/v2\/categories?post=23873"},{"taxonomy":"post_tag","embeddable":true,"href":"https:\/\/gazdasagportal.hu\/index.php\/wp-json\/wp\/v2\/tags?post=23873"}],"curies":[{"name":"wp","href":"https:\/\/api.w.org\/{rel}","templated":true}]}}