{"id":23853,"date":"2013-12-22T07:39:00","date_gmt":"2013-12-22T06:39:00","guid":{"rendered":"http:\/\/stockportal.hu\/?p=23853"},"modified":"2013-12-22T06:48:52","modified_gmt":"2013-12-22T05:48:52","slug":"a-haztartasok-nyolcada-nem-vesz-ajandekot-karacsonyra","status":"publish","type":"post","link":"https:\/\/gazdasagportal.hu\/index.php\/a-haztartasok-nyolcada-nem-vesz-ajandekot-karacsonyra\/","title":{"rendered":"A h\u00e1ztart\u00e1sok nyolcada nem vesz aj\u00e1nd\u00e9kot kar\u00e1csonyra"},"content":{"rendered":"<p><strong>A magyar h\u00e1ztart\u00e1sok nyolcada nem v\u00e1s\u00e1rol kar\u00e1csonyi aj\u00e1nd\u00e9kot az id\u00e9n, de akik v\u00e1s\u00e1rolnak, azok \u00e1ltal\u00e1ban ugyanannyit gondolnak k\u00f6lteni, mint tavaly &#8211; \u00edrta a T\u00e1rki T\u00e1rsadalomkutat\u00e1si Int\u00e9zet id\u00e9n decemberi adatfelv\u00e9tel\u00e9nek elemz\u00e9se alapj\u00e1n.<br \/>\n<!--more--><br \/>\n<\/strong><\/p>\n<p>A felm\u00e9r\u00e9s szerint a h\u00e1ztart\u00e1sok t\u00f6bb mint k\u00e9tharmada ugyanannyit, valamivel t\u00f6bb, mint negyede kevesebbet, 6 sz\u00e1zal\u00e9ka t\u00f6bbet tervez k\u00f6lteni kar\u00e1csonyi aj\u00e1nd\u00e9kra, mint tavaly. A 2011-es hasonl\u00f3 felm\u00e9r\u00e9sben a megel\u0151z\u0151 \u00e9vhez k\u00e9pest kevesebbet k\u00f6lt\u0151k ar\u00e1nya 46 sz\u00e1zal\u00e9k, az ugyanannyit k\u00f6lt\u0151k\u00e9 50 sz\u00e1zal\u00e9k, m\u00edg azok\u00e9, akik nagyobb kiad\u00e1sra sz\u00e1m\u00edtottak, 4 sz\u00e1zal\u00e9k volt.<br \/>\nM\u00edg az id\u00e9n a magyar h\u00e1ztart\u00e1sok 12 sz\u00e1zal\u00e9ka nem tervezett kar\u00e1csonyi aj\u00e1nd\u00e9kv\u00e1s\u00e1rl\u00e1st, addig k\u00e9t \u00e9ve ez az \u00e9rt\u00e9k 15 sz\u00e1zal\u00e9k volt &#8211; ismerteti a T\u00e1rki.<br \/>\nAz \u00e1tlagosn\u00e1l magasabb a kar\u00e1csonyi aj\u00e1nd\u00e9kot nem v\u00e1s\u00e1rol\u00f3k ar\u00e1nya azok k\u00f6r\u00e9ben, akik k\u00f6zs\u00e9gben, a D\u00e9l-Dun\u00e1nt\u00falon, \u00c9szak-Magyarorsz\u00e1gon (16-17 sz\u00e1zal\u00e9k), illetve az \u00c9szak-Alf\u00f6ld\u00f6n (22 sz\u00e1zal\u00e9k) \u00e9lnek.(MTI)<\/p>\n","protected":false},"excerpt":{"rendered":"<p>A magyar h\u00e1ztart\u00e1sok nyolcada nem v\u00e1s\u00e1rol kar\u00e1csonyi aj\u00e1nd\u00e9kot az id\u00e9n, de akik v\u00e1s\u00e1rolnak, azok \u00e1ltal\u00e1ban ugyanannyit gondolnak k\u00f6lteni, mint tavaly &#8211; \u00edrta a T\u00e1rki T\u00e1rsadalomkutat\u00e1si Int\u00e9zet id\u00e9n decemberi adatfelv\u00e9tel\u00e9nek elemz\u00e9se alapj\u00e1n.<\/p>\n","protected":false},"author":1,"featured_media":0,"comment_status":"open","ping_status":"closed","sticky":false,"template":"","format":"standard","meta":[],"categories":[19],"tags":[],"_links":{"self":[{"href":"https:\/\/gazdasagportal.hu\/index.php\/wp-json\/wp\/v2\/posts\/23853"}],"collection":[{"href":"https:\/\/gazdasagportal.hu\/index.php\/wp-json\/wp\/v2\/posts"}],"about":[{"href":"https:\/\/gazdasagportal.hu\/index.php\/wp-json\/wp\/v2\/types\/post"}],"author":[{"embeddable":true,"href":"https:\/\/gazdasagportal.hu\/index.php\/wp-json\/wp\/v2\/users\/1"}],"replies":[{"embeddable":true,"href":"https:\/\/gazdasagportal.hu\/index.php\/wp-json\/wp\/v2\/comments?post=23853"}],"version-history":[{"count":2,"href":"https:\/\/gazdasagportal.hu\/index.php\/wp-json\/wp\/v2\/posts\/23853\/revisions"}],"predecessor-version":[{"id":23861,"href":"https:\/\/gazdasagportal.hu\/index.php\/wp-json\/wp\/v2\/posts\/23853\/revisions\/23861"}],"wp:attachment":[{"href":"https:\/\/gazdasagportal.hu\/index.php\/wp-json\/wp\/v2\/media?parent=23853"}],"wp:term":[{"taxonomy":"category","embeddable":true,"href":"https:\/\/gazdasagportal.hu\/index.php\/wp-json\/wp\/v2\/categories?post=23853"},{"taxonomy":"post_tag","embeddable":true,"href":"https:\/\/gazdasagportal.hu\/index.php\/wp-json\/wp\/v2\/tags?post=23853"}],"curies":[{"name":"wp","href":"https:\/\/api.w.org\/{rel}","templated":true}]}}