{"id":23848,"date":"2013-12-21T13:32:28","date_gmt":"2013-12-21T12:32:28","guid":{"rendered":"http:\/\/stockportal.hu\/?p=23848"},"modified":"2013-12-21T12:43:07","modified_gmt":"2013-12-21T11:43:07","slug":"index-eladtak-a-tv2-t","status":"publish","type":"post","link":"https:\/\/gazdasagportal.hu\/index.php\/index-eladtak-a-tv2-t\/","title":{"rendered":"Index: eladt\u00e1k a TV2-t"},"content":{"rendered":"<p><strong>Az Index h\u00edrport\u00e1l inform\u00e1ci\u00f3i szerint a n\u00e9met ProSiebenSat1-csoport eladta a magyarorsz\u00e1gi TV2 csatorn\u00e1t \u00fczemeltet\u0151 MTM-SBS Zrt.-t. Azt \u00edrt\u00e1k: a t\u00e9v\u00e9t Simon Zsolt vez\u00e9rigazgat\u00f3, valamint a csatorna gazdas\u00e1gi igazgat\u00f3ja, Yvonne Dederick v\u00e1s\u00e1rolta meg.<!--more--><\/strong><\/p>\n<p>Koltay Tam\u00e1s, a csatorna sz\u00f3viv\u0151je az MTI megkeres\u00e9s\u00e9re annyit k\u00f6z\u00f6lt: a t\u00e9m\u00e1val kapcsolatban a tervek szerint h\u00e9tf\u0151n adj\u00e1k ki a n\u00e9met ProSiebenSat1-csoport hivatalos k\u00f6zlem\u00e9ny\u00e9t.<br \/>\nA h\u00edrport\u00e1l szerint a v\u00e9telt szombaton jelentette be a t\u00e9v\u00e9 vezet\u00e9se a dolgoz\u00f3knak. Az Index \u00fagy tudja: Simon Zsolt elismerte, hogy nincs ekkora mag\u00e1nt\u0151k\u00e9j\u00fck, de hogy milyen befektet\u0151i csoportokkal m\u0171k\u00f6dnek egy\u00fctt, azt nem \u00e1rulta el. Annyit k\u00f6z\u00f6lt, hogy a m\u00f6g\u00f6tte \u00e1ll\u00f3 c\u00e9g magyar tulajdonosi h\u00e1tt\u00e9rrel rendelkezik.(MTI)<\/p>\n","protected":false},"excerpt":{"rendered":"<p>Az Index h\u00edrport\u00e1l inform\u00e1ci\u00f3i szerint a n\u00e9met ProSiebenSat1-csoport eladta a magyarorsz\u00e1gi TV2 csatorn\u00e1t \u00fczemeltet\u0151 MTM-SBS Zrt.-t. Azt \u00edrt\u00e1k: a t\u00e9v\u00e9t Simon Zsolt vez\u00e9rigazgat\u00f3, valamint a csatorna gazdas\u00e1gi igazgat\u00f3ja, Yvonne Dederick v\u00e1s\u00e1rolta meg.<\/p>\n","protected":false},"author":1,"featured_media":0,"comment_status":"open","ping_status":"closed","sticky":false,"template":"","format":"standard","meta":[],"categories":[19],"tags":[],"_links":{"self":[{"href":"https:\/\/gazdasagportal.hu\/index.php\/wp-json\/wp\/v2\/posts\/23848"}],"collection":[{"href":"https:\/\/gazdasagportal.hu\/index.php\/wp-json\/wp\/v2\/posts"}],"about":[{"href":"https:\/\/gazdasagportal.hu\/index.php\/wp-json\/wp\/v2\/types\/post"}],"author":[{"embeddable":true,"href":"https:\/\/gazdasagportal.hu\/index.php\/wp-json\/wp\/v2\/users\/1"}],"replies":[{"embeddable":true,"href":"https:\/\/gazdasagportal.hu\/index.php\/wp-json\/wp\/v2\/comments?post=23848"}],"version-history":[{"count":1,"href":"https:\/\/gazdasagportal.hu\/index.php\/wp-json\/wp\/v2\/posts\/23848\/revisions"}],"predecessor-version":[{"id":23849,"href":"https:\/\/gazdasagportal.hu\/index.php\/wp-json\/wp\/v2\/posts\/23848\/revisions\/23849"}],"wp:attachment":[{"href":"https:\/\/gazdasagportal.hu\/index.php\/wp-json\/wp\/v2\/media?parent=23848"}],"wp:term":[{"taxonomy":"category","embeddable":true,"href":"https:\/\/gazdasagportal.hu\/index.php\/wp-json\/wp\/v2\/categories?post=23848"},{"taxonomy":"post_tag","embeddable":true,"href":"https:\/\/gazdasagportal.hu\/index.php\/wp-json\/wp\/v2\/tags?post=23848"}],"curies":[{"name":"wp","href":"https:\/\/api.w.org\/{rel}","templated":true}]}}