{"id":23824,"date":"2013-12-20T19:48:50","date_gmt":"2013-12-20T18:48:50","guid":{"rendered":"http:\/\/stockportal.hu\/?p=23824"},"modified":"2013-12-20T17:49:31","modified_gmt":"2013-12-20T16:49:31","slug":"devizahitelek-mszp-a-kormany-gyava-nem-a-kuria","status":"publish","type":"post","link":"https:\/\/gazdasagportal.hu\/index.php\/devizahitelek-mszp-a-kormany-gyava-nem-a-kuria\/","title":{"rendered":"Devizahitelek &#8211; MSZP: a korm\u00e1ny gy\u00e1va, nem a K\u00faria"},"content":{"rendered":"<p><strong>Az MSZP szerint nem a K\u00faria, hanem a korm\u00e1ny viselkedik gy\u00e1v\u00e1n a devizahitelek \u00fcgy\u00e9ben azzal, hogy a legfels\u0151bb b\u00edr\u00f3i f\u00f3rumt\u00f3l v\u00e1r megold\u00e1st.<!--more--><\/strong><\/p>\n<p>Szanyi Tibor p\u00e9nteki sajt\u00f3t\u00e1j\u00e9koztat\u00f3j\u00e1n azt mondta, a Fidesz-korm\u00e1ny egyetlen \u00e9rdemi, a probl\u00e9m\u00e1t t\u00e1rsadalmi m\u00e9retekben orvosl\u00f3 int\u00e9zked\u00e9st sem hozott a bajba jutott devizaad\u00f3sok helyzet\u00e9nek megk\u00f6nny\u00edt\u00e9s\u00e9re, csak a j\u00f3m\u00f3d\u00faakat seg\u00edtette.<br \/>\nA korm\u00e1ny nem cselekszik, noha ez lenne a dolga, \u00e9s a parlamenti t\u00f6bbs\u00e9ge is megvan hozz\u00e1, ehelyett gy\u00e1v\u00e1n &#8222;pr\u00f3b\u00e1lja m\u00e1sok szerv\u00e9vel verni a csal\u00e1nt, ez esetben a K\u00fari\u00e1\u00e9val&#8221; &#8211; fogalmazott a szocialista politikus.<br \/>\nHozz\u00e1tette: a korm\u00e1ny azt v\u00e1rta, hogy majd a K\u00faria elv\u00e9gzi helyette \u00fagymond a piszkos munk\u00e1t, \u00e1m a b\u00edr\u00f3s\u00e1g egy jog\u00e1llamban nem veheti \u00e1t a kabinet szerep\u00e9t. Ez nem is t\u00f6rt\u00e9nt meg, &#8222;a jog\u00e1llam m\u00e9g holt\u00e1ban is visszar\u00fagott, pof\u00e1n r\u00fagta Orb\u00e1n\u00e9k korm\u00e1ny\u00e1t&#8221; &#8211; jelentette ki.<br \/>\nAz MSZP szerint t\u00f6rv\u00e9nyileg kellene lehet\u0151v\u00e9 tenni, hogy minden devizahiteles \u00fajrat\u00e1rgyalhassa a maga szerz\u0151d\u00e9s\u00e9t, ak\u00e1r \u00fagy, hogy egy m\u00e1sik p\u00e9nzint\u00e9zethez viszi \u00e1t a hitel\u00e9t &#8211; k\u00f6z\u00f6lte a p\u00e1rt eln\u00f6ks\u00e9gi tagja.<br \/>\nArra, hogy K\u00f3sa Lajos, a Fidesz aleln\u00f6ke p\u00e9nteken azt mondta, a szocialist\u00e1knak mindig, amikor a devizahitelek \u00fcgy\u00e9ben megsz\u00f3lalnak, el\u0151sz\u00f6r bocs\u00e1natot kellene k\u00e9rni\u00fck az emberekt\u0151l, mert az eg\u00e9sz probl\u00e9m\u00e1t \u0151k okozt\u00e1k, Szanyi Tibor \u00edgy v\u00e1laszolt: &#8222;csak egy dolog miatt vagyok k\u00e9pes bocs\u00e1natot k\u00e9rni az emberekt\u0151l, hogy m\u00e9g nem fogtam be k\u00e9t k\u00e9zzel K\u00f3sa Lajos mocskos sz\u00e1j\u00e1t, de lehet, hogy ezt k\u00e9ne csin\u00e1lni&#8221;.<br \/>\n&#8222;Ez az ember volt az, aki elind\u00edtotta a lavin\u00e1t, aki megl\u00f6kte a lejt\u0151n az \u00e1rfolyamot&#8221; &#8211; jelentette ki, megjegyezve: K\u00f3sa Lajos maga is t\u00edzmilli\u00f3s nagys\u00e1grendben vett fel devizahitelt, a haszon\u00e9lvez\u0151je volt ennek \u00e9s az ad\u00f3sment\u00e9snek is.<br \/>\nA K\u00faria h\u00e9tf\u0151n \u00fagy d\u00f6nt\u00f6tt, a devizaalap\u00fa k\u00f6lcs\u00f6nszerz\u0151d\u00e9s \u00f6nmag\u00e1ban az ad\u00f3st terhel\u0151 \u00e1rfolyamkock\u00e1zat miatt nem \u00fctk\u00f6zik jogszab\u00e1lyba. Az \u00e1rfolyam-k\u00fcl\u00f6nb\u00f6zet \u00e9s az egyoldal\u00fa szerz\u0151d\u00e9sm\u00f3dos\u00edt\u00e1sok jogoss\u00e1g\u00e1nak k\u00e9rd\u00e9s\u00e9ben azonban nem foglalt \u00e1ll\u00e1st, hanem a Eur\u00f3pai B\u00edr\u00f3s\u00e1ghoz fordult.<br \/>\nK\u00f3sa Lajos p\u00e9nteken b\u00edr\u00e1lta, csal\u00f3d\u00e1skelt\u0151nek nevezte a K\u00faria-hat\u00e1rozatot. Azt pedig, hogy a legfels\u0151bb b\u00edr\u00f3i f\u00f3rum az Eur\u00f3pai B\u00edr\u00f3s\u00e1ghoz fordult, gy\u00e1va, rossz, konfliktusker\u00fcl\u0151 l\u00e9p\u00e9sk\u00e9nt, id\u0151h\u00faz\u00e1sk\u00e9nt \u00e9rt\u00e9kelte, ami csak a bankoknak kedvez. A Fidesz-aleln\u00f6k \u00e1ll\u00e1spontja szerint ehelyett a K\u00fari\u00e1nak miel\u0151bb hat\u00e1roznia kellene.<br \/>\nOrb\u00e1n Viktor minisztereln\u00f6k Br\u00fcsszelben \u00fajs\u00e1g\u00edr\u00f3knak \u00fagy nyilatkozott: egyet\u00e9rt azokkal, akik s\u00fcrgetik a K\u00fari\u00e1t, hogy min\u00e9l hamarabb hozza meg a d\u00f6nt\u00e9st az \u00e1rfolyamr\u00e9s \u00e9s az egyoldal\u00faan m\u00f3dos\u00edtott kamatok k\u00e9rd\u00e9s\u00e9ben.(MTI)<\/p>\n","protected":false},"excerpt":{"rendered":"<p>Az MSZP szerint nem a K\u00faria, hanem a korm\u00e1ny viselkedik gy\u00e1v\u00e1n a devizahitelek \u00fcgy\u00e9ben azzal, hogy a legfels\u0151bb b\u00edr\u00f3i f\u00f3rumt\u00f3l v\u00e1r megold\u00e1st.<\/p>\n","protected":false},"author":1,"featured_media":0,"comment_status":"open","ping_status":"closed","sticky":false,"template":"","format":"standard","meta":[],"categories":[18],"tags":[],"_links":{"self":[{"href":"https:\/\/gazdasagportal.hu\/index.php\/wp-json\/wp\/v2\/posts\/23824"}],"collection":[{"href":"https:\/\/gazdasagportal.hu\/index.php\/wp-json\/wp\/v2\/posts"}],"about":[{"href":"https:\/\/gazdasagportal.hu\/index.php\/wp-json\/wp\/v2\/types\/post"}],"author":[{"embeddable":true,"href":"https:\/\/gazdasagportal.hu\/index.php\/wp-json\/wp\/v2\/users\/1"}],"replies":[{"embeddable":true,"href":"https:\/\/gazdasagportal.hu\/index.php\/wp-json\/wp\/v2\/comments?post=23824"}],"version-history":[{"count":1,"href":"https:\/\/gazdasagportal.hu\/index.php\/wp-json\/wp\/v2\/posts\/23824\/revisions"}],"predecessor-version":[{"id":23825,"href":"https:\/\/gazdasagportal.hu\/index.php\/wp-json\/wp\/v2\/posts\/23824\/revisions\/23825"}],"wp:attachment":[{"href":"https:\/\/gazdasagportal.hu\/index.php\/wp-json\/wp\/v2\/media?parent=23824"}],"wp:term":[{"taxonomy":"category","embeddable":true,"href":"https:\/\/gazdasagportal.hu\/index.php\/wp-json\/wp\/v2\/categories?post=23824"},{"taxonomy":"post_tag","embeddable":true,"href":"https:\/\/gazdasagportal.hu\/index.php\/wp-json\/wp\/v2\/tags?post=23824"}],"curies":[{"name":"wp","href":"https:\/\/api.w.org\/{rel}","templated":true}]}}