{"id":23771,"date":"2013-12-20T09:29:08","date_gmt":"2013-12-20T08:29:08","guid":{"rendered":"http:\/\/stockportal.hu\/?p=23771"},"modified":"2013-12-20T09:29:08","modified_gmt":"2013-12-20T08:29:08","slug":"ev-vegere-tobb-mint-egy-evtizede-nem-latott-optimizmus-uralkodott-el-magyarorszagon","status":"publish","type":"post","link":"https:\/\/gazdasagportal.hu\/index.php\/ev-vegere-tobb-mint-egy-evtizede-nem-latott-optimizmus-uralkodott-el-magyarorszagon\/","title":{"rendered":"\u00c9v v\u00e9g\u00e9re t\u00f6bb mint egy \u00e9vtizede nem l\u00e1tott optimizmus uralkodott el Magyarorsz\u00e1gon"},"content":{"rendered":"<p><strong>\u00c9v v\u00e9g\u00e9re t\u00f6bb mint egy \u00e9vtizede nem l\u00e1tott optimizmus uralkodott el Magyarorsz\u00e1gon: decemberben folytat\u00f3dott a GKI-Erste konjunkt\u00fara-index szezon\u00e1lis hat\u00e1sokt\u00f3l megtiszt\u00edtott \u00e9rt\u00e9k\u00e9nek szinte eg\u00e9sz \u00e9vben folyamatos, l\u00e1tv\u00e1nyos emelked\u00e9se, az index az \u00e9v v\u00e9g\u00e9re t\u00f6bb mint t\u00edz\u00e9ves cs\u00facsot \u00e9rt el.<!--more--><\/strong><\/p>\n<p>A GKI Gazdas\u00e1gkutat\u00f3 \u00e1ltal az Eur\u00f3pai Uni\u00f3 t\u00e1mogat\u00e1s\u00e1val v\u00e9gzett felm\u00e9r\u00e9s szerint a GKI-Erste konjunkt\u00faraindex a novemberi m\u00ednusz 6,1 pontr\u00f3l m\u00ednusz 2,9 pontra javult decemberben. Az index szezon\u00e1lis hat\u00e1sokt\u00f3l megtiszt\u00edtott \u00e9rt\u00e9k\u00e9nek trendje 2012 v\u00e9g\u00e9t\u0151l emelked\u0151, a mostanihoz hasonl\u00f3 \u00e9rt\u00e9k utolj\u00e1ra 2002 \u0151sz\u00e9n volt.<br \/>\nAz \u00fczleti bizalmi index decemberben plusz 4 pontra n\u0151tt a novemberi m\u00ednusz 0,1 pontr\u00f3l, a mutat\u00f3 legut\u00f3bb 2011 \u00e1prilis\u00e1ban tart\u00f3zkodott a pozit\u00edv tartom\u00e1nyban, \u00e9s 2001 m\u00e1rciusban volt ezzel megegyez\u0151.<br \/>\nA fogyaszt\u00f3i bizalmi index m\u00ednusz 22,7 pont volt decemberben a novemberi m\u00ednusz 23,3 pont ut\u00e1n. Az \u00e9rt\u00e9k utolj\u00e1ra 2010 november\u00e9ben volt enn\u00e9l magasabb.<br \/>\nAz \u00fczleti szf\u00e9r\u00e1n bel\u00fcl decemberben minden \u00e1gazat v\u00e1rakoz\u00e1sa kedvez\u0151bb lett, k\u00fcl\u00f6n\u00f6sen a kereskedelmi \u00e9s szolg\u00e1ltat\u00f3 v\u00e1llalatok\u00e9. Az optimista c\u00e9gek ar\u00e1nya \u00f6sszess\u00e9g\u00e9ben imm\u00e1r meghaladta a pesszimist\u00e1k\u00e9t, amire utolj\u00e1ra 2010 v\u00e9g\u00e9n volt p\u00e9lda.<br \/>\nCsak az \u00e9p\u00edt\u0151ipari bizalmi index maradt negat\u00edv tartom\u00e1nyban. \u00a0\u00a0\u00a0\u00a0Az iparban egyar\u00e1nt kedvez\u0151bb lett az elm\u00falt id\u0151szaki \u00e9s a v\u00e1rhat\u00f3 termel\u00e9s, valamint a rendel\u00e9s\u00e1llom\u00e1ny &#8211; ezen bel\u00fcl az exportrendel\u00e9sek &#8211; meg\u00edt\u00e9l\u00e9se. Az \u00e9p\u00edt\u0151iparban a novemberi megtorpan\u00e1s ut\u00e1n decemberben tov\u00e1bb old\u00f3dott a pesszimizmus. Az el\u0151z\u0151 h\u00e1rom h\u00f3nap termel\u00e9si sz\u00ednvonal\u00e1r\u00f3l \u00e9s a rendel\u00e9s\u00e1llom\u00e1nyr\u00f3l alkotott v\u00e9lem\u00e9ny sz\u00e1mottev\u0151en javult novemberhez k\u00e9pest.<br \/>\nA kereskedelmi bizalmi index nagyon jelent\u0151sen emelkedett. Az elad\u00e1si poz\u00edci\u00f3r\u00f3l, a k\u00e9szletszintr\u0151l \u00e9s a v\u00e1rhat\u00f3 rendel\u00e9sekr\u0151l egyar\u00e1nt kedvez\u0151bben nyilatkoztak a megk\u00e9rdezettek. A szolg\u00e1ltat\u00f3 c\u00e9gek k\u00fcl\u00f6n\u00f6sen a v\u00e1rhat\u00f3 forgalmat l\u00e1tt\u00e1k a novemberin\u00e9l kedvez\u0151bben, de javult az \u00e1ltal\u00e1nos \u00fczletmenetr\u0151l alkotott v\u00e9lem\u00e9ny\u00fck is. Az el\u0151z\u0151 id\u0151szak forgalm\u00e1t viszont roml\u00f3nak \u00e9rezt\u00e9k a v\u00e1laszad\u00f3k.<br \/>\nA foglalkoztat\u00e1si sz\u00e1nd\u00e9k az \u00e9p\u00edt\u0151ipar kiv\u00e9tel\u00e9vel &#8211; ahol nem v\u00e1ltozott &#8211; minden \u00e1gazatban er\u0151s\u00f6d\u00f6tt, s enyh\u00fclt a lakoss\u00e1g munkan\u00e9lk\u00fclis\u00e9gt\u0151l val\u00f3 f\u00e9lelme. Az \u00e1remel\u00e9si t\u00f6rekv\u00e9s az iparban \u00e9l\u00e9nkebb lett, az \u00e9p\u00edt\u0151iparban pedig enyh\u00fclt a defl\u00e1ci\u00f3s nyom\u00e1s. A kereskedelmi c\u00e9gek k\u00f6r\u00e9ben cs\u00f6kkent az \u00e1remel\u00e9st tervez\u0151k ar\u00e1nya \u00e9s kiss\u00e9 az \u00e1rn\u00f6vel\u00e9s m\u00e9rt\u00e9ke is. A szolg\u00e1ltat\u00f3k k\u00f6r\u00e9ben is az \u00e1rcs\u00f6kken\u00e9sre sz\u00e1m\u00edt\u00f3k vannak t\u00f6bben. Cs\u00f6kkent a fogyaszt\u00f3k infl\u00e1ci\u00f3s v\u00e1rakoz\u00e1sa is. Minden \u00e1gazatban sokat javult a magyar gazdas\u00e1g kil\u00e1t\u00e1sainak meg\u00edt\u00e9l\u00e9se, s kedvez\u0151bb lett a lakoss\u00e1g v\u00e9lem\u00e9nye is.<br \/>\nA GKI fogyaszt\u00f3i bizalmi index decemberben h\u00e1romhavi, nagyon er\u0151teljes n\u00f6veked\u00e9st k\u00f6vet\u0151en m\u00e1r csak minim\u00e1lisan emelkedett tov\u00e1bb, de \u00edgy is kezdi megk\u00f6zel\u00edteni a 2010. \u00e9vi v\u00e1laszt\u00e1sokat k\u00f6vet\u0151 cs\u00facspontj\u00e1t. A lakoss\u00e1g saj\u00e1t p\u00e9nz\u00fcgyi helyzet\u00e9nek k\u00f6vetkez\u0151 egy \u00e9v\u00e9t decemberben kedvez\u0151bbnek, v\u00e1rhat\u00f3 megtakar\u00edt\u00e1si k\u00e9pess\u00e9g\u00e9t viszont kiss\u00e9 rosszabbnak \u00e9rezte, mint novemberben.(MTI)<\/p>\n","protected":false},"excerpt":{"rendered":"<p>\u00c9v v\u00e9g\u00e9re t\u00f6bb mint egy \u00e9vtizede nem l\u00e1tott optimizmus uralkodott el Magyarorsz\u00e1gon: decemberben folytat\u00f3dott a GKI-Erste konjunkt\u00fara-index szezon\u00e1lis hat\u00e1sokt\u00f3l megtiszt\u00edtott \u00e9rt\u00e9k\u00e9nek szinte eg\u00e9sz \u00e9vben folyamatos, l\u00e1tv\u00e1nyos emelked\u00e9se, az index az \u00e9v v\u00e9g\u00e9re t\u00f6bb mint t\u00edz\u00e9ves cs\u00facsot \u00e9rt el.<\/p>\n","protected":false},"author":1,"featured_media":0,"comment_status":"open","ping_status":"closed","sticky":false,"template":"","format":"standard","meta":[],"categories":[19],"tags":[],"_links":{"self":[{"href":"https:\/\/gazdasagportal.hu\/index.php\/wp-json\/wp\/v2\/posts\/23771"}],"collection":[{"href":"https:\/\/gazdasagportal.hu\/index.php\/wp-json\/wp\/v2\/posts"}],"about":[{"href":"https:\/\/gazdasagportal.hu\/index.php\/wp-json\/wp\/v2\/types\/post"}],"author":[{"embeddable":true,"href":"https:\/\/gazdasagportal.hu\/index.php\/wp-json\/wp\/v2\/users\/1"}],"replies":[{"embeddable":true,"href":"https:\/\/gazdasagportal.hu\/index.php\/wp-json\/wp\/v2\/comments?post=23771"}],"version-history":[{"count":1,"href":"https:\/\/gazdasagportal.hu\/index.php\/wp-json\/wp\/v2\/posts\/23771\/revisions"}],"predecessor-version":[{"id":23772,"href":"https:\/\/gazdasagportal.hu\/index.php\/wp-json\/wp\/v2\/posts\/23771\/revisions\/23772"}],"wp:attachment":[{"href":"https:\/\/gazdasagportal.hu\/index.php\/wp-json\/wp\/v2\/media?parent=23771"}],"wp:term":[{"taxonomy":"category","embeddable":true,"href":"https:\/\/gazdasagportal.hu\/index.php\/wp-json\/wp\/v2\/categories?post=23771"},{"taxonomy":"post_tag","embeddable":true,"href":"https:\/\/gazdasagportal.hu\/index.php\/wp-json\/wp\/v2\/tags?post=23771"}],"curies":[{"name":"wp","href":"https:\/\/api.w.org\/{rel}","templated":true}]}}