{"id":23756,"date":"2013-12-19T22:04:40","date_gmt":"2013-12-19T21:04:40","guid":{"rendered":"http:\/\/stockportal.hu\/?p=23756"},"modified":"2013-12-19T20:48:30","modified_gmt":"2013-12-19T19:48:30","slug":"az-eu-penzugyminiszterei-megallapodtak-az-egyseges-bankszanalasi-mechanizmusrol","status":"publish","type":"post","link":"https:\/\/gazdasagportal.hu\/index.php\/az-eu-penzugyminiszterei-megallapodtak-az-egyseges-bankszanalasi-mechanizmusrol\/","title":{"rendered":"Az EU p\u00e9nz\u00fcgyminiszterei meg\u00e1llapodtak az egys\u00e9ges bankszan\u00e1l\u00e1si mechanizmusr\u00f3l"},"content":{"rendered":"<p><strong>Az Eur\u00f3pai Uni\u00f3 28 p\u00e9nz\u00fcgyminisztere meg\u00e1llapodott szerda este a bankuni\u00f3 k\u00f6vetkez\u0151 elem\u00e9r\u0151l, az egys\u00e9ges bankszan\u00e1l\u00e1si mechanizmusr\u00f3l (SRM) &#8211; jelentett\u00e9k be hivatalos forr\u00e1sok.<!--more--><\/strong><\/p>\n<p>Az SRM-ben a tag\u00e1llamok \u00fajabb jogokat ruh\u00e1znak \u00e1t Br\u00fcsszelre, amelyekkel az meg tudja akad\u00e1lyozni, hogy a felel\u0151tlen\u00fcl hitelez\u0151 bankok \u00e1rtsanak az eg\u00e9sz gazdas\u00e1gnak. Minden tag\u00e1llamnak el\u0151sz\u00f6r k\u00f6telez\u0151 lesz fel\u00e1ll\u00edtani egy bankszan\u00e1l\u00e1si alapot, majd ezeket t\u00edz \u00e9v ut\u00e1n egyetlen k\u00f6z\u00f6s alapban egyes\u00edtik az eur\u00f3z\u00f3n\u00e1ban \u00e9s a mechanizmushoz csatlakoz\u00f3 orsz\u00e1gokban. Ezzel p\u00e1rhozamosan az Eur\u00f3pai K\u00f6zponti Bank (EKB) a k\u00f6zvetlen ellen\u0151rz\u00e9se alatt tartja az eur\u00f3z\u00f3na 130 legnagyobb bankj\u00e1t, amelyek az \u00f6vezet banki \u00f6sszvagyon\u00e1nak 85 sz\u00e1zal\u00e9k\u00e1t kezelik. N\u00e9metorsz\u00e1g k\u00e9r\u00e9s\u00e9nek megfelel\u0151en az EKB a nemzeti hat\u00f3s\u00e1gokon kereszt\u00fcl fel\u00fcgyelni fogja a t\u00f6bbi 6000 bankot is.<br \/>\nMichel Barnier, az uni\u00f3 p\u00e9nzpiacok\u00e9rt felel\u0151s biztosa k\u00f6z\u00f6lte: forradalmi v\u00e1ltoz\u00e1sok k\u00f6vetkeznek az eur\u00f3pai bankrendszerben, hogy ne az ad\u00f3fizet\u0151knek kelljen \u00e1llniuk a bankv\u00e1ls\u00e1gok \u00e1r\u00e1t, \u00e9s hogy v\u00e9ge legyen a hatalmas bankment\u0151csomagok kor\u00e1nak. Az \u00faj rendszer p\u00e9nz\u00fcgyi stabilit\u00e1st teremt, hogy a bankok ism\u00e9t a val\u00f3di gazdas\u00e1gnak tudjanak hitelezni \u00e9s el\u0151seg\u00edts\u00e9k a n\u00f6veked\u00e9st \u00e9s a munkahelyteremt\u00e9st &#8211; mondta Barnier.<br \/>\nAz egyik legnagyobb vit\u00e1s k\u00e9rd\u00e9s az volt &#8211; N\u00e9metorsz\u00e1g \u00e9s Franciaorsz\u00e1g k\u00f6z\u00f6tt -, hogy v\u00e9g\u00fcl ki d\u00f6nti el, be kell-e z\u00e1rni egy bizonyos bankot, \u00e9s hogy ennek a k\u00f6lts\u00e9g\u00e9t ki fogja fedezni. Most \u00fagy t\u0171nik, hogy a n\u00e9met \u00e1ll\u00e1spont gy\u0151zedelmeskedett, s a bankbez\u00e1r\u00e1s felel\u0151ss\u00e9ge a nemzeti korm\u00e1nyok\u00e9. P\u00e1rizs azt szerette volna, ha az Eur\u00f3pai Bizotts\u00e1g mondja ki a v\u00e9gs\u0151 sz\u00f3t.<br \/>\nA p\u00e9nz\u00fcgyminiszterek k\u00f6z\u00f6tt sz\u00fcletett meg\u00e1llapod\u00e1s \u00e9rtelm\u00e9ben t\u00f6bbl\u00e9pcs\u0151s lesz a d\u00f6nt\u00e9si folyamat. Az SRM hat\u00e1sk\u00f6r\u00e9be automatikusan az EKB \u00e1ltal fel\u00fcgyelt bankok \u00e9s a csatlakoz\u00f3 \u00e1llamokban a hat\u00e1rokon \u00e1tny\u00fal\u00f3 tev\u00e9kenys\u00e9get folytat\u00f3 p\u00e9nzint\u00e9zetek ker\u00fclnek be. A szan\u00e1l\u00e1shoz a startpisztolyt az EKB-n bel\u00fcl m\u0171k\u00f6d\u0151 fel\u00fcgyelet s\u00fcti majd el. Azon bel\u00fcl is fel\u00e1ll egy v\u00e9grehajt\u00f3 bizotts\u00e1g, amely a fel\u00fcgyelet eln\u00f6k\u00e9b\u0151l, n\u00e9gy f\u00fcggetlen szak\u00e9rt\u0151b\u0151l \u00e9s a bank anya- \u00e9s le\u00e1nyv\u00e1llalatainak otthont ad\u00f3 orsz\u00e1gok p\u00e9nz\u00fcgyi fel\u00fcgyeleteinek k\u00e9pvisel\u0151ib\u0151l \u00e1ll majd. Nekik egyhang\u00fa d\u00f6nt\u00e9st kell hozniuk, ha az nem siker\u00fcl, az eln\u00f6k \u00e9s a n\u00e9gy f\u00fcggetlen szak\u00e9rt\u0151 d\u00f6nt, a fel\u00fcgyeleti test\u00fclet teljes pl\u00e9numa csak akkor kapcsol\u00f3dik be, ha a bank szan\u00e1l\u00e1sa a teljes szan\u00e1l\u00e1si alap t\u00f6bb mint negyed\u00e9t kimer\u00edten\u00e9. A d\u00f6nt\u00e9st pedig az Eur\u00f3pai Bizotts\u00e1gnak kell majd szentes\u00edtenie. A folyamatba kiv\u00e9teles esetekben a szakminiszterek tan\u00e1csa is bekapcsol\u00f3dhat. A tervek szerint ez a teljes folyamat lefolytathat\u00f3 egyetlen h\u00e9tv\u00e9ge alatt, am\u00edg a bank z\u00e1rva van.<br \/>\nDiplomat\u00e1k ugyanakkor felh\u00edvt\u00e1k a figyelmet, hogy a k\u00e9p egyel\u0151re tov\u00e1bbra sem teljesen tiszta, \u00edgy az eur\u00f3z\u00f3n\u00e1n k\u00edv\u00fcli tag\u00e1llamok egyel\u0151re kiv\u00e1rnak azzal kapcsolatban, hogy csatlakozzanak-e, \u00e9s ha igen, mikor az egys\u00e9ges bankfel\u00fcgyeleti \u00e9s bankszan\u00e1l\u00e1si mechanizmushoz, amely egyel\u0151re csak az eur\u00f3z\u00f3na tagjai sz\u00e1m\u00e1ra k\u00f6telez\u0151 \u00e9s automatikus. A p\u00e9nz\u00fcgyminiszterek tan\u00e1csa \u00e1ltal kialak\u00edtott kompromisszum ugyanis l\u00e9nyegi k\u00e9rd\u00e9sekben elt\u00e9r az Eur\u00f3pai Parlament (EP) \u00e1ltal elfogadott v\u00e1ltozatt\u00f3l, az uni\u00f3s jogszab\u00e1ly megsz\u00fclet\u00e9s\u00e9hez pedig a k\u00e9t t\u00e1rsjogalkot\u00f3 int\u00e9zm\u00e9ny, az EP \u00e9s a miniszteri tan\u00e1cs egyet\u00e9rt\u00e9s\u00e9re van sz\u00fcks\u00e9g.<br \/>\nMartin Schulz, az Eur\u00f3pai Parlament eln\u00f6ke cs\u00fct\u00f6rt\u00f6k d\u00e9lut\u00e1n a Twitteren k\u00f6zz\u00e9tett \u00fczenet\u00e9ben egy\u00e9rtelm\u0171en kijelentette: az EP abban a form\u00e1ban nem tudja elfogadni az SRM l\u00e9trehoz\u00e1s\u00e1t, ahogyan azt a p\u00e9nz\u00fcgyminiszterek elk\u00e9pzelik.<br \/>\n&#8222;A bajba jutott bankok megment\u00e9s\u00e9re vagy likvid\u00e1l\u00e1s\u00e1ra kidolgozott rendszernek egyszer\u0171bbnek \u00e9s hat\u00e9konyabbnak kell lennie&#8221; &#8211; sz\u00f6gezte le Schulz.<br \/>\nKulcsk\u00e9rd\u00e9s volt m\u00e9g a szerdai p\u00e9nz\u00fcgyminiszteri tan\u00e1cskoz\u00e1son, hogy mi legyen az a v\u00e9d\u0151h\u00e1l\u00f3, illetve legyen-e egy\u00e1ltal\u00e1n ilyen, amely akkor finansz\u00edrozza a bankszan\u00e1l\u00e1st, ha az alap kimer\u00fcl.<br \/>\nA bankok szan\u00e1l\u00e1s\u00e1nak menet\u00e9t ugyanis k\u00fcl\u00f6n ir\u00e1nyelv szab\u00e1lyozza, amely mind a 28 tag\u00e1llamra \u00e9rv\u00e9nyes. Ez hat\u00e1rozza meg, hogy milyen sorrendben \u00e9s kiknek a p\u00e9nz\u00e9t, mikor lehet felhaszn\u00e1lni egy bajba jutott bank helyzet\u00e9nek rendez\u00e9s\u00e9hez. A c\u00e9l az, hogy a folyamat \u00fagy legyen lefolytathat\u00f3, hogy az ad\u00f3fizet\u0151knek, a tag\u00e1llami k\u00f6lts\u00e9gvet\u00e9seknek min\u00e9l kevesebb p\u00e9nzzel kelljen ehhez hozz\u00e1j\u00e1rulniuk.<br \/>\nAz SRM viszont csak az eur\u00f3z\u00f3na tagjai sz\u00e1m\u00e1ra lesz k\u00f6telez\u0151, illetve azoknak, akik \u00fagy d\u00f6ntenek, hogy &#8211; b\u00e1r nem haszn\u00e1lj\u00e1k az eur\u00f3t &#8211; csatlakoznak. A hat\u00e1lybal\u00e9p\u00e9st k\u00f6vet\u0151 10 \u00e9v alatt a tag\u00e1llamok saj\u00e1t bankszan\u00e1l\u00e1si alapjait &#8211; amelyet a bankszektorra kivetett terhekb\u0151l t\u00f6ltenek fel &#8211; egy egys\u00e9ges, 55 milli\u00e1rd eur\u00f3s k\u00f6z\u00f6s bankszan\u00e1l\u00e1si alap v\u00e1ltja majd fel.<br \/>\nA p\u00e9nz\u00fcgyminiszterek arr\u00f3l is d\u00f6nt\u00f6ttek, hogy majd akkor lesz k\u00f6z\u00f6s p\u00e9nz\u00fcgyi v\u00e9d\u0151h\u00e1l\u00f3, ha l\u00e9trej\u00f6tt az 55 milli\u00e1rdos alap.(MTI)<\/p>\n","protected":false},"excerpt":{"rendered":"<p>Az Eur\u00f3pai Uni\u00f3 28 p\u00e9nz\u00fcgyminisztere meg\u00e1llapodott szerda este a bankuni\u00f3 k\u00f6vetkez\u0151 elem\u00e9r\u0151l, az egys\u00e9ges bankszan\u00e1l\u00e1si mechanizmusr\u00f3l (SRM) &#8211; jelentett\u00e9k be hivatalos forr\u00e1sok.<\/p>\n","protected":false},"author":1,"featured_media":0,"comment_status":"open","ping_status":"closed","sticky":false,"template":"","format":"standard","meta":[],"categories":[12],"tags":[],"_links":{"self":[{"href":"https:\/\/gazdasagportal.hu\/index.php\/wp-json\/wp\/v2\/posts\/23756"}],"collection":[{"href":"https:\/\/gazdasagportal.hu\/index.php\/wp-json\/wp\/v2\/posts"}],"about":[{"href":"https:\/\/gazdasagportal.hu\/index.php\/wp-json\/wp\/v2\/types\/post"}],"author":[{"embeddable":true,"href":"https:\/\/gazdasagportal.hu\/index.php\/wp-json\/wp\/v2\/users\/1"}],"replies":[{"embeddable":true,"href":"https:\/\/gazdasagportal.hu\/index.php\/wp-json\/wp\/v2\/comments?post=23756"}],"version-history":[{"count":1,"href":"https:\/\/gazdasagportal.hu\/index.php\/wp-json\/wp\/v2\/posts\/23756\/revisions"}],"predecessor-version":[{"id":23757,"href":"https:\/\/gazdasagportal.hu\/index.php\/wp-json\/wp\/v2\/posts\/23756\/revisions\/23757"}],"wp:attachment":[{"href":"https:\/\/gazdasagportal.hu\/index.php\/wp-json\/wp\/v2\/media?parent=23756"}],"wp:term":[{"taxonomy":"category","embeddable":true,"href":"https:\/\/gazdasagportal.hu\/index.php\/wp-json\/wp\/v2\/categories?post=23756"},{"taxonomy":"post_tag","embeddable":true,"href":"https:\/\/gazdasagportal.hu\/index.php\/wp-json\/wp\/v2\/tags?post=23756"}],"curies":[{"name":"wp","href":"https:\/\/api.w.org\/{rel}","templated":true}]}}