{"id":23754,"date":"2013-12-20T06:04:51","date_gmt":"2013-12-20T05:04:51","guid":{"rendered":"http:\/\/stockportal.hu\/?p=23754"},"modified":"2013-12-19T20:43:52","modified_gmt":"2013-12-19T19:43:52","slug":"putyin-megkegyelmez-hodorkovszkijnak-es-gyakorlatias-dontesnek-tartja-az-ukrajnanak-igert-segitseget","status":"publish","type":"post","link":"https:\/\/gazdasagportal.hu\/index.php\/putyin-megkegyelmez-hodorkovszkijnak-es-gyakorlatias-dontesnek-tartja-az-ukrajnanak-igert-segitseget\/","title":{"rendered":"Putyin megkegyelmez Hodorkovszkijnak, \u00e9s gyakorlatias d\u00f6nt\u00e9snek tartja az Ukrajn\u00e1nak \u00edg\u00e9rt seg\u00edts\u00e9get"},"content":{"rendered":"<p><strong>Vlagyimir Putyin k\u00f6z\u00f6lte, hogy hamarosan megkegyelmez Mihail Hodorkovszkij beb\u00f6rt\u00f6nz\u00f6tt orosz olajm\u00e1gn\u00e1snak. Az orosz \u00e1llamf\u0151 cs\u00fct\u00f6rt\u00f6ki \u00e9v\u00e9rt\u00e9kel\u0151 nemzetk\u00f6zi sajt\u00f3\u00e9rtekezlet\u00e9n\u00a0\u00a0v\u00e9delm\u00e9be vettte az Ukrajn\u00e1nak sz\u00e1nt p\u00e9nz\u00fcgyi-gazdas\u00e1gi seg\u00edts\u00e9get.<!--more--><\/strong><\/p>\n<p>Az orosz eln\u00f6k a szenz\u00e1ci\u00f3sz\u00e1mba men\u0151 h\u00edrr\u0151l, Hodorkovszkij megkegyelmez\u00e9s\u00e9r\u0151l a sajt\u00f3\u00e9rtekezlet ut\u00e1n nyilatkozott, amikor a mikrofonokat m\u00e1r kikapcsolt\u00e1k. Putyin azt mondta, hogy maga az olajm\u00e1gn\u00e1s k\u00e9rt kegyelmet, \u00e9s \u0151 teljes\u00edti azt. &#8222;T\u00f6bb mint t\u00edz \u00e9vet t\u00f6lt\u00f6tt b\u00f6rt\u00f6nben, ez m\u00e1r el\u00e9g hossz\u00fa id\u0151, ideje d\u00f6nt\u00e9st hozni (a kegyelemr\u0151l). Hamarosan al\u00e1 lesz \u00edrva a megfelel\u0151 utas\u00edt\u00e1s&#8221; &#8211; mondta az eln\u00f6k. Arr\u00f3l is besz\u00e9lt, hogy Hodorkovszkij a kegyelmi k\u00e9rv\u00e9ny\u00e9ben emberiess\u00e9gi okokra hivatkozik \u00e9s azt \u00edrta, hogy az \u00e9desanyja beteg.<br \/>\nHodorkovszkij \u00fcgyv\u00e9dei viszont nem tudtak\u00a0\u00a0a kegyelmi k\u00e9rv\u00e9nyr\u0151l \u00e9s a honlapjukon azt k\u00f6z\u00f6lt\u00e9k, hogy am\u00edg nem tal\u00e1lkozhatnak v\u00e9denc\u00fckkel,\u00a0\u00a0addig nem nyilatkoznak.<br \/>\nA Yukos (Jukosz) olajv\u00e1llalat egykori f\u0151r\u00e9szv\u00e9nyes\u00e9t 2003-ban tart\u00f3ztatt\u00e1k le, de az\u00f3ta k\u00e9t \u00fcgyben is \u00edt\u00e9lkeztek felette. 2005-ben 8,\u00a0\u00a02010-ben 14 \u00e9v szabads\u00e1gveszt\u00e9st kapott, amelyet k\u00e9s\u0151bb cs\u00f6kkentettek, \u00edgy 2014 augusztus\u00e1ban hagyhatn\u00e1 el b\u00f6rt\u00f6n\u00e9t.<br \/>\nVlagyimir Putyin \u00e9vz\u00e1r\u00f3-\u00e9v\u00e9rt\u00e9kel\u0151 sajt\u00f3\u00e9rtekezlet\u00e9n mintegy 1300 \u00fajs\u00e1g\u00edr\u00f3 vett r\u00e9szt. Az \u00e9l\u0151 telev\u00edzi\u00f3s ad\u00e1sban k\u00f6zvet\u00edtett esem\u00e9nyen els\u0151sorban belpolitikai, gazdas\u00e1gi, szoci\u00e1lis \u00fcgyekr\u0151l esett sz\u00f3. Azok az \u00fajs\u00e1g\u00edr\u00f3k, akik sz\u00f3t kaptak, a r\u00e9gi\u00f3k gazdas\u00e1gi gondjair\u00f3l, korrupci\u00f3s \u00fcgyekr\u0151l, rend\u0151rs\u00e9gi vissza\u00e9l\u00e9sekr\u0151l besz\u00e9ltek \u00e9s k\u00e9rtek seg\u00edts\u00e9get. Az egyik esetben a legf\u0151bb \u00fcgy\u00e9sz azonnal int\u00e9zkedett: a Habarovszki ter\u00fcleten l\u00e9v\u0151 Vanyino kik\u00f6t\u0151j\u00e9be vizsg\u00e1l\u00f3kat k\u00fcld\u00f6tt, ahol egy helyi \u00fajs\u00e1g\u00edr\u00f3 szerint a ter\u00fcleti befoly\u00e1s\u00e9rt folyik a harc a rend\u0151rs\u00e9g \u00e9s a k\u00e1b\u00edt\u00f3szer ellenes hat\u00f3s\u00e1g k\u00f6z\u00f6tt<br \/>\nAhogy v\u00e1rhat\u00f3 volt, t\u00f6bb k\u00e9rd\u00e9s is elhangzott az orosz parlament als\u00f3h\u00e1z\u00e1ban kedden elfogadott \u00e9s m\u00e9g aznap este hat\u00e1lyba l\u00e9pett amnesztiat\u00f6rv\u00e9nnyel kapcsolatban. Az \u00e1llamf\u0151 meger\u0151s\u00edtette, hogy a jogszab\u00e1ly a szeptemberben egy orosz f\u00far\u00f3toronyn\u00e1l tiltakoz\u00f3 Greenpeace nemzetk\u00f6zi k\u00f6rnyezetv\u00e9d\u0151 szervezet gar\u00e1zdas\u00e1ggal v\u00e1dolt \u00e9s hetekig el\u0151zetes letart\u00f3ztat\u00e1sban tartott aktivist\u00e1ira is vonatkozik. Szerinte mindaz, ami t\u00f6rt\u00e9nt, j\u00f3 lecke sz\u00e1mukra.<br \/>\nA Pussy Riot orosz punkegy\u00fcttes\u00a0\u00a0beb\u00f6rt\u00f6nz\u00f6tt tagjair\u00f3l sz\u00f3lva az eln\u00f6k csak annyit mondott: sajn\u00e1lja \u0151ket, mert n\u0151i mivoltukban al\u00e1zz\u00e1k meg saj\u00e1t magukat. Az eln\u00f6ki amnesztiat\u00f6rv\u00e9ny r\u00e1juk is \u00e9rv\u00e9nyes.<br \/>\nNem mentes\u00fclhetnek azonban a b\u00fcntet\u0151elj\u00e1r\u00e1s al\u00f3l a tavaly m\u00e1jusi, moszkvai Bolotnaja t\u00e9ri megmozdul\u00e1son \u0151rizetbe vett tiltakoz\u00f3k k\u00f6z\u00fcl azok, akik a hat\u00f3s\u00e1g k\u00e9pvisel\u0151ire t\u00e1madtak &#8211; hangs\u00falyozta Putyin.<br \/>\nAz eln\u00f6k kijelentette, hogy a legk\u00edm\u00e9letlenebb ellenfel\u00e9nek tartott Alekszej Navalnij, a N\u00e9pi Sz\u00f6vets\u00e9g nev\u0171 orosz p\u00e1rt eln\u00f6ke nem jelentett vesz\u00e9lyt a hatalomra azzal, hogy r\u00e9szt vett a szeptember 8. moszkvai f\u0151polg\u00e1rmester-v\u00e1laszt\u00e1son. Id\u0151k\u00f6zben kider\u00fclt, hogy Navalnij indul\u00e1s\u00e1r\u00f3l a nyertes, Szergej Szobjanyin egyeztetett Vlagyimir Putyinnal.<br \/>\nA sajt\u00f3\u00e9rtekezlet els\u0151 t\u00e9m\u00e1jak\u00e9nt \u00e9s a k\u00fclpolitikai k\u00e9rd\u00e9sek k\u00f6z\u00f6tt is az els\u0151 helyen szerepelt az Ukrajn\u00e1nak \u00edg\u00e9rt 15 milli\u00e1rd doll\u00e1ros seg\u00edts\u00e9g \u00e9s a g\u00e1z\u00e1r cs\u00f6kkent\u00e9se a szomsz\u00e9dos orsz\u00e1gnak. Ukrajna gazdas\u00e1gi helyzet\u00e9t l\u00e1tva d\u00f6nt\u00f6tt \u00fagy Oroszorsz\u00e1g, hogy seg\u00edts\u00e9get ny\u00fajt a testv\u00e9ri n\u00e9pnek &#8211; jelentette ki az orosz \u00e1llamf\u0151. A f\u00f6ldg\u00e1z \u00e1r\u00e1nak jelent\u0151s cs\u00f6kkent\u00e9s\u00e9r\u0151l kedden sz\u00fcletett egyezm\u00e9ny pedig gyakorlatias d\u00f6nt\u00e9s volt &#8211; mondta.<br \/>\n&#8222;L\u00e1ttuk, milyen neh\u00e9zs\u00e9geik vannak a fizet\u00e9ssel&#8221; &#8211; tette hozz\u00e1.<br \/>\nAz orosz \u00e1llamf\u0151 azt is hangs\u00falyozta, hogy az Ukrajn\u00e1nak sz\u00e1nt seg\u00edts\u00e9g nem f\u00fcgg \u00f6ssze a kijevi f\u0151t\u00e9ren zajl\u00f3 t\u00fcntet\u00e9sekkel, sem Ukrajna eur\u00f3pai integr\u00e1ci\u00f3s t\u00f6rekv\u00e9seivel. &#8222;Mi nem ellenezz\u00fck Ukrajna t\u00e1rsul\u00e1s\u00e1t az Eur\u00f3pai Uni\u00f3hoz&#8221; &#8211; mondta Vlagyimir Putyin, de megism\u00e9telte Moszkva \u00e1ll\u00e1spontj\u00e1t, miszerint abban az esetben Oroszorsz\u00e1g int\u00e9zked\u00e9seket foganatos\u00edt piac\u00e1nak v\u00e9delm\u00e9re.<br \/>\nAz orosz \u00e1llamf\u0151 kit\u00e9rt az Iszkander t\u00edpus\u00fa, r\u00f6vid hat\u00f3t\u00e1vols\u00e1g\u00fa harc\u00e1szati rak\u00e9t\u00e1k \u00fcgy\u00e9re is. C\u00e1folta azokat a n\u00e9met sahjt\u00f3\u00e9rtes\u00fcl\u00e9seket, hogy azokat az eur\u00f3pai uni\u00f3s orsz\u00e1gokkal is hat\u00e1ros Kalinyingr\u00e1di ter\u00fcletre telep\u00edtett\u00e9k volna Azt mondta, hogy err\u0151l m\u00e9g nem hoztak d\u00f6nt\u00e9st Moszkv\u00e1ban, de jelezte, hogy az Egyes\u00fclt \u00c1llamok \u00e1ltal kifejlesztett eur\u00f3pai rak\u00e9tav\u00e9delmi rendszerre Oroszorsz\u00e1gnak reag\u00e1lnia kell.(MTI)<\/p>\n","protected":false},"excerpt":{"rendered":"<p>Vlagyimir Putyin k\u00f6z\u00f6lte, hogy hamarosan megkegyelmez Mihail Hodorkovszkij beb\u00f6rt\u00f6nz\u00f6tt orosz olajm\u00e1gn\u00e1snak. Az orosz \u00e1llamf\u0151 cs\u00fct\u00f6rt\u00f6ki \u00e9v\u00e9rt\u00e9kel\u0151 nemzetk\u00f6zi sajt\u00f3\u00e9rtekezlet\u00e9n\u00a0\u00a0v\u00e9delm\u00e9be vettte az Ukrajn\u00e1nak sz\u00e1nt p\u00e9nz\u00fcgyi-gazdas\u00e1gi seg\u00edts\u00e9get.<\/p>\n","protected":false},"author":1,"featured_media":0,"comment_status":"open","ping_status":"closed","sticky":false,"template":"","format":"standard","meta":[],"categories":[12],"tags":[],"_links":{"self":[{"href":"https:\/\/gazdasagportal.hu\/index.php\/wp-json\/wp\/v2\/posts\/23754"}],"collection":[{"href":"https:\/\/gazdasagportal.hu\/index.php\/wp-json\/wp\/v2\/posts"}],"about":[{"href":"https:\/\/gazdasagportal.hu\/index.php\/wp-json\/wp\/v2\/types\/post"}],"author":[{"embeddable":true,"href":"https:\/\/gazdasagportal.hu\/index.php\/wp-json\/wp\/v2\/users\/1"}],"replies":[{"embeddable":true,"href":"https:\/\/gazdasagportal.hu\/index.php\/wp-json\/wp\/v2\/comments?post=23754"}],"version-history":[{"count":1,"href":"https:\/\/gazdasagportal.hu\/index.php\/wp-json\/wp\/v2\/posts\/23754\/revisions"}],"predecessor-version":[{"id":23755,"href":"https:\/\/gazdasagportal.hu\/index.php\/wp-json\/wp\/v2\/posts\/23754\/revisions\/23755"}],"wp:attachment":[{"href":"https:\/\/gazdasagportal.hu\/index.php\/wp-json\/wp\/v2\/media?parent=23754"}],"wp:term":[{"taxonomy":"category","embeddable":true,"href":"https:\/\/gazdasagportal.hu\/index.php\/wp-json\/wp\/v2\/categories?post=23754"},{"taxonomy":"post_tag","embeddable":true,"href":"https:\/\/gazdasagportal.hu\/index.php\/wp-json\/wp\/v2\/tags?post=23754"}],"curies":[{"name":"wp","href":"https:\/\/api.w.org\/{rel}","templated":true}]}}