{"id":23746,"date":"2013-12-19T20:46:05","date_gmt":"2013-12-19T19:46:05","guid":{"rendered":"http:\/\/stockportal.hu\/?p=23746"},"modified":"2013-12-19T19:58:28","modified_gmt":"2013-12-19T18:58:28","slug":"az-europai-neppartban-marcius-5-ig-lehet-jelentkezni-europai-bizottsagi-csucsvezetoi-jeloltsegre","status":"publish","type":"post","link":"https:\/\/gazdasagportal.hu\/index.php\/az-europai-neppartban-marcius-5-ig-lehet-jelentkezni-europai-bizottsagi-csucsvezetoi-jeloltsegre\/","title":{"rendered":"Az Eur\u00f3pai N\u00e9pp\u00e1rtban m\u00e1rcius 5-ig lehet jelentkezni eur\u00f3pai bizotts\u00e1gi cs\u00facsvezet\u0151i jel\u00f6lts\u00e9gre"},"content":{"rendered":"<p><strong>Az Eur\u00f3pai N\u00e9pp\u00e1rtban m\u00e1rcius 5-ig lehet jelentkeznie annak a politikusnak, aki azt szeretn\u00e9, hogy a kereszt\u00e9nydemokrata-jobbk\u00f6z\u00e9p ir\u00e1nyults\u00e1g\u00fa p\u00e1rtcsal\u00e1d \u0151t jel\u00f6lje az Eur\u00f3pai Bizotts\u00e1g j\u00f6v\u0151re meg\u00fcresed\u0151 cs\u00facsposztj\u00e1ra &#8211; d\u00f6nt\u00f6ttek cs\u00fct\u00f6rt\u00f6k\u00f6n a Br\u00fcsszel melletti Meis\u00e9ben a n\u00e9pp\u00e1rti &#8222;el\u0151cs\u00facson&#8221;, amelyet k\u00f6zvetlen\u00fcl az EU-cs\u00facstal\u00e1lkoz\u00f3 el\u0151tt tartottak meg, a n\u00e9pp\u00e1rti ir\u00e1ny\u00edt\u00e1s\u00fa uni\u00f3s orsz\u00e1gok \u00e1llam-, illetve korm\u00e1nyf\u0151inek r\u00e9szv\u00e9tel\u00e9vel.<!--more--><\/strong><\/p>\n<p>J\u00f6v\u0151 m\u00e1jusban eur\u00f3pai parlamenti v\u00e1laszt\u00e1sokat tartanak, aminek nyom\u00e1n \u00fajj\u00e1alak\u00edtj\u00e1k az EU javaslattev\u0151-v\u00e9grehajt\u00f3 test\u00fclet\u00e9t, az Eur\u00f3pai Bizotts\u00e1got is. A bizotts\u00e1got, amelybe minden uni\u00f3s orsz\u00e1g egy f\u0151t jel\u00f6lhet, jelenleg &#8211; imm\u00e1r m\u00e1sodik ciklus\u00e1nak a v\u00e9g\u00e9hez k\u00f6zeledve &#8211; Jos\u00e9 Manuel Barroso portug\u00e1l n\u00e9pp\u00e1rti politikus ir\u00e1ny\u00edtja eln\u00f6kk\u00e9nt.<br \/>\nAz Eur\u00f3pai N\u00e9pp\u00e1rtnak van a legnagyobb l\u00e9tsz\u00e1m\u00fa frakci\u00f3ja a jelenlegi \u00f6sszet\u00e9tel\u0171 EP-ben, \u00e1m ebb\u0151l nem felt\u00e9tlen\u00fcl \u00e9s automatikusan k\u00f6vetkezik, hogy a n\u00e9pp\u00e1rtiak adj\u00e1k a bizotts\u00e1gi eln\u00f6k\u00f6t, akkor sem, ha a k\u00f6vetkez\u0151 \u00f6sszet\u00e9tel\u0171 EP-ben is \u00f6v\u00e9k lesz a legt\u00f6bb mand\u00e1tum. Elk\u00e9pzelhet\u0151 az is, hogy a nagy p\u00e1rtcsal\u00e1dok &#8211; a m\u00e1sodik legnagyobb a szoci\u00e1ldemokrata, a harmadik a liber\u00e1lis, a negyedik pedig a z\u00f6ldp\u00e1rti frakci\u00f3 a mostani EP-ben &#8211; az \u00faj er\u0151viszonyok alapj\u00e1n, sz\u00e1mos k\u00fcl\u00f6nb\u00f6z\u0151 nemzetk\u00f6zi tiszts\u00e9g bet\u00f6lt\u00e9s\u00e9t egym\u00e1ssal \u00f6sszekapcsolva, ak\u00e1r m\u00e1s tartalm\u00fa alkut k\u00f6tnek majd. Ebb\u0151l az k\u00f6vetkezik, hogy a n\u00e9pp\u00e1rti cs\u00facsjel\u00f6lt nagy val\u00f3sz\u00edn\u0171s\u00e9ggel, de nem felt\u00e9tlen\u00fcl bizonyosan az Eur\u00f3pai Bizotts\u00e1g eln\u00f6ki posztj\u00e1ra jel\u00f6lt szem\u00e9ly lesz a n\u00e9pp\u00e1rtiak r\u00e9sz\u00e9r\u0151l.<br \/>\nA Meis\u00e9ben most kidolgozott n\u00e9pp\u00e1rti menetrend szerint febru\u00e1r 13-t\u00f3l lehet jelentkezni cs\u00facsjel\u00f6ltnek, de ahhoz az illet\u0151nek a saj\u00e1t p\u00e1rtj\u00e1n t\u00fal k\u00e9t m\u00e1sik tagp\u00e1rt t\u00e1mogat\u00e1s\u00e1t is el kell nyernie. A m\u00e1rcius 5-i jelentkez\u00e9si hat\u00e1rid\u0151 lej\u00e1rta ut\u00e1n r\u00f6gt\u00f6n d\u00f6ntenek is, a tervek szerint m\u00e1rcius 7-\u00e9n, az Eur\u00f3pai N\u00e9pp\u00e1rt dublini kongresszus\u00e1n.<br \/>\nJean-Claude Juncker volt luxemburgi minisztereln\u00f6k, aki az okt\u00f3beri v\u00e1laszt\u00e1sok nyom\u00e1n 18 \u00e9v ut\u00e1n esett ki a hatalomb\u00f3l, \u00e9s aki az Eur\u00f3pa-politika &#8222;nagy \u00f6regje&#8221; &#8211; \u00edgy p\u00e9ld\u00e1ul hossz\u00fa \u00e9veken \u00e1t vezette az eur\u00f3\u00f6vezeti orsz\u00e1gok p\u00e9nz\u00fcgyminiszteri test\u00fclet\u00e9t is -, az elm\u00falt napokban t\u00f6bb sajt\u00f3nyilatkozatban jelezte, hogy elv\u00e1llaln\u00e1 a n\u00e9pp\u00e1rti cs\u00facsjel\u00f6lts\u00e9get.<br \/>\nA szocialist\u00e1k m\u00e1r megnevezt\u00e9k a maguk cs\u00facsjel\u00f6ltj\u00e9t, Martin Schulz jelenlegi n\u00e9met EP-eln\u00f6k szem\u00e9ly\u00e9ben. Nagy k\u00e9rd\u00e9s, hogy miut\u00e1n N\u00e9metorsz\u00e1gban n\u00e9pp\u00e1rti-szoci\u00e1ldemokrata nagykoal\u00edci\u00f3 alakult, ny\u00edlik-e Schulznak re\u00e1lis es\u00e9lye arra, hogy elnyerje a n\u00e9pp\u00e1rti Angela Merkel n\u00e9met kancell\u00e1r t\u00e1mogat\u00e1s\u00e1t.(MTI)<\/p>\n","protected":false},"excerpt":{"rendered":"<p>Az Eur\u00f3pai N\u00e9pp\u00e1rtban m\u00e1rcius 5-ig lehet jelentkeznie annak a politikusnak, aki azt szeretn\u00e9, hogy a kereszt\u00e9nydemokrata-jobbk\u00f6z\u00e9p ir\u00e1nyults\u00e1g\u00fa p\u00e1rtcsal\u00e1d \u0151t jel\u00f6lje az Eur\u00f3pai Bizotts\u00e1g j\u00f6v\u0151re meg\u00fcresed\u0151 cs\u00facsposztj\u00e1ra &#8211; d\u00f6nt\u00f6ttek cs\u00fct\u00f6rt\u00f6k\u00f6n a Br\u00fcsszel melletti Meis\u00e9ben a n\u00e9pp\u00e1rti &#8222;el\u0151cs\u00facson&#8221;, amelyet k\u00f6zvetlen\u00fcl az EU-cs\u00facstal\u00e1lkoz\u00f3 el\u0151tt tartottak meg, a n\u00e9pp\u00e1rti ir\u00e1ny\u00edt\u00e1s\u00fa uni\u00f3s orsz\u00e1gok \u00e1llam-, illetve korm\u00e1nyf\u0151inek r\u00e9szv\u00e9tel\u00e9vel.<\/p>\n","protected":false},"author":1,"featured_media":0,"comment_status":"open","ping_status":"closed","sticky":false,"template":"","format":"standard","meta":[],"categories":[12],"tags":[],"_links":{"self":[{"href":"https:\/\/gazdasagportal.hu\/index.php\/wp-json\/wp\/v2\/posts\/23746"}],"collection":[{"href":"https:\/\/gazdasagportal.hu\/index.php\/wp-json\/wp\/v2\/posts"}],"about":[{"href":"https:\/\/gazdasagportal.hu\/index.php\/wp-json\/wp\/v2\/types\/post"}],"author":[{"embeddable":true,"href":"https:\/\/gazdasagportal.hu\/index.php\/wp-json\/wp\/v2\/users\/1"}],"replies":[{"embeddable":true,"href":"https:\/\/gazdasagportal.hu\/index.php\/wp-json\/wp\/v2\/comments?post=23746"}],"version-history":[{"count":1,"href":"https:\/\/gazdasagportal.hu\/index.php\/wp-json\/wp\/v2\/posts\/23746\/revisions"}],"predecessor-version":[{"id":23747,"href":"https:\/\/gazdasagportal.hu\/index.php\/wp-json\/wp\/v2\/posts\/23746\/revisions\/23747"}],"wp:attachment":[{"href":"https:\/\/gazdasagportal.hu\/index.php\/wp-json\/wp\/v2\/media?parent=23746"}],"wp:term":[{"taxonomy":"category","embeddable":true,"href":"https:\/\/gazdasagportal.hu\/index.php\/wp-json\/wp\/v2\/categories?post=23746"},{"taxonomy":"post_tag","embeddable":true,"href":"https:\/\/gazdasagportal.hu\/index.php\/wp-json\/wp\/v2\/tags?post=23746"}],"curies":[{"name":"wp","href":"https:\/\/api.w.org\/{rel}","templated":true}]}}