{"id":23730,"date":"2013-12-19T15:06:19","date_gmt":"2013-12-19T14:06:19","guid":{"rendered":"http:\/\/stockportal.hu\/?p=23730"},"modified":"2013-12-19T14:21:59","modified_gmt":"2013-12-19T13:21:59","slug":"a-kormany-a-gyed-extra-bevezetesevel-tamogatja-az-edesanyakat","status":"publish","type":"post","link":"https:\/\/gazdasagportal.hu\/index.php\/a-kormany-a-gyed-extra-bevezetesevel-tamogatja-az-edesanyakat\/","title":{"rendered":"A korm\u00e1ny a gyed extra bevezet\u00e9s\u00e9vel t\u00e1mogatja az \u00e9desany\u00e1kat"},"content":{"rendered":"<p><strong>A korm\u00e1ny minden \u00e9lethelyzetben a n\u0151k mellett \u00e1ll, a gyed extra bevezet\u00e9s\u00e9vel t\u00e1mogatja az \u00e9desany\u00e1kat, a gyermeksz\u00fclet\u00e9st. A parlamentben elfogadott csal\u00e1dt\u00e1mogat\u00e1si rendszernek foglalkoztat\u00e1st \u00f6szt\u00f6nz\u0151 hat\u00e1sa is lesz \u2013 jelentette be Vigh L\u00e1szl\u00f3 orsz\u00e1ggy\u0171l\u00e9si k\u00e9pvisel\u0151 (Fidesz) cs\u00fct\u00f6rt\u00f6k\u00f6n, a Zalaegerszegen tartott sajt\u00f3t\u00e1j\u00e9koztat\u00f3n.<!--more--><\/strong><\/p>\n<p>Az gyed extra bevezet\u00e9s\u00e9vel az \u00e9desany\u00e1k a gyermek\u00fck megsz\u00fclet\u00e9se ut\u00e1n\u00a0\u00a0ha akarnak, dolgozhatnak, \u00e9s\u00a0\u00a0tov\u00e1bbra is megkapj\u00e1k a juttat\u00e1sokat, jogosultak maradnak a gyed \u00e9s a gyes \u00f6sszeg\u00e9re. Az \u00faj t\u00e1mogat\u00e1si rendszernek kedvez\u0151 hat\u00e1sa lesz a foglalkoztat\u00e1sra is &#8211; hangzott el. Az any\u00e1k d\u00f6nt\u00e9s\u00fck szerint ak\u00e1r r\u00e9sz -, ak\u00e1r teljes munkaid\u0151ben is elhelyezkedhetnek, \u00edgy nem kell hossz\u00fa id\u0151re kiesni\u00fck a foglalkoztat\u00e1sb\u00f3l. Az eg\u00e9szs\u00e9g\u00fcgyben p\u00e9ld\u00e1ul \u00f3ri\u00e1si seg\u00edts\u00e9get jelent, ha az \u00e9desany\u00e1k hetente legal\u00e1bb egy napot dolgoznak \u2013 hangs\u00falyozta a fideszes orsz\u00e1ggy\u0171l\u00e9si k\u00e9pvisel\u0151.<br \/>\nHozz\u00e1f\u0171zte: a csal\u00e1dt\u00e1mogat\u00e1si rendszer, a kedvezm\u00e9nyek azt a c\u00e9lt szolg\u00e1lj\u00e1k, hogy meg\u00e1ll\u00edts\u00e1k a lakoss\u00e1gsz\u00e1m cs\u00f6kken\u00e9s\u00e9t, amely egy\u00e9bk\u00e9nt eg\u00e9sz Eur\u00f3p\u00e1ra jellemz\u0151. \u00d6szt\u00f6n\u00f6zni kell az els\u0151 gyermek megsz\u00fclet\u00e9s\u00e9nek \u201eel\u0151bbre hoz\u00e1s\u00e1t\u201d is; tavaly az \u00e9desany\u00e1k 54 sz\u00e1zal\u00e9ka 30 \u00e9ves kor felett, vagy k\u00e9s\u0151bb v\u00e1llalta az els\u0151 gyermeket. Ha a csal\u00e1dokban k\u00e9s\u0151bbi \u00e9letkorban sz\u00fcletik meg az els\u0151 gyermek, a sz\u00fcl\u0151k nehezebben v\u00e1llalj\u00e1k a m\u00e1sodik, vagy \u00e9ppen a harmadik gyermeket &#8211; magyar\u00e1zta.<br \/>\nRig\u00f3 Csaba korm\u00e1nymegb\u00edzott a \u201ediplom\u00e1s gyed-re\u201d h\u00edvta fel a figyelmet, amelynek \u00e9rtelm\u00e9ben az \u00e9desanya, aki a sz\u00fcl\u00e9st megel\u0151z\u0151 k\u00e9t \u00e9vben fels\u0151fok\u00fa k\u00e9pz\u00e9s nappali tagozat\u00e1n k\u00e9t f\u00e9l\u00e9vet teljes\u00edtett, a gyermek egy\u00e9ves kor\u00e1ig jogosult a gyedre. K\u00e9s\u0151bb tov\u00e1bb folytathatja a tanulm\u00e1nyait, gyermeke h\u00e1rom\u00e9ves kor\u00e1ig gyest kap, amely a minim\u00e1lb\u00e9r 70 sz\u00e1zal\u00e9k\u00e1t jelenti.<br \/>\nBesz\u00e9lt arr\u00f3l is, hogy a munkahelyv\u00e9delmi akci\u00f3tervre mintegy 3 milli\u00e1rd forintot ford\u00edtott a korm\u00e1ny. Az \u00e9v els\u0151 fel\u00e9ben n\u0151tt a 25 \u00e9v alattiak \u00e9s a szakk\u00e9pzetlenek foglalkoztat\u00e1sa, valamint b\u0151v\u00fclt a gyeden l\u00e9v\u0151 kismam\u00e1k &#8211; ak\u00e1r r\u00e9sz-, ak\u00e1r teljes munkaid\u0151s foglalkoztat\u00e1sa is. A munkahelyv\u00e9delmi akci\u00f3terv keret\u00e9ben ny\u00fajtott kedvezm\u00e9nyek 30 ezer kisgyermekes sz\u00fcl\u0151 foglalkoztat\u00e1s\u00e1t, ezen kereszt\u00fcl meg\u00e9lhet\u00e9s\u00e9t tudta a korm\u00e1ny seg\u00edteni, a j\u00f6v\u0151ben pedig az eddigin\u00e9l nagyobb ad\u00f3kedvezm\u00e9nyt kapnak a kisgyermekes \u00e9desany\u00e1kat foglalkoztat\u00f3 munkaad\u00f3k \u2013 f\u0171zte hozz\u00e1 a korm\u00e1nymegb\u00edzott. (MTI)<\/p>\n","protected":false},"excerpt":{"rendered":"<p>A korm\u00e1ny minden \u00e9lethelyzetben a n\u0151k mellett \u00e1ll, a gyed extra bevezet\u00e9s\u00e9vel t\u00e1mogatja az \u00e9desany\u00e1kat, a gyermeksz\u00fclet\u00e9st. A parlamentben elfogadott csal\u00e1dt\u00e1mogat\u00e1si rendszernek foglalkoztat\u00e1st \u00f6szt\u00f6nz\u0151 hat\u00e1sa is lesz \u2013 jelentette be Vigh L\u00e1szl\u00f3 orsz\u00e1ggy\u0171l\u00e9si k\u00e9pvisel\u0151 (Fidesz) cs\u00fct\u00f6rt\u00f6k\u00f6n, a Zalaegerszegen tartott sajt\u00f3t\u00e1j\u00e9koztat\u00f3n.<\/p>\n","protected":false},"author":1,"featured_media":0,"comment_status":"open","ping_status":"closed","sticky":false,"template":"","format":"standard","meta":[],"categories":[18],"tags":[],"_links":{"self":[{"href":"https:\/\/gazdasagportal.hu\/index.php\/wp-json\/wp\/v2\/posts\/23730"}],"collection":[{"href":"https:\/\/gazdasagportal.hu\/index.php\/wp-json\/wp\/v2\/posts"}],"about":[{"href":"https:\/\/gazdasagportal.hu\/index.php\/wp-json\/wp\/v2\/types\/post"}],"author":[{"embeddable":true,"href":"https:\/\/gazdasagportal.hu\/index.php\/wp-json\/wp\/v2\/users\/1"}],"replies":[{"embeddable":true,"href":"https:\/\/gazdasagportal.hu\/index.php\/wp-json\/wp\/v2\/comments?post=23730"}],"version-history":[{"count":1,"href":"https:\/\/gazdasagportal.hu\/index.php\/wp-json\/wp\/v2\/posts\/23730\/revisions"}],"predecessor-version":[{"id":23731,"href":"https:\/\/gazdasagportal.hu\/index.php\/wp-json\/wp\/v2\/posts\/23730\/revisions\/23731"}],"wp:attachment":[{"href":"https:\/\/gazdasagportal.hu\/index.php\/wp-json\/wp\/v2\/media?parent=23730"}],"wp:term":[{"taxonomy":"category","embeddable":true,"href":"https:\/\/gazdasagportal.hu\/index.php\/wp-json\/wp\/v2\/categories?post=23730"},{"taxonomy":"post_tag","embeddable":true,"href":"https:\/\/gazdasagportal.hu\/index.php\/wp-json\/wp\/v2\/tags?post=23730"}],"curies":[{"name":"wp","href":"https:\/\/api.w.org\/{rel}","templated":true}]}}