{"id":23728,"date":"2013-12-19T14:39:59","date_gmt":"2013-12-19T13:39:59","guid":{"rendered":"http:\/\/stockportal.hu\/?p=23728"},"modified":"2013-12-19T14:20:59","modified_gmt":"2013-12-19T13:20:59","slug":"czomba-200-ezren-vesznek-reszt-a-teli-kozfoglalkoztatasban","status":"publish","type":"post","link":"https:\/\/gazdasagportal.hu\/index.php\/czomba-200-ezren-vesznek-reszt-a-teli-kozfoglalkoztatasban\/","title":{"rendered":"Czomba: 200 ezren vesznek r\u00e9szt a t\u00e9li k\u00f6zfoglalkoztat\u00e1sban"},"content":{"rendered":"<p><strong>A november elsej\u00e9n indult t\u00e9li k\u00f6zfoglalkoztat\u00e1si programban 200 ezer ember vesz r\u00e9szt \u2013 k\u00f6z\u00f6lte a foglalkoztat\u00e1spolitik\u00e1\u00e9rt felel\u0151s \u00e1llamtitk\u00e1r cs\u00fct\u00f6rt\u00f6k\u00f6n B\u00e1csalm\u00e1son sajt\u00f3t\u00e1j\u00e9koztat\u00f3n.<!--more--><\/strong><\/p>\n<p>Czomba S\u00e1ndor a legfontosabb c\u00e9lk\u00e9nt azt jel\u00f6lte meg, hogy a munkaer\u0151piacr\u00f3l kiszorult emberek a leg\u00edns\u00e9gesebb id\u0151szakban, t\u00e9len ne 22 800 forint seg\u00e9lyhez, hanem 50 ezer forint k\u00f6r\u00fcli nett\u00f3 j\u00f6vedelemhez jussanak. \u00a0\u00a0\u00a0\u00a0Hozz\u00e1tette: 2014. janu\u00e1r elsej\u00e9t\u0151l 2,4 sz\u00e1zal\u00e9kkal, 50 600 forintra n\u0151 a nett\u00f3 k\u00f6zfoglalkoztat\u00e1si minim\u00e1lb\u00e9r.<br \/>\nAz \u00e1llamtitk\u00e1r t\u00e1j\u00e9koztat\u00e1sa szerint a janu\u00e1rt\u00f3l hat\u00e1lyos \u00faj ad\u00f3z\u00e1si rendszeren kereszt\u00fcli t\u00e1mogat\u00e1s r\u00e9v\u00e9n, akinek egy gyermeke van \u00e9s k\u00f6zfoglalkoztat\u00e1sban vesz r\u00e9szt az nett\u00f3 60 600 forintot fog keresni. A k\u00e9tgyerekesek 70 600 forinthoz jutnak, a h\u00e1rom vagy t\u00f6bb gyermekesek t\u00f6bb mint 76 ezer forintot kapnak k\u00e9zhez \u2013 f\u0171zte hozz\u00e1. \u00a0\u00a0\u00a0\u00a0Az \u00e1llamtitk\u00e1r fontosnak nevezte, hogy a t\u00e9li k\u00f6zfoglalkoztat\u00e1sba sok olyan embert siker\u00fclt eddig bevonni, akik sem k\u00e9pz\u00e9sben sem k\u00f6zfoglalkoztat\u00e1sban nem vettek r\u00e9szt eddig. \u00a0\u00a0\u00a0\u00a0Czomba S\u00e1ndor hangs\u00falyozta: a 200 ezres k\u00f6zfoglalkoztat\u00e1son bel\u00fcl 100 ezer ember k\u00e9pz\u00e9s\u00e9t szervezik meg, amit az Eur\u00f3pai Uni\u00f3 is aj\u00e1nl.<br \/>\nT\u00e1j\u00e9koztat\u00e1sa szerint cs\u00fct\u00f6rt\u00f6kt\u0151l m\u00e1r 90 ezren vesznek r\u00e9szt k\u00e9pz\u00e9sben, ez a tavasz \u00f3ta foly\u00f3 mez\u0151gazdas\u00e1gi k\u00e9pz\u00e9sben r\u00e9sztvev\u0151k sz\u00e1m\u00e1val egy\u00fctt m\u00e1r 108 ezer f\u0151. \u00a0\u00a0\u00a0\u00a0Mint mondta, Magyarorsz\u00e1gon 500 ezer \u00e1ll\u00e1skeres\u0151 van, akik k\u00f6z\u00fcl 200 ezer csak 8 \u00e1ltal\u00e1nost v\u00e9gzett, 26 ezer embernek m\u00e9g 8 \u00e1ltal\u00e1nosa sincs.<br \/>\nAz \u00e1llamtitk\u00e1r hangs\u00falyozta az alapkompetencia k\u00e9pz\u00e9s sz\u00fcks\u00e9gess\u00e9g\u00e9t.<br \/>\nEgy B\u00e9k\u00e9s megyei felm\u00e9r\u00e9s eredm\u00e9nyei szerint ugyanis az alapkompetencia felm\u00e9r\u00e9sbe bevont 400 jelentkez\u0151 20 sz\u00e1zal\u00e9ka nem tudta el\u00e9rni a 30 pontot sem.<br \/>\nAz \u00e1llamtitk\u00e1r szerint ez nem azt jelenti, hogy nem tudt\u00e1k volna megoldani a feladatot, hanem az lehetett a probl\u00e9ma, hogy nem tudt\u00e1k a sz\u00f6veges feladatot \u00e9rtelmezni. Czomba S\u00e1ndor \u00fagy fogalmazott: &#8222;a magyar val\u00f3s\u00e1ggal szembe kell n\u00e9zni&#8221;, amelybe ez is beletartozik. \u00a0\u00a0\u00a0\u00a0B\u00e1nyai G\u00e1bor (Fidesz), a v\u00e1laszt\u00f3ker\u00fclet orsz\u00e1ggy\u0171l\u00e9si k\u00e9pvisel\u0151je hangs\u00falyozta: a t\u00e9rs\u00e9gben 2200 f\u0151 vesz r\u00e9szt a k\u00f6zmunkaprogramban, akiknek munk\u00e1ja m\u00e1r l\u00e1that\u00f3 a t\u00e9rs\u00e9g telep\u00fcl\u00e9sein az utak ment\u00e9n. \u00a0\u00a0\u00a0\u00a0A k\u00e9pvisel\u0151 hozz\u00e1tette, a k\u00f6zmunkaprogram keret\u00e9ben megkeresett p\u00e9nz is komoly \u00f6sszeg azok sz\u00e1m\u00e1ra, akik \u00e9vek \u00f3ta nem tudtak munk\u00e1hoz jutni. \u00a0\u00a0\u00a0\u00a0N\u00e9meth Bal\u00e1zs (Fidesz-KDNP), B\u00e1csalm\u00e1s polg\u00e1rmestere a fels\u0151 b\u00e1cskai kisv\u00e1ros szempontj\u00e1b\u00f3l fontosnak \u00e9s eredm\u00e9nyesnek nevezte a k\u00f6zmunkaprogramot, mert egy \u00e9v alatt 25 sz\u00e1zal\u00e9kr\u00f3l 10,8 sz\u00e1zal\u00e9kra cs\u00f6kkent a munkan\u00e9lk\u00fclis\u00e9g a telep\u00fcl\u00e9sen.(MTI)<\/p>\n","protected":false},"excerpt":{"rendered":"<p>A november elsej\u00e9n indult t\u00e9li k\u00f6zfoglalkoztat\u00e1si programban 200 ezer ember vesz r\u00e9szt \u2013 k\u00f6z\u00f6lte a foglalkoztat\u00e1spolitik\u00e1\u00e9rt felel\u0151s \u00e1llamtitk\u00e1r cs\u00fct\u00f6rt\u00f6k\u00f6n B\u00e1csalm\u00e1son sajt\u00f3t\u00e1j\u00e9koztat\u00f3n.<\/p>\n","protected":false},"author":1,"featured_media":0,"comment_status":"open","ping_status":"closed","sticky":false,"template":"","format":"standard","meta":[],"categories":[19],"tags":[],"_links":{"self":[{"href":"https:\/\/gazdasagportal.hu\/index.php\/wp-json\/wp\/v2\/posts\/23728"}],"collection":[{"href":"https:\/\/gazdasagportal.hu\/index.php\/wp-json\/wp\/v2\/posts"}],"about":[{"href":"https:\/\/gazdasagportal.hu\/index.php\/wp-json\/wp\/v2\/types\/post"}],"author":[{"embeddable":true,"href":"https:\/\/gazdasagportal.hu\/index.php\/wp-json\/wp\/v2\/users\/1"}],"replies":[{"embeddable":true,"href":"https:\/\/gazdasagportal.hu\/index.php\/wp-json\/wp\/v2\/comments?post=23728"}],"version-history":[{"count":1,"href":"https:\/\/gazdasagportal.hu\/index.php\/wp-json\/wp\/v2\/posts\/23728\/revisions"}],"predecessor-version":[{"id":23729,"href":"https:\/\/gazdasagportal.hu\/index.php\/wp-json\/wp\/v2\/posts\/23728\/revisions\/23729"}],"wp:attachment":[{"href":"https:\/\/gazdasagportal.hu\/index.php\/wp-json\/wp\/v2\/media?parent=23728"}],"wp:term":[{"taxonomy":"category","embeddable":true,"href":"https:\/\/gazdasagportal.hu\/index.php\/wp-json\/wp\/v2\/categories?post=23728"},{"taxonomy":"post_tag","embeddable":true,"href":"https:\/\/gazdasagportal.hu\/index.php\/wp-json\/wp\/v2\/tags?post=23728"}],"curies":[{"name":"wp","href":"https:\/\/api.w.org\/{rel}","templated":true}]}}