{"id":23722,"date":"2013-12-19T13:36:34","date_gmt":"2013-12-19T12:36:34","guid":{"rendered":"http:\/\/stockportal.hu\/?p=23722"},"modified":"2013-12-19T14:11:18","modified_gmt":"2013-12-19T13:11:18","slug":"mnb-gyorsul-a-novekedes-a-tovabb-erosodo-export-mellett-a-belso-kereslet-is-elenkul","status":"publish","type":"post","link":"https:\/\/gazdasagportal.hu\/index.php\/mnb-gyorsul-a-novekedes-a-tovabb-erosodo-export-mellett-a-belso-kereslet-is-elenkul\/","title":{"rendered":"MNB: gyorsul a n\u00f6veked\u00e9s, a tov\u00e1bb er\u0151s\u00f6d\u0151 export mellett a bels\u0151 kereslet is \u00e9l\u00e9nk\u00fcl"},"content":{"rendered":"<p><strong>A jegybank infl\u00e1ci\u00f3s alapp\u00e1ly\u00e1ja szerint gyorsul a n\u00f6veked\u00e9s, a tov\u00e1bb er\u0151s\u00f6d\u0151 export mellett a bels\u0151 kereslet is \u00e9l\u00e9nk\u00fcl majd a magyar gazdas\u00e1gban &#8211; mondta Vir\u00e1g Barnab\u00e1s, a Magyar Nemzeti Bank igazgat\u00f3ja a jegybank cs\u00fct\u00f6rt\u00f6ki sajt\u00f3t\u00e1j\u00e9koztat\u00f3j\u00e1n.<!--more--><\/strong><\/p>\n<p>A jegybank cs\u00fct\u00f6rt\u00f6k\u00f6n mutatta be legfrissebb infl\u00e1ci\u00f3s jelent\u00e9s\u00e9t.<br \/>\nVir\u00e1g Barnab\u00e1s kifejtette: er\u0151s\u00f6dik ugyan a lakoss\u00e1g fogyaszt\u00e1si hajland\u00f3s\u00e1ga, de a fennmarad\u00f3 magas megtakar\u00edt\u00e1si r\u00e1ta miatt a fogyaszt\u00e1s csak lassan \u00e9l\u00e9nk\u00fcl.<br \/>\nMegjegyezte, hogy a k\u00f6vetkez\u0151 h\u00f3napokban is nagyon alacsony lehet az infl\u00e1ci\u00f3, \u00e9s 2015-ben is csak alulr\u00f3l k\u00f6zel\u00edti majd az MNB 3 sz\u00e1zal\u00e9kos infl\u00e1ci\u00f3s c\u00e9lj\u00e1t a p\u00e9nzroml\u00e1s \u00fcteme.<br \/>\nVir\u00e1g Barnab\u00e1s elmondta: m\u00e9rs\u00e9kelt infl\u00e1ci\u00f3ra, egyre gyorsul\u00f3 gazdas\u00e1gi n\u00f6veked\u00e9sre sz\u00e1m\u00edtanak a jegybankban, b\u00e1r a fogyaszt\u00e1s a re\u00e1lb\u00e9rn\u00f6veked\u00e9s \u00e9s a foglalkoztat\u00e1s v\u00e1rt b\u0151v\u00fcl\u00e9se ellen\u00e9re is csak fokozatosan javul.<br \/>\nKiemelte: az el\u0151retekint\u0151 indik\u00e1torok alapj\u00e1n az idei negyedik negyed\u00e9vben tov\u00e1bb er\u0151s\u00f6dhet az \u00e9ves gazdas\u00e1gi n\u00f6veked\u00e9si \u00fctem.<br \/>\nAz infl\u00e1ci\u00f3 j\u00f6v\u0151re is sz\u00e1mottev\u0151en a c\u00e9l alatt lesz, m\u00edg 2015-ben a 3 sz\u00e1zal\u00e9kos infl\u00e1ci\u00f3s c\u00e9lt alulr\u00f3l k\u00f6zel\u00edtve alakul majd &#8211; mondta Vir\u00e1g Barnab\u00e1s.<br \/>\nAz MNB szak\u00e9rt\u0151i \u00fagy l\u00e1tj\u00e1k, a visszafogott fogyaszt\u00e1si kereslet mellett r\u00f6vid t\u00e1von az elm\u00falt id\u0151szak kedvez\u0151 k\u00f6lts\u00e9gsokkjai, valamint a szab\u00e1lyozott energia\u00e1rak november 1-jei \u00fajabb cs\u00f6kkent\u00e9se \u00e9rdemben m\u00e9rs\u00e9klik az infl\u00e1ci\u00f3t.<br \/>\nA monet\u00e1ris politika sz\u00e1m\u00e1ra kiemelt jelent\u0151s\u00e9g\u0171, az infl\u00e1ci\u00f3s alapfolyamatot k\u00f6z\u00e9pt\u00e1von meghat\u00e1roz\u00f3 t\u00e9nyez\u0151k m\u00e9rs\u00e9kelt ad\u00f3sz\u0171rt maginfl\u00e1ci\u00f3t vet\u00edtenek el\u0151re.<br \/>\nA hazai fogyaszt\u00e1s ugyan csak fokozatosan \u00e9l\u00e9nk\u00fcl, ez azonban azt is eredm\u00e9nyezi, hogy a lassan b\u0151v\u00fcl\u0151 fogyaszt\u00e1s a m\u00e9rs\u00e9kl\u0151d\u0151 infl\u00e1ci\u00f3s v\u00e1rakoz\u00e1sokkal egy\u00fctt seg\u00edti az alacsony infl\u00e1ci\u00f3s k\u00f6rnyezet fennmarad\u00e1s\u00e1t. Az idei 1,7 sz\u00e1zal\u00e9k ut\u00e1n j\u00f6v\u0151re 1,3 sz\u00e1zal\u00e9kra m\u00e9rs\u00e9kl\u0151dhet az infl\u00e1ci\u00f3, 2015-ben pedig 2,8 sz\u00e1zal\u00e9kos p\u00e9nzroml\u00e1si \u00fctemet v\u00e1r az MNB szak\u00e9rt\u0151i csapata.<br \/>\nA gazdas\u00e1gi n\u00f6veked\u00e9s alakul\u00e1s\u00e1t elemezve az igazgat\u00f3 kifejtette: egyre t\u00f6bb \u00e1gazat kibocs\u00e1t\u00e1sa b\u0151v\u00fcl, \u00edgy a kil\u00e1bal\u00e1s a 2010. \u00e9vin\u00e9l kiegyens\u00falyozottabb szerkezet\u0171.<br \/>\nKiemelte: az el\u0151retekint\u0151 jelz\u0151sz\u00e1mok egy\u00fattal javul\u00f3 beruh\u00e1z\u00e1si k\u00f6rnyezetet is mutatnak.<br \/>\nK\u00e9rd\u00e9sre kiemelte: k\u00f6z\u00e9pt\u00e1von 2,5 sz\u00e1zal\u00e9k k\u00f6zel\u00e9be z\u00e1rk\u00f3zik fel a hazai GDP b\u0151v\u00fcl\u00e9si \u00fcteme, sokk f\u00fcgg azonban az eur\u00f3z\u00f3na gazdas\u00e1gi folyamatait\u00f3l.<br \/>\nKifejtette: a jegybanki szak\u00e9rt\u0151k szerint a beruh\u00e1z\u00e1sok \u00e9l\u00e9nk\u00fcl\u00e9s\u00e9t els\u0151sorban az EU-forr\u00e1sokb\u00f3l megval\u00f3sul\u00f3 \u00e1llami beruh\u00e1z\u00e1sok n\u00f6veked\u00e9se, valamint az MNB n\u00f6veked\u00e9si hitelprogramja (NHP) t\u00e1mogat\u00e1s\u00e1val b\u0151v\u00fcl\u0151 v\u00e1llalati beruh\u00e1z\u00e1sok id\u00e9zik el\u0151.<br \/>\nAz alacsony infl\u00e1ci\u00f3s k\u00f6rnyezetben a lakoss\u00e1gi j\u00f6vedelmek v\u00e1s\u00e1rl\u00f3\u00e9rt\u00e9ke tov\u00e1bb emelkedhet, azonban a szigor\u00fa hitelez\u00e9si k\u00f6rnyezet \u00e9s a h\u00e1ztart\u00e1sok ad\u00f3ss\u00e1gle\u00e9p\u00edt\u00e9se miatt a fogyaszt\u00e1s csak fokozatosan b\u0151v\u00fcl &#8211; elemezte a folyamatot.<br \/>\nVir\u00e1g Barnab\u00e1s sz\u00f3lt arr\u00f3l, hogy a vil\u00e1gpiac oldal\u00e1r\u00f3l is csup\u00e1n gyenge infl\u00e1ci\u00f3s nyom\u00e1s v\u00e1rhat\u00f3 a j\u00f6v\u0151ben, a jegybank szak\u00e9rt\u0151i csapata szerint a nyersanyag\u00e1rak a glob\u00e1lis piacon cs\u00f6kkenhetnek a j\u00f6v\u0151ben.<br \/>\nA munkapiacon a konjunkt\u00fara \u00e9l\u00e9nk\u00fcl\u00e9s\u00e9vel p\u00e1rhuzamosan a foglalkoztat\u00e1s b\u0151v\u00fcl\u00e9s\u00e9re sz\u00e1m\u00edtanak az MNB elemz\u0151i. A m\u00e9rs\u00e9kelt bels\u0151 kereslet fegyelmezi a v\u00e1llalatok \u00e1raz\u00e1si d\u00f6nt\u00e9seit, \u00edgy j\u00f6vedelmez\u0151s\u00e9g\u00fck javul\u00e1s\u00e1t els\u0151sorban b\u00e9rk\u00f6lts\u00e9geik visszafog\u00e1s\u00e1val igyekeznek el\u0151seg\u00edteni. A kereslet \u00e9l\u00e9nk\u00fcl\u00e9se a v\u00e1llalatok termel\u00e9kenys\u00e9g\u00e9t is jav\u00edthatja, amelynek \u00fcteme v\u00e1rhat\u00f3an meghaladja a re\u00e1lb\u00e9r-n\u00f6veked\u00e9s\u00e9t. A laza munkapiaci kond\u00edci\u00f3k \u00e9s az alacsony infl\u00e1ci\u00f3s v\u00e1rakoz\u00e1sok hozz\u00e1j\u00e1rulnak ahhoz, hogy a nomin\u00e1lis b\u00e9rdinamika a teljes el\u0151rejelz\u00e9si horizonton a k\u00f6z\u00e9pt\u00e1v\u00fa c\u00e9llal \u00f6sszhangban alakulhat a jelent\u00e9s \u00f6ssze\u00e1ll\u00edt\u00f3i szerint.<br \/>\nVir\u00e1g Barnab\u00e1s szerint a b\u0151v\u00fcl\u0151 beruh\u00e1z\u00e1soknak is betudhat\u00f3, hogy a\u00a0\u00a0munkan\u00e9lk\u00fclis\u00e9gi r\u00e1ta 2014-ben 10 sz\u00e1zal\u00e9k al\u00e1 cs\u00f6kken majd, 2015-ben pedig m\u00e1r 9 sz\u00e1zal\u00e9k al\u00e1 eshet vissza.<br \/>\nAz \u00e1llamh\u00e1ztart\u00e1si hi\u00e1nyt tekintve az MNB szak\u00e9rt\u0151i \u00fagy v\u00e9lik, hogy a szabad tartal\u00e9kokat elk\u00f6lti majd a korm\u00e1ny, de az Orsz\u00e1gv\u00e9delmi Alapot (a GDP 0,3 sz\u00e1zal\u00e9k\u00e1t) nem haszn\u00e1lja fel. \u00cdgy az ESA-egyenleg szerinti 2,5 sz\u00e1zal\u00e9kos j\u00f6v\u0151 \u00e9vi \u00e1llamh\u00e1ztart\u00e1si hi\u00e1nyprogn\u00f3zisban van megfelel\u0151 tartal\u00e9k, hogy ha a korm\u00e1ny m\u00e9gsem t\u00f6r\u00f6ln\u00e9 el j\u00f6v\u0151re az Orsz\u00e1gv\u00e9delmi Alapot (azaz elk\u00f6lten\u00e9), akkor m\u00e9g mindig a GDP-hez m\u00e9rten 3,0 sz\u00e1zal\u00e9k alatt maradna.(MTI)<\/p>\n","protected":false},"excerpt":{"rendered":"<p>A jegybank infl\u00e1ci\u00f3s alapp\u00e1ly\u00e1ja szerint gyorsul a n\u00f6veked\u00e9s, a tov\u00e1bb er\u0151s\u00f6d\u0151 export mellett a bels\u0151 kereslet is \u00e9l\u00e9nk\u00fcl majd a magyar gazdas\u00e1gban &#8211; mondta Vir\u00e1g Barnab\u00e1s, a Magyar Nemzeti Bank igazgat\u00f3ja a jegybank cs\u00fct\u00f6rt\u00f6ki sajt\u00f3t\u00e1j\u00e9koztat\u00f3j\u00e1n.<\/p>\n","protected":false},"author":1,"featured_media":0,"comment_status":"open","ping_status":"closed","sticky":false,"template":"","format":"standard","meta":[],"categories":[19],"tags":[],"_links":{"self":[{"href":"https:\/\/gazdasagportal.hu\/index.php\/wp-json\/wp\/v2\/posts\/23722"}],"collection":[{"href":"https:\/\/gazdasagportal.hu\/index.php\/wp-json\/wp\/v2\/posts"}],"about":[{"href":"https:\/\/gazdasagportal.hu\/index.php\/wp-json\/wp\/v2\/types\/post"}],"author":[{"embeddable":true,"href":"https:\/\/gazdasagportal.hu\/index.php\/wp-json\/wp\/v2\/users\/1"}],"replies":[{"embeddable":true,"href":"https:\/\/gazdasagportal.hu\/index.php\/wp-json\/wp\/v2\/comments?post=23722"}],"version-history":[{"count":2,"href":"https:\/\/gazdasagportal.hu\/index.php\/wp-json\/wp\/v2\/posts\/23722\/revisions"}],"predecessor-version":[{"id":23741,"href":"https:\/\/gazdasagportal.hu\/index.php\/wp-json\/wp\/v2\/posts\/23722\/revisions\/23741"}],"wp:attachment":[{"href":"https:\/\/gazdasagportal.hu\/index.php\/wp-json\/wp\/v2\/media?parent=23722"}],"wp:term":[{"taxonomy":"category","embeddable":true,"href":"https:\/\/gazdasagportal.hu\/index.php\/wp-json\/wp\/v2\/categories?post=23722"},{"taxonomy":"post_tag","embeddable":true,"href":"https:\/\/gazdasagportal.hu\/index.php\/wp-json\/wp\/v2\/tags?post=23722"}],"curies":[{"name":"wp","href":"https:\/\/api.w.org\/{rel}","templated":true}]}}