{"id":2372,"date":"2013-02-07T16:47:16","date_gmt":"2013-02-07T15:47:16","guid":{"rendered":"http:\/\/stockportal.hu\/?p=2372"},"modified":"2013-02-07T16:47:16","modified_gmt":"2013-02-07T15:47:16","slug":"mali-napi-27-millio-euroba-kerul-a-haboru-franciaorszagnak","status":"publish","type":"post","link":"https:\/\/gazdasagportal.hu\/index.php\/mali-napi-27-millio-euroba-kerul-a-haboru-franciaorszagnak\/","title":{"rendered":"Mali &#8211; Napi 2,7 milli\u00f3 eur\u00f3ba ker\u00fcl a h\u00e1bor\u00fa Franciaorsz\u00e1gnak"},"content":{"rendered":"<p><strong>A Maliban n\u00e9gy h\u00e9ttel ezel\u0151tt elind\u00edtott katonai intervenci\u00f3 eddig 70 milli\u00f3 eur\u00f3ba ker\u00fclt Franciaorsz\u00e1gnak &#8211; mondta a Le Parisien c\u00edm\u0171 napilap \u00e9rtes\u00fcl\u00e9se szerint egy z\u00e1rt ajt\u00f3k m\u00f6g\u00f6tt rendezett parlamenti meghallgat\u00e1son szerda este Jean-Yves Le Drian v\u00e9delmi miniszter.<!--more--><\/strong><\/p>\n<p>Ebb\u0151l a legt\u00f6bbe, 50 milli\u00f3 eur\u00f3ba a logisztika, a 4 ezer katona \u00e9s a hadi felszerel\u00e9sek Maliba juttat\u00e1sa ker\u00fclt. A legnagyobb \u00f6sszeget a konfliktus elej\u00e9n k\u00f6lt\u00f6tte el a vez\u00e9rkar. &#8222;K\u00e9t h\u00e9t alatt 10 ezer tonna felszerel\u00e9st kell sz\u00e1ll\u00edtanunk. Ez nagyobb mennyis\u00e9g, mint amit az afganiszt\u00e1ni csapatkivon\u00e1s egy \u00e9ve alatt hazahozunk&#8221; &#8211; hangs\u00falyozta a miniszter a lap szerint.<br \/>\nA tov\u00e1bbi 20 milli\u00f3 eur\u00f3b\u00f3l fedezt\u00e9k a francia er\u0151k rep\u00fcl\u00e9si k\u00f6lts\u00e9geit, a l\u00f6ved\u00e9keket \u00e9s a katon\u00e1k pr\u00e9mium\u00e1t. A rep\u00fcl\u00e9si k\u00f6lts\u00e9gekbe beletartozik a t\u00e1maszpontok szem\u00e9lyzet\u00e9nek fizet\u00e9se \u00e9s j\u00e1rm\u0171vek \u00fczemanyag-fogyaszt\u00e1sa. Egy Gazelle t\u00edpus\u00fa helikopter eset\u00e9ben ez \u00f3r\u00e1nk\u00e9nt 1600 eur\u00f3, a Rafale vad\u00e1szbomb\u00e1z\u00f3kn\u00e1l 14 ezer eur\u00f3, a Tigris helikopterek \u00fczemeltet\u00e9se \u00f3r\u00e1nk\u00e9nt 11 ezer eur\u00f3ba ker\u00fcl, a Mirage 2000-D pedig \u00f3r\u00e1nk\u00e9nt 7-8 ezer eur\u00f3ba ker\u00fcl. A j\u00e1rm\u0171vekre ker\u00fcl\u0151 fegyverezetnek is vannak k\u00f6lts\u00e9gei, egy Rafale p\u00e9ld\u00e1ul h\u00e1romszor annyit tud sz\u00e1ll\u00edtani, mint egy Mirage. A Gazelle-ek HOT t\u00edpus\u00fa rak\u00e9t\u00e1ja egyenk\u00e9nt 40 ezer eur\u00f3ba ker\u00fcl, az AASM f\u00f6ld-leveg\u0151 rak\u00e9t\u00e1k viszont 350 ezer eur\u00f3ba.<br \/>\nA bevet\u00e9sen l\u00e9v\u0151 katon\u00e1k egy r\u00e9sze dupla, m\u00e1sok tripla fizet\u00e9st kapnak. A h\u00e1bor\u00fas pr\u00e9mium katon\u00e1nk\u00e9nt 4 ezer eur\u00f3. Az \u00e1llom\u00e1ny fizet\u00e9s\u00e9re \u00e9s jutalmaz\u00e1s\u00e1ra eddig 5 milli\u00f3 eur\u00f3t k\u00f6lt\u00f6tt Maliban Franciaorsz\u00e1g.<br \/>\nA Le Parisien \u00f6sszes\u00edt\u00e9se szerint a mali h\u00e1bor\u00fa naponta 2,7 milli\u00f3 eur\u00f3ba ker\u00fcl a francia ad\u00f3fizet\u0151knek. \u00d6sszehasonl\u00edt\u00e1sk\u00e9pp a l\u00edbiai beavatkoz\u00e1s naponta 1,6 milli\u00f3 eur\u00f3t em\u00e9sztett fel, az afganiszt\u00e1ni misszi\u00f3 pedig 1,4 milli\u00f3 eur\u00f3t. A miniszter szerint azonban ezek csak jelz\u00e9sszer\u0171 adatok \u00e9s nem lehet \u0151ket \u00f6sszehasonl\u00edtani egym\u00e1ssal, miut\u00e1n minden h\u00e1bor\u00fa m\u00e1s. L\u00edbi\u00e1ba p\u00e9ld\u00e1ul nem k\u00fcld\u00f6tt Franciaorsz\u00e1g sz\u00e1razf\u00f6ldi csapatokat.<br \/>\nA mali beavatkoz\u00e1s v\u00e9g\u00f6sszeg\u00e9t egyel\u0151re neh\u00e9z megbecs\u00fclni, mivel az a misszi\u00f3 id\u0151tartam\u00e1t\u00f3l \u00e9s a l\u00e9gi csap\u00e1sok, illetve a felhaszn\u00e1lt l\u00f6ved\u00e9kek sz\u00e1m\u00e1t\u00f3l f\u00fcgg. Francois Hollande \u00e1llamf\u0151 szerd\u00e1n annyit mondott, hogy m\u00e1rciusban Franciaorsz\u00e1g megkezdi csapatainak kivon\u00e1s\u00e1t az afrikai orsz\u00e1gb\u00f3l.<br \/>\nAz \u00fagynevezett k\u00fclf\u00f6ldi katonai m\u0171veletekre a v\u00e9delmi t\u00e1rca 630 milli\u00f3 eur\u00f3val rendelkezik \u00e9vente. A t\u00e1rca teljes k\u00f6lts\u00e9gvet\u00e9se 31,4 milli\u00e1rd eur\u00f3 2013-ban. A miniszter \u00e1ll\u00e1spontja szerint amennyiben a mali intervenci\u00f3 a ny\u00e1r folyam\u00e1n befejez\u0151dik, a rendelkez\u00e9sre \u00e1ll\u00f3 \u00f6sszeg elegend\u0151 lesz a k\u00f6lts\u00e9gek fedez\u00e9s\u00e9re. (MTI)<\/p>\n","protected":false},"excerpt":{"rendered":"<p>A Maliban n\u00e9gy h\u00e9ttel ezel\u0151tt elind\u00edtott katonai intervenci\u00f3 eddig 70 milli\u00f3 eur\u00f3ba ker\u00fclt Franciaorsz\u00e1gnak &#8211; mondta a Le Parisien c\u00edm\u0171 napilap \u00e9rtes\u00fcl\u00e9se szerint egy z\u00e1rt ajt\u00f3k m\u00f6g\u00f6tt rendezett parlamenti meghallgat\u00e1son szerda este Jean-Yves Le Drian v\u00e9delmi miniszter.<\/p>\n","protected":false},"author":1,"featured_media":2071,"comment_status":"closed","ping_status":"closed","sticky":false,"template":"","format":"standard","meta":[],"categories":[17,12],"tags":[],"_links":{"self":[{"href":"https:\/\/gazdasagportal.hu\/index.php\/wp-json\/wp\/v2\/posts\/2372"}],"collection":[{"href":"https:\/\/gazdasagportal.hu\/index.php\/wp-json\/wp\/v2\/posts"}],"about":[{"href":"https:\/\/gazdasagportal.hu\/index.php\/wp-json\/wp\/v2\/types\/post"}],"author":[{"embeddable":true,"href":"https:\/\/gazdasagportal.hu\/index.php\/wp-json\/wp\/v2\/users\/1"}],"replies":[{"embeddable":true,"href":"https:\/\/gazdasagportal.hu\/index.php\/wp-json\/wp\/v2\/comments?post=2372"}],"version-history":[{"count":2,"href":"https:\/\/gazdasagportal.hu\/index.php\/wp-json\/wp\/v2\/posts\/2372\/revisions"}],"predecessor-version":[{"id":2374,"href":"https:\/\/gazdasagportal.hu\/index.php\/wp-json\/wp\/v2\/posts\/2372\/revisions\/2374"}],"wp:featuredmedia":[{"embeddable":true,"href":"https:\/\/gazdasagportal.hu\/index.php\/wp-json\/wp\/v2\/media\/2071"}],"wp:attachment":[{"href":"https:\/\/gazdasagportal.hu\/index.php\/wp-json\/wp\/v2\/media?parent=2372"}],"wp:term":[{"taxonomy":"category","embeddable":true,"href":"https:\/\/gazdasagportal.hu\/index.php\/wp-json\/wp\/v2\/categories?post=2372"},{"taxonomy":"post_tag","embeddable":true,"href":"https:\/\/gazdasagportal.hu\/index.php\/wp-json\/wp\/v2\/tags?post=2372"}],"curies":[{"name":"wp","href":"https:\/\/api.w.org\/{rel}","templated":true}]}}