{"id":23677,"date":"2013-12-18T19:49:04","date_gmt":"2013-12-18T18:49:04","guid":{"rendered":"http:\/\/stockportal.hu\/?p=23677"},"modified":"2013-12-18T19:49:04","modified_gmt":"2013-12-18T18:49:04","slug":"szazadveg-a-belso-kereslet-serkenti-a-magyar-gazdasag-novekedeset","status":"publish","type":"post","link":"https:\/\/gazdasagportal.hu\/index.php\/szazadveg-a-belso-kereslet-serkenti-a-magyar-gazdasag-novekedeset\/","title":{"rendered":"Sz\u00e1zadv\u00e9g: a bels\u0151 kereslet serkenti a magyar gazdas\u00e1g n\u00f6veked\u00e9s\u00e9t"},"content":{"rendered":"<p><strong>A Sz\u00e1zadv\u00e9g Gazdas\u00e1gkutat\u00f3 Zrt. legfrissebb Makrogazdas\u00e1gi monitor \u00e9s konjunkt\u00faraelemz\u00e9s kiadv\u00e1nya a 2013-ban fellend\u00fcl\u0151 gazdas\u00e1gi n\u00f6veked\u00e9s tov\u00e1bbi gyorsul\u00e1s\u00e1t prognosztiz\u00e1lja. A t\u00f6r\u00e9keny nemzetk\u00f6zi gazdas\u00e1gi helyzetben a hazai beruh\u00e1z\u00e1si fordulat \u00e9s az er\u0151s\u00f6d\u0151 munkaer\u0151piac hat\u00e1s\u00e1ra 2013-ban 1 sz\u00e1zal\u00e9kos n\u00f6veked\u00e9sre sz\u00e1m\u00edtanak a Sz\u00e1zadv\u00e9g elemz\u0151i.<!--more--><\/strong><\/p>\n<p>A gazdas\u00e1gkutat\u00f3 szerint a gazdas\u00e1g teljes\u00edtm\u00e9nye m\u00e1r az id\u00e9n is kiegyens\u00falyozott lehet, tekintve, hogy a n\u00f6veked\u00e9st tov\u00e1bbra is t\u00e1mogat\u00f3 k\u00fclkereskedelmi t\u00f6bblet mellett a bels\u0151 felhaszn\u00e1l\u00e1s is pozit\u00edvan j\u00e1rul hozz\u00e1 a b\u0151v\u00fcl\u00e9shez.<br \/>\nR\u00e1mutatnak: a n\u00f6veked\u00e9s legf\u0151bb termel\u0151i forr\u00e1sa id\u00e9n a mez\u0151gazdas\u00e1g, az \u00e9p\u00edt\u0151ipar \u00e9s az ipar, m\u00edg a felhaszn\u00e1l\u00e1si oldalon a beruh\u00e1z\u00e1sok seg\u00edtik a b\u0151v\u00fcl\u00e9st. Az uni\u00f3s forr\u00e1sokb\u00f3l megval\u00f3sul\u00f3 \u00e1llami \u00e9s \u00f6nkorm\u00e1nyzati nagyberuh\u00e1z\u00e1sok mellett m\u00e1r a Magyar Nemzeti Bank (MNB) n\u00f6veked\u00e9si hitelprogramja enyh\u00edtette a hitelk\u00edn\u00e1lati korl\u00e1tokat, \u00e9s serkentette a versenyszf\u00e9ra beruh\u00e1z\u00e1sait.<br \/>\nA Sz\u00e1zadv\u00e9g kutat\u00f3i \u00fagy v\u00e9lik: annak ellen\u00e9re, hogy folytat\u00f3dik a m\u00e9rlegalkalmazkod\u00e1s \u00e9s a lakoss\u00e1g tov\u00e1bbra is jelent\u0151s &#8211; \u00f3vatoss\u00e1gb\u00f3l f\u00e9lretett &#8211; megtakar\u00edt\u00e1sokkal rendelkezik, a re\u00e1lj\u00f6vedelmet b\u0151v\u00edt\u0151 korm\u00e1nyzati int\u00e9zked\u00e9sek (p\u00e9ld\u00e1ul a szem\u00e9lyi j\u00f6vedelemad\u00f3 rendszer v\u00e1ltoz\u00e1sa \u00e9s a rezsics\u00f6kkent\u00e9s) hat\u00e1s\u00e1ra az id\u00e9n m\u00e1r stagn\u00e1lhat a fogyaszt\u00e1s.<br \/>\nA progn\u00f3zis szerint j\u00f6v\u0151re a magyar gazdas\u00e1g n\u00f6veked\u00e9se kiegyens\u00falyozott p\u00e1lya ment\u00e9n &#8211; a bels\u0151 \u00e9s k\u00fcls\u0151 forr\u00e1sokra egyar\u00e1nt t\u00e1maszkodva &#8211; dinamikusabb\u00e1 v\u00e1lhat.<br \/>\n\u00dagy v\u00e9lik: a nemzetk\u00f6zi konjunkt\u00fara fellend\u00fcl\u00e9s\u00e9vel p\u00e1rhuzamosan az idein\u00e9l dinamikusabb, 5 sz\u00e1zal\u00e9kot meghalad\u00f3 exportteljes\u00edtm\u00e9ny tov\u00e1bbra is t\u00e1mogatja a n\u00f6veked\u00e9st.<br \/>\nA fogyaszt\u00e1si fordulatot a lakoss\u00e1gi bizalom \u00e9s a re\u00e1lj\u00f6vedelmek emelked\u00e9se hozza el &#8211; jelzik.<br \/>\nA versenyszf\u00e9r\u00e1ban a tov\u00e1bb b\u0151v\u00fcl\u0151 foglalkoztatotts\u00e1g, m\u00edg az \u00e1llami szektorban a pedag\u00f3gusi \u00e9letp\u00e1lya-modell jav\u00edtja a lakoss\u00e1g j\u00f6vedelmi kil\u00e1t\u00e1sait. Emellett pedig az olyan korm\u00e1nyzati int\u00e9zked\u00e9sek, mint a gyed extra, a csal\u00e1di ad\u00f3kedvezm\u00e9ny kiterjeszt\u00e9se \u00e9s a minim\u00e1lb\u00e9r emel\u00e9se, n\u00f6velik a rendelkez\u00e9sre \u00e1ll\u00f3 j\u00f6vedelmet.<br \/>\nAz elemz\u0151k szerint az eur\u00f3pai uni\u00f3s forr\u00e1sok leh\u00edv\u00e1sa r\u00e9v\u00e9n megval\u00f3sul\u00f3 \u00e1llami nagyberuh\u00e1z\u00e1sok mellett a versenyszf\u00e9r\u00e1ban a jegybank n\u00f6veked\u00e9si hitelprogramja enyh\u00edti a finansz\u00edroz\u00e1si korl\u00e1tokat, \u00edgy j\u00f6v\u0151re tov\u00e1bb emelkedik a beruh\u00e1z\u00e1si r\u00e1ta.<br \/>\nA Sz\u00e1zadv\u00e9g Gazdas\u00e1gkutat\u00f3 Zrt. elemz\u0151inek meg\u00edt\u00e9l\u00e9se szerint &#8211; mindezen hat\u00e1sok ered\u0151jek\u00e9nt &#8211; a GDP-n\u00f6veked\u00e9s 2014-ben el\u00e9rheti a 2,5 sz\u00e1zal\u00e9kot. Azt v\u00e1rj\u00e1k, hogy az infl\u00e1ci\u00f3 2013-2014-ben \u00e9ves szinten m\u00e9lyen a jegybank 3 sz\u00e1zal\u00e9kos infl\u00e1ci\u00f3s c\u00e9lja alatt marad, de a j\u00f6v\u0151 \u00e9v v\u00e9g\u00e9re felgyorsul. Ennek legf\u0151bb oka, hogy a szab\u00e1lyozott \u00e1rak cs\u00f6kkent\u00e9s\u00e9nek hat\u00e1sai kiker\u00fclnek a b\u00e1zisb\u00f3l, valamint az er\u0151teljes gazdas\u00e1gi n\u00f6veked\u00e9s a keresleti oldalon infl\u00e1ci\u00f3s nyom\u00e1st gener\u00e1l.<br \/>\n\u00dagy v\u00e9lik: a monet\u00e1ris politika mozg\u00e1ster\u00e9t els\u0151sorban m\u00e9g mindig a glob\u00e1lis kock\u00e1zati k\u00f6rnyezet, az amerikai tartal\u00e9kbankrendszer, a Fed mennyis\u00e9gi laz\u00edt\u00f3 int\u00e9zked\u00e9seinek j\u00f6v\u0151 \u00e9vben v\u00e1rhat\u00f3 kivezet\u00e9se befoly\u00e1solja. Emellett a monet\u00e1ris politika sz\u00e1m\u00e1ra relev\u00e1ns id\u0151horizonton a bels\u0151 kereslet felfut\u00e1s\u00e1b\u00f3l fakad\u00f3 infl\u00e1ci\u00f3s nyom\u00e1s a kamatemel\u00e9si ciklus megkezd\u00e9s\u00e9t ig\u00e9nyli.<br \/>\nA Sz\u00e1zadv\u00e9g elemz\u0151i \u00edgy arra sz\u00e1m\u00edtanak, hogy az MNB laz\u00edt\u00f3 ciklusa a j\u00f6v\u0151 \u00e9v elej\u00e9n, 2,8 sz\u00e1zal\u00e9kos kamatszintn\u00e9l \u00e9ri el a m\u00e9lypontj\u00e1t.<br \/>\nAz elemz\u0151k v\u00e9g\u00fcl r\u00e1mutatnak: a kiegyens\u00falyozott p\u00e1lya ment\u00e9n halad\u00f3 dinamikus n\u00f6veked\u00e9s nem vesz\u00e9lyezteti az orsz\u00e1g k\u00fcls\u0151 egyens\u00falyi poz\u00edci\u00f3j\u00e1nak alakul\u00e1s\u00e1t, az elemz\u0151k 2014-ben is foly\u00f3 fizet\u00e9si m\u00e9rleg t\u00f6bbletet prognosztiz\u00e1lnak. A k\u00f6lts\u00e9gvet\u00e9si hi\u00e1ny az int\u00e9zet becsl\u00e9se szerint 2013-ban \u00e9s 2014-ben is 3 sz\u00e1zal\u00e9k alatt maradhat, de j\u00f6v\u0151re szorosnak l\u00e1tszik a b\u00fcdzs\u00e9, \u00edgy a hi\u00e1nyc\u00e9l teljes\u00fcl\u00e9se is.(MTI)<\/p>\n","protected":false},"excerpt":{"rendered":"<p>A Sz\u00e1zadv\u00e9g Gazdas\u00e1gkutat\u00f3 Zrt. legfrissebb Makrogazdas\u00e1gi monitor \u00e9s konjunkt\u00faraelemz\u00e9s kiadv\u00e1nya a 2013-ban fellend\u00fcl\u0151 gazdas\u00e1gi n\u00f6veked\u00e9s tov\u00e1bbi gyorsul\u00e1s\u00e1t prognosztiz\u00e1lja. A t\u00f6r\u00e9keny nemzetk\u00f6zi gazdas\u00e1gi helyzetben a hazai beruh\u00e1z\u00e1si fordulat \u00e9s az er\u0151s\u00f6d\u0151 munkaer\u0151piac hat\u00e1s\u00e1ra 2013-ban 1 sz\u00e1zal\u00e9kos n\u00f6veked\u00e9sre sz\u00e1m\u00edtanak a Sz\u00e1zadv\u00e9g elemz\u0151i.<\/p>\n","protected":false},"author":1,"featured_media":0,"comment_status":"open","ping_status":"closed","sticky":false,"template":"","format":"standard","meta":[],"categories":[19],"tags":[],"_links":{"self":[{"href":"https:\/\/gazdasagportal.hu\/index.php\/wp-json\/wp\/v2\/posts\/23677"}],"collection":[{"href":"https:\/\/gazdasagportal.hu\/index.php\/wp-json\/wp\/v2\/posts"}],"about":[{"href":"https:\/\/gazdasagportal.hu\/index.php\/wp-json\/wp\/v2\/types\/post"}],"author":[{"embeddable":true,"href":"https:\/\/gazdasagportal.hu\/index.php\/wp-json\/wp\/v2\/users\/1"}],"replies":[{"embeddable":true,"href":"https:\/\/gazdasagportal.hu\/index.php\/wp-json\/wp\/v2\/comments?post=23677"}],"version-history":[{"count":1,"href":"https:\/\/gazdasagportal.hu\/index.php\/wp-json\/wp\/v2\/posts\/23677\/revisions"}],"predecessor-version":[{"id":23678,"href":"https:\/\/gazdasagportal.hu\/index.php\/wp-json\/wp\/v2\/posts\/23677\/revisions\/23678"}],"wp:attachment":[{"href":"https:\/\/gazdasagportal.hu\/index.php\/wp-json\/wp\/v2\/media?parent=23677"}],"wp:term":[{"taxonomy":"category","embeddable":true,"href":"https:\/\/gazdasagportal.hu\/index.php\/wp-json\/wp\/v2\/categories?post=23677"},{"taxonomy":"post_tag","embeddable":true,"href":"https:\/\/gazdasagportal.hu\/index.php\/wp-json\/wp\/v2\/tags?post=23677"}],"curies":[{"name":"wp","href":"https:\/\/api.w.org\/{rel}","templated":true}]}}