{"id":23675,"date":"2013-12-18T19:13:22","date_gmt":"2013-12-18T18:13:22","guid":{"rendered":"http:\/\/stockportal.hu\/?p=23675"},"modified":"2013-12-18T19:13:22","modified_gmt":"2013-12-18T18:13:22","slug":"nagyon-koltseghatekony-eu-elnokseget-tervez-gorogorszag","status":"publish","type":"post","link":"https:\/\/gazdasagportal.hu\/index.php\/nagyon-koltseghatekony-eu-elnokseget-tervez-gorogorszag\/","title":{"rendered":"Nagyon k\u00f6lts\u00e9ghat\u00e9kony EU-eln\u00f6ks\u00e9get tervez G\u00f6r\u00f6gorsz\u00e1g"},"content":{"rendered":"<p><strong>Az EU soros eln\u00f6ks\u00e9g\u00e9t janu\u00e1r elsej\u00e9n Litv\u00e1ni\u00e1t\u00f3l f\u00e9l \u00e9vre \u00e1tvev\u0151 G\u00f6r\u00f6gorsz\u00e1g &#8211; alapvet\u0151en anyagi okokb\u00f3l, de a jelk\u00e9pes \u00fczenet\u00e9rt\u00e9k miatt is &#8211; &#8222;nagyon k\u00f6lts\u00e9ghat\u00e9kony&#8221; eln\u00f6ks\u00e9gre k\u00e9sz\u00fcl a g\u00f6r\u00f6g k\u00fcl\u00fcgyminiszter-helyettes szerint.<!--more--><\/strong><\/p>\n<p>Dimitrisz Kurkulasz szerd\u00e1n tartott sajt\u00f3t\u00e1j\u00e9koztat\u00f3t Br\u00fcsszelben Linas Linkeviciusszal, az eln\u00f6ks\u00e9gi staf\u00e9tabotot \u00e1tad\u00f3 Litv\u00e1nia k\u00fcl\u00fcgyminiszter\u00e9vel egy\u00fctt. Azt mondta, mind\u00f6ssze 50 milli\u00f3 eur\u00f3t sz\u00e1nnak a feladatra, ami l\u00e9nyegesen kevesebb, mint amennyibe \u00e1ltal\u00e1ban egy EU-eln\u00f6ks\u00e9g ell\u00e1t\u00e1sa ker\u00fcl.<br \/>\nKurkulasz szerint az a t\u00e9ny, hogy &#8222;a v\u00e1ls\u00e1g epicentrum\u00e1ban lev\u0151&#8221; tagorsz\u00e1g, vagyis a jelent\u0151s p\u00e9nz\u00fcgyi ment\u0151csomaggal kiseg\u00edtett G\u00f6r\u00f6gorsz\u00e1g veheti most \u00e1t az uni\u00f3 korm\u00e1nyr\u00fadj\u00e1t, azt mutatja, hogy az EU-ban \u00e9rv\u00e9nyes\u00fcl a tag\u00e1llamok egyenjog\u00fas\u00e1ga. G\u00f6r\u00f6gorsz\u00e1g egy\u00e9bk\u00e9nt &#8211; tette hozz\u00e1 a k\u00fcl\u00fcgyminiszter-helyettes &#8211; m\u00e1r n\u00e9gy alkalommal sikerrel ell\u00e1tta a f\u00e9l\u00e9ves rot\u00e1ci\u00f3ban bet\u00f6lt\u00f6tt orsz\u00e1geln\u00f6ks\u00e9gi feladatokat.<br \/>\nA g\u00f6r\u00f6g eln\u00f6ks\u00e9g figyelm\u00e9nek k\u00f6z\u00e9ppontj\u00e1ban &#8211; k\u00f6z\u00f6lte Kurkulasz &#8211; a gazdas\u00e1gi n\u00f6veked\u00e9s \u00e9s a munkahelyteremt\u00e9s el\u0151seg\u00edt\u00e9se, valamint a migr\u00e1ci\u00f3s politika \u00e9s a hat\u00e1r\u0151rizet k\u00e9rd\u00e9sk\u00f6re \u00e1ll majd. G\u00f6r\u00f6gorsz\u00e1gnak &#8211; mondta a k\u00fcl\u00fcgyi vezet\u0151 &#8211; gyors temp\u00f3ra kell \u00f6szt\u00f6n\u00f6znie a tagorsz\u00e1gokat, mert m\u00e1jusban \u00faj \u00f6sszet\u00e9tel\u0171 Eur\u00f3pai Parlamentet v\u00e1lasztanak, teh\u00e1t az \u00e9rdemi jogszab\u00e1lyalkot\u00f3i munka \u00e1prilis k\u00f6zep\u00e9n le\u00e1ll.<br \/>\nLinkevicius a sajt\u00f3t\u00e1j\u00e9koztat\u00f3n \u00fagy fogalmazott, hogy Litv\u00e1nia sz\u00e1m\u00e1ra jelent\u0151s tapasztalatszerz\u00e9ssel j\u00e1rt az elm\u00falt hat EU-eln\u00f6ks\u00e9gi h\u00f3nap. A litv\u00e1n eln\u00f6ks\u00e9g legnagyobb siker\u00e9nek a 2014 \u00e9s 2020 k\u00f6z\u00f6tti uni\u00f3s keretk\u00f6lts\u00e9gvet\u00e9s \u00f6sszes r\u00e9szk\u00e9rd\u00e9s\u00e9nek sikeres lez\u00e1r\u00e1s\u00e1t nevezte, de kiemelte azt is, hogy ebben az id\u0151szakban nyitottak meg &#8211; hossz\u00fa id\u0151 ut\u00e1n el\u0151sz\u00f6r &#8211; \u00faj t\u00e9mafejezetet a t\u00f6r\u00f6k EU-csatlakoz\u00e1si t\u00e1rgyal\u00e1sokon, illetve d\u00f6nt\u00f6ttek a Szerbi\u00e1val val\u00f3 csatlakoz\u00e1si t\u00e1rgyal\u00e1sok megkezd\u00e9s\u00e9r\u0151l.(MTI)<\/p>\n","protected":false},"excerpt":{"rendered":"<p>Az EU soros eln\u00f6ks\u00e9g\u00e9t janu\u00e1r elsej\u00e9n Litv\u00e1ni\u00e1t\u00f3l f\u00e9l \u00e9vre \u00e1tvev\u0151 G\u00f6r\u00f6gorsz\u00e1g &#8211; alapvet\u0151en anyagi okokb\u00f3l, de a jelk\u00e9pes \u00fczenet\u00e9rt\u00e9k miatt is &#8211; &#8222;nagyon k\u00f6lts\u00e9ghat\u00e9kony&#8221; eln\u00f6ks\u00e9gre k\u00e9sz\u00fcl a g\u00f6r\u00f6g k\u00fcl\u00fcgyminiszter-helyettes szerint.<\/p>\n","protected":false},"author":1,"featured_media":0,"comment_status":"open","ping_status":"closed","sticky":false,"template":"","format":"standard","meta":[],"categories":[12],"tags":[],"_links":{"self":[{"href":"https:\/\/gazdasagportal.hu\/index.php\/wp-json\/wp\/v2\/posts\/23675"}],"collection":[{"href":"https:\/\/gazdasagportal.hu\/index.php\/wp-json\/wp\/v2\/posts"}],"about":[{"href":"https:\/\/gazdasagportal.hu\/index.php\/wp-json\/wp\/v2\/types\/post"}],"author":[{"embeddable":true,"href":"https:\/\/gazdasagportal.hu\/index.php\/wp-json\/wp\/v2\/users\/1"}],"replies":[{"embeddable":true,"href":"https:\/\/gazdasagportal.hu\/index.php\/wp-json\/wp\/v2\/comments?post=23675"}],"version-history":[{"count":1,"href":"https:\/\/gazdasagportal.hu\/index.php\/wp-json\/wp\/v2\/posts\/23675\/revisions"}],"predecessor-version":[{"id":23676,"href":"https:\/\/gazdasagportal.hu\/index.php\/wp-json\/wp\/v2\/posts\/23675\/revisions\/23676"}],"wp:attachment":[{"href":"https:\/\/gazdasagportal.hu\/index.php\/wp-json\/wp\/v2\/media?parent=23675"}],"wp:term":[{"taxonomy":"category","embeddable":true,"href":"https:\/\/gazdasagportal.hu\/index.php\/wp-json\/wp\/v2\/categories?post=23675"},{"taxonomy":"post_tag","embeddable":true,"href":"https:\/\/gazdasagportal.hu\/index.php\/wp-json\/wp\/v2\/tags?post=23675"}],"curies":[{"name":"wp","href":"https:\/\/api.w.org\/{rel}","templated":true}]}}