{"id":23637,"date":"2013-12-17T17:42:06","date_gmt":"2013-12-17T16:42:06","guid":{"rendered":"http:\/\/stockportal.hu\/?p=23637"},"modified":"2013-12-17T17:12:39","modified_gmt":"2013-12-17T16:12:39","slug":"ngm-kormanyzati-cel-a-hatranyos-helyzetu-tersegek-felzarkoztatasa","status":"publish","type":"post","link":"https:\/\/gazdasagportal.hu\/index.php\/ngm-kormanyzati-cel-a-hatranyos-helyzetu-tersegek-felzarkoztatasa\/","title":{"rendered":"NGM: korm\u00e1nyzati c\u00e9l a h\u00e1tr\u00e1nyos helyzet\u0171 t\u00e9rs\u00e9gek felz\u00e1rk\u00f3ztat\u00e1sa"},"content":{"rendered":"<p><strong>A parlament \u00e1ltal kedden megszavazott, 2030-ig tart\u00f3 Orsz\u00e1gos Fejleszt\u00e9si \u00e9s Ter\u00fcletfejleszt\u00e9si Koncepci\u00f3t (OFTK) c\u00e9lja a ter\u00fcleti egyenl\u0151tlens\u00e9gek cs\u00f6kkent\u00e9se \u00e9s a h\u00e1tr\u00e1nyos helyzet\u0171 t\u00e9rs\u00e9gek felz\u00e1rk\u00f3ztat\u00e1sa &#8211; k\u00f6z\u00f6lte a Nemzetgazdas\u00e1gi Miniszt\u00e9rium az MTI-vel.<!--more--><\/strong><\/p>\n<p>A koncepci\u00f3 \u00f6sszehangolt fell\u00e9p\u00e9ssel, hathat\u00f3s \u00e9s k\u00f6vetkezetes int\u00e9zked\u00e9sekkel j\u00e1rul hozz\u00e1 az orsz\u00e1g dinamikus fejl\u0151d\u00e9s\u00e9hez &#8211; jellemzi a dokumentumot a t\u00e1rca. Emellett egys\u00e9ges j\u00f6v\u0151k\u00e9pet v\u00e1zol fel 2030-ig a ter\u00fcletfejleszt\u00e9s \u00e9s a fejleszt\u00e9spolitika sz\u00e1m\u00e1ra, valamint kijel\u00f6li a 2014-2020-as fejleszt\u00e9si id\u0151szak nemzeti \u00e9s szakpolitikai s\u00falypontjait.<br \/>\nA nemzeti \u00e9rt\u00e9kekre \u00e9s er\u0151forr\u00e1sokra, valamint a fejleszt\u00e9spolitikai eszk\u00f6z\u00f6kre t\u00e1maszkodva az OFTK lehet\u0151s\u00e9get teremt a gazdas\u00e1gi meg\u00fajul\u00e1sra. El\u0151seg\u00edti a k\u00f6rnyezet v\u00e9delm\u00e9t, \u00e9s a term\u00e9szeti er\u0151forr\u00e1sokkal val\u00f3 fenntarthat\u00f3 gazd\u00e1lkod\u00e1st. Az eddig egym\u00e1st\u00f3l elk\u00fcl\u00f6n\u00edtetten m\u0171k\u00f6d\u0151, \u00f6n\u00e1ll\u00f3 \u00e1gazati strat\u00e9gi\u00e1kkal \u00e9s programokkal szemben egys\u00e9ges keretbe foglalja &#8211; ez\u00e1ltal egy\u00fctt kezeli &#8211; a nemzeti fejleszt\u00e9si \u00e9s a ter\u00fcletfejleszt\u00e9si koncepci\u00f3kat. Ezzel egy olyan harmonikus rendszert hoz l\u00e9tre, amely k\u00e9pes hozz\u00e1j\u00e1rulni az orsz\u00e1g fejl\u0151d\u00e9s\u00e9hez &#8211; z\u00e1rul a k\u00f6zlem\u00e9ny.(MTI)<\/p>\n","protected":false},"excerpt":{"rendered":"<p>A parlament \u00e1ltal kedden megszavazott, 2030-ig tart\u00f3 Orsz\u00e1gos Fejleszt\u00e9si \u00e9s Ter\u00fcletfejleszt\u00e9si Koncepci\u00f3t (OFTK) c\u00e9lja a ter\u00fcleti egyenl\u0151tlens\u00e9gek cs\u00f6kkent\u00e9se \u00e9s a h\u00e1tr\u00e1nyos helyzet\u0171 t\u00e9rs\u00e9gek felz\u00e1rk\u00f3ztat\u00e1sa &#8211; k\u00f6z\u00f6lte a Nemzetgazdas\u00e1gi Miniszt\u00e9rium az MTI-vel.<\/p>\n","protected":false},"author":1,"featured_media":0,"comment_status":"open","ping_status":"closed","sticky":false,"template":"","format":"standard","meta":[],"categories":[19],"tags":[],"_links":{"self":[{"href":"https:\/\/gazdasagportal.hu\/index.php\/wp-json\/wp\/v2\/posts\/23637"}],"collection":[{"href":"https:\/\/gazdasagportal.hu\/index.php\/wp-json\/wp\/v2\/posts"}],"about":[{"href":"https:\/\/gazdasagportal.hu\/index.php\/wp-json\/wp\/v2\/types\/post"}],"author":[{"embeddable":true,"href":"https:\/\/gazdasagportal.hu\/index.php\/wp-json\/wp\/v2\/users\/1"}],"replies":[{"embeddable":true,"href":"https:\/\/gazdasagportal.hu\/index.php\/wp-json\/wp\/v2\/comments?post=23637"}],"version-history":[{"count":1,"href":"https:\/\/gazdasagportal.hu\/index.php\/wp-json\/wp\/v2\/posts\/23637\/revisions"}],"predecessor-version":[{"id":23638,"href":"https:\/\/gazdasagportal.hu\/index.php\/wp-json\/wp\/v2\/posts\/23637\/revisions\/23638"}],"wp:attachment":[{"href":"https:\/\/gazdasagportal.hu\/index.php\/wp-json\/wp\/v2\/media?parent=23637"}],"wp:term":[{"taxonomy":"category","embeddable":true,"href":"https:\/\/gazdasagportal.hu\/index.php\/wp-json\/wp\/v2\/categories?post=23637"},{"taxonomy":"post_tag","embeddable":true,"href":"https:\/\/gazdasagportal.hu\/index.php\/wp-json\/wp\/v2\/tags?post=23637"}],"curies":[{"name":"wp","href":"https:\/\/api.w.org\/{rel}","templated":true}]}}