{"id":23616,"date":"2013-12-17T16:38:36","date_gmt":"2013-12-17T15:38:36","guid":{"rendered":"http:\/\/stockportal.hu\/?p=23616"},"modified":"2013-12-17T16:38:36","modified_gmt":"2013-12-17T15:38:36","slug":"devizahitelek-retvari-a-kormany-kovetkezo-ulesein-targyalhatnak-a-kulonbozo-gazdasagi-modellekrol","status":"publish","type":"post","link":"https:\/\/gazdasagportal.hu\/index.php\/devizahitelek-retvari-a-kormany-kovetkezo-ulesein-targyalhatnak-a-kulonbozo-gazdasagi-modellekrol\/","title":{"rendered":"Devizahitelek &#8211; R\u00e9tv\u00e1ri: a korm\u00e1ny k\u00f6vetkez\u0151 \u00fcl\u00e9sein t\u00e1rgyalhatnak a k\u00fcl\u00f6nb\u00f6z\u0151 gazdas\u00e1gi modellekr\u0151l"},"content":{"rendered":"<p><strong>A korm\u00e1ny k\u00f6vetkez\u0151 \u00fcl\u00e9sein ism\u00e9t t\u00e1rgyalhatnak a devizahitelesek megseg\u00edt\u00e9s\u00e9t c\u00e9lz\u00f3 k\u00fcl\u00f6nb\u00f6z\u0151 gazdas\u00e1gi modellekr\u0151l, a k\u00f6zigazgat\u00e1si t\u00e1rca pedig ezut\u00e1n \u00f6ntheti jogszab\u00e1lyi form\u00e1ba az esetleges v\u00e1ltoztat\u00e1sokat. R\u00e9tv\u00e1ri Bence ezt a K\u00faria el\u0151z\u0151 napi jogegys\u00e9gi hat\u00e1rozat\u00e1ra reag\u00e1lva mondta kedden \u00fajs\u00e1g\u00edr\u00f3i k\u00e9rd\u00e9sre.<!--more--><\/strong><\/p>\n<p>A K\u00faria h\u00e9tf\u0151n d\u00f6nt\u00f6tt arr\u00f3l, hogy a devizaalap\u00fa k\u00f6lcs\u00f6nszerz\u0151d\u00e9s \u00f6nmag\u00e1ban az ad\u00f3st terhel\u0151 \u00e1rfolyamkock\u00e1zat miatt nem \u00fctk\u00f6zik jogszab\u00e1lyba, sem j\u00f3 erk\u00f6lcsbe, nem uzsor\u00e1s \u00e9s nem sz\u00ednlelt szerz\u0151d\u00e9s.<br \/>\nA k\u00f6zigazgat\u00e1si t\u00e1rca parlamenti \u00e1llamtitk\u00e1ra kiemelte: a probl\u00e9m\u00e1t sem a bankok, sem az \u00fcgyfelek \u00e9rdekk\u00e9pviseletei, sem a b\u00edr\u00f3s\u00e1gok nem tudt\u00e1k megoldani, ez a korm\u00e1nyra maradt.<br \/>\nKifejtette: a K\u00faria d\u00f6nt\u00e9se nagyon sok k\u00e9rd\u00e9sre nem adott v\u00e1laszt, m\u00e1s k\u00e9rd\u00e9sekben pedig nem a devizahitelesek t\u00f6bbs\u00e9ge kereseti k\u00e9relm\u00e9nek megfelel\u0151 megold\u00e1st fogalmazott meg. Ez\u00e1ltal a helyzet b\u00e1r stabiliz\u00e1l\u00f3dott, de nem old\u00f3dott meg &#8211; fogalmazott R\u00e9tv\u00e1ri Bence. A bankok \u00e1ltal kor\u00e1bban m\u00e1r a nyilv\u00e1noss\u00e1g el\u0151tt m\u00e1r elmondott \u00e9rveket l\u00e9nyeg\u00e9ben elfogadta a K\u00faria d\u00f6nt\u00e9s\u00e9vel, s tulajdonk\u00e9ppen azt v\u00e1laszolta meg, hogy a devizahitel val\u00f3ban devizahitel &#8211; \u00e1llap\u00edtotta meg.<br \/>\nEz olyan szempontb\u00f3l fontos a korm\u00e1ny sz\u00e1m\u00e1ra, hogy ehhez m\u00e9rten lehet a k\u00e9s\u0151bbiek folyam\u00e1n a k\u00fcl\u00f6nb\u00f6z\u0151 t\u00f6rv\u00e9nycsomagokat, jogszab\u00e1ly-m\u00f3dos\u00edt\u00e1sokat kidolgozni &#8211; tette hozz\u00e1. Megjegyezte: tov\u00e1bbra is \u00fagy l\u00e1tja, j\u00f3l d\u00f6nt\u00f6ttek azok, akik \u00e9ltek az \u00e1rfolyamg\u00e1t lehet\u0151s\u00e9g\u00e9vel, ezt a tov\u00e1bbiakban is javasolj\u00e1k mindenkinek.<br \/>\nArra a k\u00e9rd\u00e9sre, hogy meglepte-e a K\u00faria d\u00f6nt\u00e9se, azt mondta: \u00fagy gondolta, hogy a K\u00faria t\u00f6bb k\u00e9rd\u00e9sben fog r\u00e9szletesebb \u00e1ll\u00e1sfoglal\u00e1st megfogalmazni. A k\u00e9rd\u00e9sek j\u00f3 r\u00e9sz\u00e9n\u00e9l csak a hat\u00e1lyos jogszab\u00e1lyok sz\u0171k k\u00f6r\u0171 ismertet\u00e9s\u00e9re, \u00e9s nem t\u00e1gabb k\u00f6r\u0171 \u00e9rtelmez\u00e9s\u00e9re szor\u00edtkozott.<br \/>\nA parlamenti \u00e1llamtitk\u00e1r arra, hogy a luxemburgi b\u00edr\u00f3s\u00e1g d\u00f6nt\u00e9se v\u00e1ltoztathat-e b\u00e1rmin is, \u00fagy v\u00e1laszolt: ez az\u00e9rt fontos, mert abban kell d\u00f6ntenie, hogy a fogyaszt\u00f3i szerz\u0151d\u00e9sekn\u00e9l az er\u0151f\u00f6l\u00e9nnyel val\u00f3 vissza\u00e9l\u00e9s tag\u00e1llami hat\u00e1sk\u00f6rbe tartozik, vagy k\u00f6z\u00f6ss\u00e9gi hat\u00e1sk\u00f6r-e. Magyarorsz\u00e1g \u00fagy gondolja, hogy ez tag\u00e1llami hat\u00e1sk\u00f6rbe tartozik &#8211; jelezte R\u00e9tv\u00e1ri Bence, hozz\u00e1t\u00e9ve: ugyanakkor a b\u00edr\u00f3s\u00e1g d\u00f6nt\u00e9se csak tavaszra v\u00e1rhat\u00f3.(MTI)<\/p>\n","protected":false},"excerpt":{"rendered":"<p>A korm\u00e1ny k\u00f6vetkez\u0151 \u00fcl\u00e9sein ism\u00e9t t\u00e1rgyalhatnak a devizahitelesek megseg\u00edt\u00e9s\u00e9t c\u00e9lz\u00f3 k\u00fcl\u00f6nb\u00f6z\u0151 gazdas\u00e1gi modellekr\u0151l, a k\u00f6zigazgat\u00e1si t\u00e1rca pedig ezut\u00e1n \u00f6ntheti jogszab\u00e1lyi form\u00e1ba az esetleges v\u00e1ltoztat\u00e1sokat. R\u00e9tv\u00e1ri Bence ezt a K\u00faria el\u0151z\u0151 napi jogegys\u00e9gi hat\u00e1rozat\u00e1ra reag\u00e1lva mondta kedden \u00fajs\u00e1g\u00edr\u00f3i k\u00e9rd\u00e9sre.<\/p>\n","protected":false},"author":1,"featured_media":0,"comment_status":"open","ping_status":"closed","sticky":false,"template":"","format":"standard","meta":[],"categories":[19,112],"tags":[],"_links":{"self":[{"href":"https:\/\/gazdasagportal.hu\/index.php\/wp-json\/wp\/v2\/posts\/23616"}],"collection":[{"href":"https:\/\/gazdasagportal.hu\/index.php\/wp-json\/wp\/v2\/posts"}],"about":[{"href":"https:\/\/gazdasagportal.hu\/index.php\/wp-json\/wp\/v2\/types\/post"}],"author":[{"embeddable":true,"href":"https:\/\/gazdasagportal.hu\/index.php\/wp-json\/wp\/v2\/users\/1"}],"replies":[{"embeddable":true,"href":"https:\/\/gazdasagportal.hu\/index.php\/wp-json\/wp\/v2\/comments?post=23616"}],"version-history":[{"count":1,"href":"https:\/\/gazdasagportal.hu\/index.php\/wp-json\/wp\/v2\/posts\/23616\/revisions"}],"predecessor-version":[{"id":23617,"href":"https:\/\/gazdasagportal.hu\/index.php\/wp-json\/wp\/v2\/posts\/23616\/revisions\/23617"}],"wp:attachment":[{"href":"https:\/\/gazdasagportal.hu\/index.php\/wp-json\/wp\/v2\/media?parent=23616"}],"wp:term":[{"taxonomy":"category","embeddable":true,"href":"https:\/\/gazdasagportal.hu\/index.php\/wp-json\/wp\/v2\/categories?post=23616"},{"taxonomy":"post_tag","embeddable":true,"href":"https:\/\/gazdasagportal.hu\/index.php\/wp-json\/wp\/v2\/tags?post=23616"}],"curies":[{"name":"wp","href":"https:\/\/api.w.org\/{rel}","templated":true}]}}