{"id":23579,"date":"2013-12-17T11:00:24","date_gmt":"2013-12-17T10:00:24","guid":{"rendered":"http:\/\/stockportal.hu\/?p=23579"},"modified":"2013-12-17T16:42:18","modified_gmt":"2013-12-17T15:42:18","slug":"devizahitelek-vona-a-kormany-szabotalta-a-devizahitelesek-ugyet","status":"publish","type":"post","link":"https:\/\/gazdasagportal.hu\/index.php\/devizahitelek-vona-a-kormany-szabotalta-a-devizahitelesek-ugyet\/","title":{"rendered":"Devizahitelek &#8211; Vona: a korm\u00e1ny szabot\u00e1lta a devizahitelesek \u00fcgy\u00e9t"},"content":{"rendered":"<p><strong>A Jobbik szerint a K\u00faria h\u00e9tf\u0151i d\u00f6nt\u00e9se nem csak az igazs\u00e1gszolg\u00e1ltat\u00e1s sz\u00e9gyene, hanem a korm\u00e1ny\u00e9 is, amely szabot\u00e1lta a devizahitelesek \u00fcgy\u00e9t. Vona G\u00e1bor p\u00e1rteln\u00f6k kedden bejelentette: ha a korm\u00e1ny febru\u00e1rig nem hoz \u00e9rdemi l\u00e9p\u00e9seket a t\u00e9m\u00e1ban, akkor legal\u00e1bb sz\u00e1z helyen egy id\u0151ben tartanak demonstr\u00e1ci\u00f3t.<!--more--><\/strong><\/p>\n<p>&nbsp;<\/p>\n<p><a href=\"http:\/\/stockportal.hu\/wp-content\/uploads\/2013\/12\/vona_gabor.jpg\" target=\"_blank\" rel=\"noopener\"><img decoding=\"async\" loading=\"lazy\" class=\"alignnone size-medium wp-image-23619\" alt=\"vona_gabor\" src=\"http:\/\/stockportal.hu\/wp-content\/uploads\/2013\/12\/vona_gabor-300x200.jpg\" width=\"300\" height=\"200\" srcset=\"https:\/\/gazdasagportal.hu\/wp-content\/uploads\/2013\/12\/vona_gabor-300x200.jpg 300w, https:\/\/gazdasagportal.hu\/wp-content\/uploads\/2013\/12\/vona_gabor-310x206.jpg 310w, https:\/\/gazdasagportal.hu\/wp-content\/uploads\/2013\/12\/vona_gabor-180x120.jpg 180w, https:\/\/gazdasagportal.hu\/wp-content\/uploads\/2013\/12\/vona_gabor.jpg 460w\" sizes=\"(max-width: 300px) 100vw, 300px\" \/><\/a><\/p>\n<p>Az ellenz\u00e9ki politikus szerint a korm\u00e1ny tehetetlens\u00e9ge \u00e9s a bankok nyom\u00e1sa olyan k\u00f6rnyezetet teremtett, amely lehetetlenn\u00e9 tette, hogy a K\u00faria f\u00fcggetlen d\u00f6nt\u00e9st hozzon a devizahitelek \u00fcgy\u00e9ben. \u00c1ll\u00e1spontja szerint ebben a helyzetben t\u00f6megdemonstr\u00e1ci\u00f3kkal meg kell mutatni, hogy &#8222;a t\u00e1rsadalom nem hagyja veszni ezt az \u00fcgyet&#8221;. \u00dagy v\u00e9lte: a K\u00faria h\u00e9tf\u0151i d\u00f6nt\u00e9se egy s\u00falyos t\u00e1rsadalmi igazs\u00e1gtalans\u00e1gnak \u00e1gyazott meg,\u00a0\u00a0a hat\u00e1rozat elfogadhatatlan \u00e9s felh\u00e1bor\u00edt\u00f3.<br \/>\nA keddi sajt\u00f3t\u00e1j\u00e9koztat\u00f3n Z. K\u00e1rp\u00e1t D\u00e1niel \u00fagy fogalmazott: a h\u00e9tf\u0151i d\u00f6nt\u00e9ssel a devizak\u00e1rosultak helyzete rendez\u00e9s\u00e9nek jogi \u00fatja &#8222;teljesen befulladt&#8221;, a politikai megold\u00e1st pedig a korm\u00e1ny l\u00e1that\u00f3an legal\u00e1bb a v\u00e1laszt\u00e1s ut\u00e1nig el akarja h\u00fazni, \u00edgy egyed\u00fcl az utcai nyom\u00e1sgyakorl\u00e1s seg\u00edthet.<br \/>\nA K\u00faria polg\u00e1ri koll\u00e9giuma h\u00e9tf\u0151i jogegys\u00e9gi hat\u00e1rozat\u00e1ban kimondta: a devizaalap\u00fa k\u00f6lcs\u00f6nszerz\u0151d\u00e9s \u00f6nmag\u00e1ban az ad\u00f3st terhel\u0151 \u00e1rfolyamkock\u00e1zat miatt nem \u00fctk\u00f6zik jogszab\u00e1lyba, sem j\u00f3 erk\u00f6lcsbe, nem uzsor\u00e1s \u00e9s nem sz\u00ednlelt szerz\u0151d\u00e9s. Wellmann Gy\u00f6rgy, a koll\u00e9gium vezet\u0151je a test\u00fclet jogegys\u00e9gi \u00fcl\u00e9se ut\u00e1n ismertette: a devizaalap\u00fa k\u00f6lcs\u00f6nszerz\u0151d\u00e9sek olyan szerz\u0151d\u00e9sek, amelyekben az ad\u00f3s az adott id\u0151szakban ir\u00e1nyad\u00f3 forintk\u00f6lcs\u00f6nn\u00e9l kedvez\u0151bb kamatm\u00e9rt\u00e9k mellett deviz\u00e1ban ad\u00f3sodott el, amib\u0151l k\u00f6vetkez\u0151en \u0151 viseli az \u00e1rfolyamv\u00e1ltoz\u00e1s hat\u00e1sait.(MTI)<\/p><div id=\"gazda-75831563\" class=\"gazda-tartalomban gazda-entity-placement\"><script async src=\"https:\/\/pagead2.googlesyndication.com\/pagead\/js\/adsbygoogle.js\"><\/script>\r\n<ins class=\"adsbygoogle\"\r\n     style=\"display:block\"\r\n     data-ad-format=\"fluid\"\r\n     data-ad-layout-key=\"-6t+ed+2i-1n-4w\"\r\n     data-ad-client=\"ca-pub-1959107119989764\"\r\n     data-ad-slot=\"4008251320\"><\/ins>\r\n<script>\r\n     (adsbygoogle = window.adsbygoogle || []).push({});\r\n<\/script><\/div>\n","protected":false},"excerpt":{"rendered":"<p>A Jobbik szerint a K\u00faria h\u00e9tf\u0151i d\u00f6nt\u00e9se nem csak az igazs\u00e1gszolg\u00e1ltat\u00e1s sz\u00e9gyene, hanem a korm\u00e1ny\u00e9 is, amely szabot\u00e1lta a devizahitelesek \u00fcgy\u00e9t. Vona G\u00e1bor p\u00e1rteln\u00f6k kedden bejelentette: ha a korm\u00e1ny febru\u00e1rig nem hoz \u00e9rdemi l\u00e9p\u00e9seket a t\u00e9m\u00e1ban, akkor legal\u00e1bb sz\u00e1z helyen egy id\u0151ben tartanak demonstr\u00e1ci\u00f3t.<\/p>\n","protected":false},"author":1,"featured_media":23619,"comment_status":"open","ping_status":"closed","sticky":false,"template":"","format":"standard","meta":[],"categories":[18,112],"tags":[],"_links":{"self":[{"href":"https:\/\/gazdasagportal.hu\/index.php\/wp-json\/wp\/v2\/posts\/23579"}],"collection":[{"href":"https:\/\/gazdasagportal.hu\/index.php\/wp-json\/wp\/v2\/posts"}],"about":[{"href":"https:\/\/gazdasagportal.hu\/index.php\/wp-json\/wp\/v2\/types\/post"}],"author":[{"embeddable":true,"href":"https:\/\/gazdasagportal.hu\/index.php\/wp-json\/wp\/v2\/users\/1"}],"replies":[{"embeddable":true,"href":"https:\/\/gazdasagportal.hu\/index.php\/wp-json\/wp\/v2\/comments?post=23579"}],"version-history":[{"count":3,"href":"https:\/\/gazdasagportal.hu\/index.php\/wp-json\/wp\/v2\/posts\/23579\/revisions"}],"predecessor-version":[{"id":23620,"href":"https:\/\/gazdasagportal.hu\/index.php\/wp-json\/wp\/v2\/posts\/23579\/revisions\/23620"}],"wp:featuredmedia":[{"embeddable":true,"href":"https:\/\/gazdasagportal.hu\/index.php\/wp-json\/wp\/v2\/media\/23619"}],"wp:attachment":[{"href":"https:\/\/gazdasagportal.hu\/index.php\/wp-json\/wp\/v2\/media?parent=23579"}],"wp:term":[{"taxonomy":"category","embeddable":true,"href":"https:\/\/gazdasagportal.hu\/index.php\/wp-json\/wp\/v2\/categories?post=23579"},{"taxonomy":"post_tag","embeddable":true,"href":"https:\/\/gazdasagportal.hu\/index.php\/wp-json\/wp\/v2\/tags?post=23579"}],"curies":[{"name":"wp","href":"https:\/\/api.w.org\/{rel}","templated":true}]}}