{"id":23559,"date":"2013-12-17T09:38:08","date_gmt":"2013-12-17T08:38:08","guid":{"rendered":"http:\/\/stockportal.hu\/?p=23559"},"modified":"2013-12-17T09:38:08","modified_gmt":"2013-12-17T08:38:08","slug":"hetezer-ember-kapott-elelmiszercsomagot-az-elelmiszerlavina-reven","status":"publish","type":"post","link":"https:\/\/gazdasagportal.hu\/index.php\/hetezer-ember-kapott-elelmiszercsomagot-az-elelmiszerlavina-reven\/","title":{"rendered":"H\u00e9tezer ember kapott \u00e9lelmiszercsomagot az \u00c9lelmiszerlavina r\u00e9v\u00e9n"},"content":{"rendered":"<p><b>T\u00f6bb mint 15 tonna tart\u00f3s \u00e9lelmiszert osztottak sz\u00e9t ezekben a hetekben a Magyar \u00c9lelmiszerbank Egyes\u00fclet \u00e9s a Syngenta \u00c9lelmiszerlavina programj\u00e1nak v\u00e1llalati \u00e1g\u00e1n. A felaj\u00e1nl\u00e1sb\u00f3l csaknem h\u00e9tezer neh\u00e9z helyzet\u0171 csal\u00e1d r\u00e9szes\u00fclt az orsz\u00e1g nyolc t\u00e9rs\u00e9g\u00e9ben.<\/b><b><\/b><!--more--><\/p>\n<p>Az \u00c9lelmiszerlavin\u00e1t 2008 \u00f3ta szervezz\u00fck, mondta Cseh Bal\u00e1zs, a Magyar \u00c9lelmiszerbank Egyes\u00fclet eln\u00f6ke. Mint kiemelte: a j\u00f3t\u00e9konys\u00e1gi program k\u00e9t r\u00e9szb\u0151l tev\u0151dik \u00f6ssze. Az \u00f6nkorm\u00e1nyzati programban id\u00e9n huszonh\u00e9t telep\u00fcl\u00e9s \u00e9s civil szervezet t\u00f6bb mint sz\u00e1z tonna z\u00f6lds\u00e9gf\u00e9l\u00e9t termelt, amelyet neh\u00e9z helyzet\u0171 emberek kaptak.<\/p>\n<p>A\u00a0 program m\u00e1sik \u00e1g\u00e1n elindult \u00f6sszefog\u00e1s l\u00e9nyege pedig az, hogy t\u00f6bb szervezet \u00e9s v\u00e1llalat egym\u00e1s ut\u00e1ni l\u00e1ncolatban \u00e1ll\u00edt el\u0151 \u00e9lelmiszereket, \u00edgy a \u201elavina\u201d r\u00e9v\u00e9n sz\u00e9lesebb k\u00f6rben tudnak seg\u00edteni a r\u00e1szorul\u00f3kon.<\/p><div id=\"gazda-4005175415\" class=\"gazda-tartalomban gazda-entity-placement\"><script async src=\"https:\/\/pagead2.googlesyndication.com\/pagead\/js\/adsbygoogle.js\"><\/script>\r\n<ins class=\"adsbygoogle\"\r\n     style=\"display:block\"\r\n     data-ad-format=\"fluid\"\r\n     data-ad-layout-key=\"-6t+ed+2i-1n-4w\"\r\n     data-ad-client=\"ca-pub-1959107119989764\"\r\n     data-ad-slot=\"4008251320\"><\/ins>\r\n<script>\r\n     (adsbygoogle = window.adsbygoogle || []).push({});\r\n<\/script><\/div>\n<p>A Hajd\u00faszoboszl\u00f3 Kist\u00e9rs\u00e9gi Szoci\u00e1lis Szolg\u00e1ltat\u00f3 K\u00f6zpont koordin\u00e1l\u00e1s\u00e1ban t\u00f6bb mint 1700 neh\u00e9z helyzet\u0171 ember kapott \u00e9lelmiszercsomagot. Mint megtudtuk: a nyugd\u00edjasok, t\u00f6bbgyermekes csal\u00e1dok, l\u00e9tminimum k\u00f6rny\u00e9k\u00e9n \u00e9l\u0151k sz\u00e1m\u00e1ra igen nagy seg\u00edts\u00e9g a felaj\u00e1nl\u00e1s.\u00a0 A Csongr\u00e1d V\u00e1rosell\u00e1t\u00f3 Int\u00e9zm\u00e9nyen kereszt\u00fcl 1400-an kaptak \u00e9lelmiszereket az \u00fcnnep el\u0151tt, \u00dajfeh\u00e9rt\u00f3n pedig m\u00e1sf\u00e9lezer neh\u00e9z helyzet\u0171 embert t\u00e1mogattak. Garabn\u00e9 Guly\u00e1s M\u00e1ria, a csal\u00e1dseg\u00edt\u0151 gyermekj\u00f3l\u00e9ti szolg\u00e1ltat\u00e1st v\u00e9gz\u0151 Nyitott KAPU-V\u00c1R T\u00e9rs\u00e9gi Szoci\u00e1lis Szolg\u00e1ltat\u00f3 K\u00f6zpont vezet\u0151je elmondta: t\u00f6bb mint nyolcsz\u00e1zan kaptak tart\u00f3s \u00e9lelmiszert a program keret\u00e9ben. \u00d6sszesen az orsz\u00e1g nyolc t\u00e9rs\u00e9g\u00e9ben osztottak ki az elm\u00falt hetekben \u00f6sszesen 15 tonna tart\u00f3s \u00e9lelmiszert.<\/p>\n<p>Id\u00e9n a v\u00e1llalati lavina els\u0151 \u201eh\u00f3goly\u00f3it\u201d a Syngenta Kft. ind\u00edtotta, a v\u00e1llalat felaj\u00e1nl\u00e1sa r\u00e9v\u00e9n a kiskunf\u00e9legyh\u00e1zi NT Kft. Kuns\u00e1gi \u00c9den \u00e9tolajat \u00e1ll\u00edtott el\u0151, a Gyermely Termel\u0151 Zrt. pedig b\u00faz\u00e1t termelt, amelyb\u0151l azt\u00e1n a Gyermelyi Zrt. t\u00e9szt\u00e1t k\u00e9sz\u00edtett. Az elk\u00e9sz\u00fclt term\u00e9keket pedig a Magyar \u00c9lelmiszerbank Egyes\u00fclet kieg\u00e9sz\u00edtette egy\u00e9b tart\u00f3s \u00e9lelmiszerekkel, s a civil szervezet koordin\u00e1l\u00e1s\u00e1ban ker\u00fcltek a telep\u00fcl\u00e9sekhez. A folyamat v\u00e9g\u00e9re \u00edgy lett teljes id\u00e9n is a lavina, amellyel a c\u00e9gek k\u00f6z\u00f6sen sok sz\u00e1z magyar csal\u00e1don seg\u00edtettek.<\/p>\n<p>&nbsp;<\/p>\n<p>C\u00e9g\u00fcnk kiemelten fontosnak tartja a t\u00e1rsadalmi felel\u0151ss\u00e9gv\u00e1llal\u00e1st, \u00f6r\u00f6mmel t\u00f6lt el benn\u00fcnket hogy a hat \u00e9ve ind\u00edtott k\u00f6z\u00f6s v\u00e1llalati \u00f6sszefog\u00e1s \u00e9vr\u0151l-\u00e9vre mennyi neh\u00e9z helyzet\u0171 csal\u00e1dnak ad seg\u00edts\u00e9get kar\u00e1csony idej\u00e9n, emelte ki Czig\u00e1ny Tibor, a Syngenta Kft. \u00fcgyvezet\u0151 igazgat\u00f3ja.<\/p>\n<p align=\"center\">A felaj\u00e1nl\u00e1s az al\u00e1bbi szervezeteken kereszt\u00fcl jutott el a r\u00e1szorul\u00f3khoz:<\/p>\n<p>&nbsp;<\/p>\n<table width=\"601\" border=\"0\" cellspacing=\"0\" cellpadding=\"0\">\n<tbody>\n<tr>\n<td valign=\"bottom\" width=\"433\">\n<p align=\"center\">Szervezet<\/p>\n<\/td>\n<td valign=\"bottom\" nowrap=\"nowrap\" width=\"168\">\n<p align=\"center\">T\u00e1mogatottak sz\u00e1ma<\/p>\n<\/td>\n<\/tr>\n<tr>\n<td valign=\"bottom\" width=\"433\">Csongr\u00e1d V\u00e1rosell\u00e1t\u00f3 Int\u00e9zm\u00e9ny<\/td>\n<td valign=\"bottom\" nowrap=\"nowrap\" width=\"168\">\n<p align=\"center\">1400<\/p>\n<\/td>\n<\/tr>\n<tr>\n<td valign=\"bottom\" width=\"433\">Fels\u0151zsolca Egys\u00e9ges Pedag\u00f3giai Szakszolg\u00e1ltat\u00f3 \u00e9s Csal\u00e1dgondoz\u00f3 K\u00f6zpont<\/td>\n<td valign=\"bottom\" nowrap=\"nowrap\" width=\"168\">\n<p align=\"center\">466<\/p>\n<\/td>\n<\/tr>\n<tr>\n<td valign=\"bottom\" width=\"433\">Hajd\u00faszoboszl\u00f3 Kist\u00e9rs\u00e9gi Szoci\u00e1lis Szolg\u00e1ltat\u00f3 K\u00f6zpont<\/td>\n<td valign=\"bottom\" nowrap=\"nowrap\" width=\"168\">\n<p align=\"center\">1750<\/p>\n<\/td>\n<\/tr>\n<tr>\n<td valign=\"bottom\" width=\"433\">\u00dajfeh\u00e9rt\u00f3 V\u00e1ros \u00d6nkorm\u00e1nyzata<\/td>\n<td valign=\"bottom\" nowrap=\"nowrap\" width=\"168\">\n<p align=\"center\">1519<\/p>\n<\/td>\n<\/tr>\n<tr>\n<td valign=\"bottom\" width=\"433\">Nyitott KAPU-V\u00c1R T\u00e9rs\u00e9gi Szoci\u00e1lis Szolg\u00e1ltat\u00f3 K\u00f6zpont<\/td>\n<td valign=\"bottom\" nowrap=\"nowrap\" width=\"168\">\n<p align=\"center\">875<\/p>\n<\/td>\n<\/tr>\n<tr>\n<td valign=\"bottom\" width=\"433\">Nagyt\u00e1lya k\u00f6zs\u00e9g \u00d6nkorm\u00e1nyzata Heves<\/td>\n<td valign=\"bottom\" nowrap=\"nowrap\" width=\"168\">\n<p align=\"center\">111<\/p>\n<\/td>\n<\/tr>\n<tr>\n<td valign=\"bottom\" width=\"433\">Hej\u0151szalonta K\u00f6zs\u00e9gi \u00d6nkorm\u00e1nyzat<\/td>\n<td valign=\"bottom\" nowrap=\"nowrap\" width=\"168\">\n<p align=\"center\">540<\/p>\n<\/td>\n<\/tr>\n<tr>\n<td valign=\"bottom\" width=\"433\">Gerde K\u00f6zs\u00e9g \u00d6nkorm\u00e1nyzat<\/td>\n<td valign=\"bottom\" nowrap=\"nowrap\" width=\"168\">\n<p align=\"center\">283<\/p>\n<\/td>\n<\/tr>\n<\/tbody>\n<\/table>\n<p>&nbsp;<\/p>\n<p><b><i>A Syngent\u00e1r\u00f3l<\/i><\/b><\/p>\n<p><i><br \/>\nA Syngenta a vil\u00e1g egyik vezet\u0151 v\u00e1llalata, 90 orsz\u00e1gban van jelen \u00e9s mintegy 27.000 munkat\u00e1rsa van. \u00a0A Syngenta Magyarorsz\u00e1gon \u00e9vek \u00f3ta piacvezet\u0151 a n\u00f6v\u00e9nyv\u00e9d\u0151 szerek ter\u00fclet\u00e9n. C\u00e9g\u00fcnk Magyarorsz\u00e1gon vezet\u0151 szerepet j\u00e1tszik sz\u00e1nt\u00f3f\u00f6ldi vet\u0151magok nemes\u00edt\u00e9s\u00e9ben, el\u0151\u00e1ll\u00edt\u00e1s\u00e1ban \u00e9s forgalmaz\u00e1s\u00e1ban, valamint z\u00f6lds\u00e9g vet\u0151magok nemes\u00edt\u00e9s\u00e9ben \u00e9s forgalmaz\u00e1s\u00e1ban.<\/i><\/p>\n<p><i>Elk\u00f6telezett c\u00e9lunk, hogy \u00e9letre kelts\u00fck a n\u00f6v\u00e9nyekben rejl\u0151 lehet\u0151s\u00e9geket. Vil\u00e1gsz\u00ednvonal\u00fa tudom\u00e1nyos eredm\u00e9nyeink, glob\u00e1lis h\u00e1l\u00f3zatunk, \u00e9s partnereink ir\u00e1nti elk\u00f6telezetts\u00e9g\u00fcnk k\u00e9pess\u00e9 tesz minket arra, hogy n\u00f6velj\u00fck a n\u00f6v\u00e9nyek term\u0151k\u00e9pess\u00e9g\u00e9t, el\u0151seg\u00edtve ezzel az emberek eg\u00e9szs\u00e9g\u00e9nek \u00e9s \u00e9letsz\u00ednvonal\u00e1nak javul\u00e1s\u00e1t, mik\u00f6zben tudatosan \u00f3vjuk k\u00f6rnyezet\u00fcnket. Tov\u00e1bbi inform\u00e1ci\u00f3\u00e9rt keresse fel a\u00a0<\/i><i><a href=\"http:\/\/www.syngenta.hu\/\" target=\"_blank\" rel=\"noopener\">www.syngenta.hu<\/a><\/i><i>\u00a0<\/i><i>honlapot.<\/i><\/p>\n<p>J\u00f6v\u0151re vonatkoz\u00f3 meg\u00e1llap\u00edt\u00e1sokkal, nyilatkozatokkal kapcsolatos figyelmeztet\u00e9s. Ez a dokumentum j\u00f6v\u0151re vonatkoz\u00f3 nyilatkozatokat, el\u0151rejelz\u00e9seket is tartalmazhat. Ezen nyilatkozatok eset\u00e9ben fenn\u00e1ll az a kock\u00e1zat, hogy a val\u00f3di eredm\u00e9nyek elt\u00e9rnek a j\u00f6v\u0151be tekint\u0151 kijelent\u00e9sekt\u0151l. K\u00e9rj\u00fck, tekintse meg az ezzel kapcsolatos nyilv\u00e1nos Syngenta iratokat, melyet az egyes\u00fclt \u00e1llamokbeli adatv\u00e9delmi bizotts\u00e1ghoz (Securities and Exchange Commission) beny\u00fajtottunk. Ezekben inform\u00e1ci\u00f3t kaphat a kock\u00e1zatokr\u00f3l \u00e9s egy\u00e9b bizonytalan t\u00e9nyez\u0151kr\u0151l. A Syngenta nem rendelkezik k\u00f6telezetts\u00e9ggel az el\u0151retekint\u0151 kijelent\u00e9seinek aktualiz\u00e1l\u00e1s\u00e1ra, az \u00e9rv\u00e9nyes eredm\u00e9nyek, vagy \u00faj felt\u00e9telez\u00e9sek elfogad\u00e1s\u00e1ra vonatkoz\u00f3lag. Ez a dokumentum nem k\u00e9pezi aj\u00e1nlat, elad\u00e1si, vagy kiad\u00e1si felsz\u00f3l\u00edt\u00e1s, vagy r\u00e9szv\u00e9nyjegyz\u00e9si aj\u00e1nlat r\u00e9sz\u00e9t. A dokumentum szerz\u0151d\u00e9sk\u00f6t\u00e9s alapj\u00e1t sem k\u00e9pezheti.<\/p>\n<p>&nbsp;<\/p>\n<p>&nbsp;<\/p>\n","protected":false},"excerpt":{"rendered":"<p>T\u00f6bb mint 15 tonna tart\u00f3s \u00e9lelmiszert osztottak sz\u00e9t ezekben a hetekben a Magyar \u00c9lelmiszerbank Egyes\u00fclet \u00e9s a Syngenta \u00c9lelmiszerlavina programj\u00e1nak v\u00e1llalati \u00e1g\u00e1n. A felaj\u00e1nl\u00e1sb\u00f3l csaknem h\u00e9tezer neh\u00e9z helyzet\u0171 csal\u00e1d r\u00e9szes\u00fclt az orsz\u00e1g nyolc t\u00e9rs\u00e9g\u00e9ben.<\/p>\n","protected":false},"author":1,"featured_media":0,"comment_status":"open","ping_status":"closed","sticky":false,"template":"","format":"standard","meta":[],"categories":[48],"tags":[],"_links":{"self":[{"href":"https:\/\/gazdasagportal.hu\/index.php\/wp-json\/wp\/v2\/posts\/23559"}],"collection":[{"href":"https:\/\/gazdasagportal.hu\/index.php\/wp-json\/wp\/v2\/posts"}],"about":[{"href":"https:\/\/gazdasagportal.hu\/index.php\/wp-json\/wp\/v2\/types\/post"}],"author":[{"embeddable":true,"href":"https:\/\/gazdasagportal.hu\/index.php\/wp-json\/wp\/v2\/users\/1"}],"replies":[{"embeddable":true,"href":"https:\/\/gazdasagportal.hu\/index.php\/wp-json\/wp\/v2\/comments?post=23559"}],"version-history":[{"count":1,"href":"https:\/\/gazdasagportal.hu\/index.php\/wp-json\/wp\/v2\/posts\/23559\/revisions"}],"predecessor-version":[{"id":23560,"href":"https:\/\/gazdasagportal.hu\/index.php\/wp-json\/wp\/v2\/posts\/23559\/revisions\/23560"}],"wp:attachment":[{"href":"https:\/\/gazdasagportal.hu\/index.php\/wp-json\/wp\/v2\/media?parent=23559"}],"wp:term":[{"taxonomy":"category","embeddable":true,"href":"https:\/\/gazdasagportal.hu\/index.php\/wp-json\/wp\/v2\/categories?post=23559"},{"taxonomy":"post_tag","embeddable":true,"href":"https:\/\/gazdasagportal.hu\/index.php\/wp-json\/wp\/v2\/tags?post=23559"}],"curies":[{"name":"wp","href":"https:\/\/api.w.org\/{rel}","templated":true}]}}