{"id":23504,"date":"2013-12-16T15:59:24","date_gmt":"2013-12-16T14:59:24","guid":{"rendered":"http:\/\/stockportal.hu\/?p=23504"},"modified":"2013-12-16T16:35:30","modified_gmt":"2013-12-16T15:35:30","slug":"devizahitelek-rogan-a-kuria-a-bankok-oldalara-allt","status":"publish","type":"post","link":"https:\/\/gazdasagportal.hu\/index.php\/devizahitelek-rogan-a-kuria-a-bankok-oldalara-allt\/","title":{"rendered":"Devizahitelek &#8211; Rog\u00e1n: a K\u00faria a bankok oldal\u00e1ra \u00e1llt"},"content":{"rendered":"<p><strong>A legf\u0151bb b\u00edr\u00f3i f\u00f3rum is a bankok oldal\u00e1ra \u00e1llt &#8211; \u00edgy \u00e9rt\u00e9kelte Rog\u00e1n Antal, a Fidesz parlamenti frakci\u00f3vezet\u0151je sajt\u00f3t\u00e1j\u00e9koztat\u00f3n a K\u00fari\u00e1nak a devizahitelek \u00fcgy\u00e9ben hozott hat\u00e1rozat\u00e1t.<!--more--><\/strong><\/p>\n<p>A K\u00faria h\u00e9tf\u0151n d\u00f6nt\u00f6tt arr\u00f3l, hogy a devizaalap\u00fa k\u00f6lcs\u00f6nszerz\u0151d\u00e9s \u00f6nmag\u00e1ban az ad\u00f3st terhel\u0151 \u00e1rfolyamkock\u00e1zat miatt nem \u00fctk\u00f6zik jogszab\u00e1lyba, sem j\u00f3 erk\u00f6lcsbe, nem uzsor\u00e1s \u00e9s nem sz\u00ednlelt szerz\u0151d\u00e9s.<br \/>\n&#8222;Csal\u00f3dottak vagyunk, mert a legf\u0151bb b\u00edr\u00f3i test\u00fclet is &#8211; a h\u00e9tf\u0151i d\u00f6nt\u00e9s\u00e9vel &#8211; a bankok oldal\u00e1ra \u00e1llt&#8221; &#8211; reag\u00e1lt \u00fajs\u00e1g\u00edr\u00f3k el\u0151tt Rog\u00e1n Antal.<br \/>\nA Fidesz frakci\u00f3vezet\u0151je azt is mondta ugyanakkor, hogy a mostani hat\u00e1rozatb\u00f3l nem der\u00fcl ki, foglalkozott-e \u00e9s ha igen, milyen d\u00f6nt\u00e9st hozott a K\u00faria p\u00e9ld\u00e1ul az egyoldal\u00fa kamatemel\u00e9sek vagy az \u00e1rfolyamr\u00e9s \u00fcgy\u00e9ben. Ez\u00e9rt ezekkel kapcsoltban tov\u00e1bbra is v\u00e1rj\u00e1k a legf\u0151bb b\u00edr\u00f3i test\u00fclet d\u00f6nt\u00e9s\u00e9t, mert a Fidesz szerint a bankok mindkett\u0151 alkalmaz\u00e1s\u00e1val megk\u00e1ros\u00edtott\u00e1k a devizahiteleseket &#8211; jelezte.<br \/>\nHa ezek az \u00e9rdemi \u00e1ll\u00e1sfoglal\u00e1sok megsz\u00fcletnek, rem\u00e9nyeik szerint min\u00e9l hamarabb, a parlament ki fogja alak\u00edtani \u00e1ll\u00e1spontj\u00e1t &#8211; k\u00f6z\u00f6lte a politikus.<br \/>\n&#8222;Am\u00edg a v\u00e9gs\u0151 jogi helyzetet nem ismerj\u00fck meg&#8221;, az \u00e1rfolyamg\u00e1t kisz\u00e9les\u00edt\u00e9se mindenkinek seg\u00edts\u00e9get jelent &#8211; h\u00edvta fel a\u00a0\u00a0figyelmet Rog\u00e1n Antal.<br \/>\nArra a felvet\u00e9sre, hogy az egyoldal\u00fa szerz\u0151d\u00e9sm\u00f3dos\u00edt\u00e1sokkal \u00f6sszef\u00fcgg\u00e9sben a K\u00faria az Eur\u00f3pai B\u00edr\u00f3s\u00e1ghoz fordult, a frakci\u00f3vezet\u0151 azt v\u00e1laszolta: &#8222;nem \u00e9rtem, mi\u00e9rt kellett az Eur\u00f3pai B\u00edr\u00f3s\u00e1ghoz fordulni. A K\u00fari\u00e1t el\u00e9g b\u00f6lcsnek \u00e9rzem ahhoz, hogy maga is meg tudja hozni a d\u00f6nt\u00e9s\u00e9t&#8221;.<br \/>\nK\u00e9rd\u00e9sre azt is kijelentette, fenntartj\u00e1k azt az \u00e1ll\u00e1spontjukat, amely szerint a devizahitelnek mint term\u00e9knek meg kell sz\u0171nnie.(MTI)<\/p>\n","protected":false},"excerpt":{"rendered":"<p>A legf\u0151bb b\u00edr\u00f3i f\u00f3rum is a bankok oldal\u00e1ra \u00e1llt &#8211; \u00edgy \u00e9rt\u00e9kelte Rog\u00e1n Antal, a Fidesz parlamenti frakci\u00f3vezet\u0151je sajt\u00f3t\u00e1j\u00e9koztat\u00f3n a K\u00fari\u00e1nak a devizahitelek \u00fcgy\u00e9ben hozott hat\u00e1rozat\u00e1t.<\/p>\n","protected":false},"author":1,"featured_media":0,"comment_status":"open","ping_status":"closed","sticky":false,"template":"","format":"standard","meta":[],"categories":[19],"tags":[],"_links":{"self":[{"href":"https:\/\/gazdasagportal.hu\/index.php\/wp-json\/wp\/v2\/posts\/23504"}],"collection":[{"href":"https:\/\/gazdasagportal.hu\/index.php\/wp-json\/wp\/v2\/posts"}],"about":[{"href":"https:\/\/gazdasagportal.hu\/index.php\/wp-json\/wp\/v2\/types\/post"}],"author":[{"embeddable":true,"href":"https:\/\/gazdasagportal.hu\/index.php\/wp-json\/wp\/v2\/users\/1"}],"replies":[{"embeddable":true,"href":"https:\/\/gazdasagportal.hu\/index.php\/wp-json\/wp\/v2\/comments?post=23504"}],"version-history":[{"count":2,"href":"https:\/\/gazdasagportal.hu\/index.php\/wp-json\/wp\/v2\/posts\/23504\/revisions"}],"predecessor-version":[{"id":23508,"href":"https:\/\/gazdasagportal.hu\/index.php\/wp-json\/wp\/v2\/posts\/23504\/revisions\/23508"}],"wp:attachment":[{"href":"https:\/\/gazdasagportal.hu\/index.php\/wp-json\/wp\/v2\/media?parent=23504"}],"wp:term":[{"taxonomy":"category","embeddable":true,"href":"https:\/\/gazdasagportal.hu\/index.php\/wp-json\/wp\/v2\/categories?post=23504"},{"taxonomy":"post_tag","embeddable":true,"href":"https:\/\/gazdasagportal.hu\/index.php\/wp-json\/wp\/v2\/tags?post=23504"}],"curies":[{"name":"wp","href":"https:\/\/api.w.org\/{rel}","templated":true}]}}