{"id":23495,"date":"2013-12-16T14:57:38","date_gmt":"2013-12-16T13:57:38","guid":{"rendered":"http:\/\/stockportal.hu\/?p=23495"},"modified":"2013-12-16T14:57:38","modified_gmt":"2013-12-16T13:57:38","slug":"alairtak-a-koalicios-szerzodest-nemetorszagban","status":"publish","type":"post","link":"https:\/\/gazdasagportal.hu\/index.php\/alairtak-a-koalicios-szerzodest-nemetorszagban\/","title":{"rendered":"Al\u00e1\u00edrt\u00e1k a koal\u00edci\u00f3s szerz\u0151d\u00e9st N\u00e9metorsz\u00e1gban"},"content":{"rendered":"<p><strong>Al\u00e1\u00edrt\u00e1k h\u00e9tf\u0151n Berlinben a nagykoal\u00edci\u00f3r\u00f3l sz\u00f3l\u00f3 szerz\u0151d\u00e9st a konzervat\u00edv CDU\/CSU p\u00e1rtsz\u00f6vets\u00e9g \u00e9s a szoci\u00e1ldemokrata p\u00e1rt (SPD) vezet\u0151i, a k\u00f6vetkez\u0151 n\u00e9met korm\u00e1ny munk\u00e1j\u00e1t megalapoz\u00f3 dokumentumot a szeptemberi parlamenti v\u00e1laszt\u00e1sok ut\u00e1ni 85. napon v\u00e9gleges\u00edtett\u00e9k.<!--more--><\/strong><\/p>\n<p>A szerz\u0151d\u00e9st Angela Merkel \u00fcgyvezet\u0151 kancell\u00e1r, a CDU eln\u00f6ke, Sigmar Gabriel, az SPD eln\u00f6ke \u00e9s Horst Seehofer bajor minisztereln\u00f6k, a CSU eln\u00f6ke, valamint a h\u00e1rom p\u00e1rt f\u0151titk\u00e1ra \u00e9s parlamenti frakci\u00f3vezet\u0151je \u00edrta al\u00e1.<br \/>\nA meg\u00e1llapod\u00e1s &#8222;j\u00f3 alapot biztos\u00edt N\u00e9metorsz\u00e1g j\u00f6v\u0151j\u00e9nek alak\u00edt\u00e1s\u00e1hoz&#8221; &#8211; hangs\u00falyozta Angela Merkel. A nagykoal\u00edci\u00f3 &#8222;nagy feladatok elv\u00e9gez\u00e9s\u00e9re k\u00f6t\u00f6tt koal\u00edci\u00f3&#8221; &#8211; fogalmazott. A h\u00e1rom p\u00e1rt gondoskodni akar arr\u00f3l, hogy a n\u00e9met emberek a ciklus v\u00e9g\u00e9n, 2017-ben &#8222;m\u00e9g jobban \u00e9ljenek, mint ma&#8221; &#8211; mondta a politikus a t\u00f6rv\u00e9nyhoz\u00e1s als\u00f3h\u00e1za, a Bundestag k\u00e9pvisel\u0151i irodah\u00e1z\u00e1ban rendezett al\u00e1\u00edr\u00e1si \u00fcnneps\u00e9gen, amelyen 700 vend\u00e9g vett r\u00e9szt.<br \/>\nA &#8222;nagykoal\u00edci\u00f3 a kisemberek\u00e9rt&#8221; dolgozik majd &#8211; emelte ki Sigmar Gabriel.<br \/>\nHorst Seehofer azt hangs\u00falyozta, hogy &#8222;nagy besz\u00e9dek helyett most m\u00e1r el kell kezdeni korm\u00e1nyozni&#8221;.<br \/>\nA 185 oldalas, N\u00e9metorsz\u00e1g j\u00f6v\u0151j\u00e9t form\u00e1lni c\u00edm\u0171 koal\u00edci\u00f3s szerz\u0151d\u00e9s kidolgoz\u00e1s\u00e1ban 300-n\u00e1l is t\u00f6bb politikus vesz r\u00e9szt, a munka t\u00f6bb mint egy h\u00f3napig tartott. Az el\u0151zetesen november v\u00e9g\u00e9n al\u00e1\u00edrt szerz\u0151d\u00e9st id\u0151k\u00f6zben j\u00f3v\u00e1hagyt\u00e1k a konzervat\u00edv uni\u00f3p\u00e1rtok vezet\u0151 test\u00fcletei, az SPD-n\u00e9l pedig p\u00e1rtszavaz\u00e1st tartottak r\u00f3la. A tags\u00e1g 75,96 sz\u00e1zal\u00e9ka szavazott arra, hogy a szoci\u00e1ldemokrata p\u00e1rt fogadja el a szerz\u0151d\u00e9st, \u00edgy a 2005-2009-es ciklus ut\u00e1n \u00fajra nagykoal\u00edci\u00f3 alakul N\u00e9metorsz\u00e1gban.<br \/>\nJoachim Gauck \u00e1llamf\u0151 h\u00e9tf\u0151n hivatalosan javasolta a Bundestagnak, hogy v\u00e1lassza meg ism\u00e9t kancell\u00e1rnak Angela Merkelt. A korm\u00e1nyf\u0151v\u00e1laszt\u00e1st a Bundestag keddi \u00fcl\u00e9s\u00e9n tartj\u00e1k meg, \u00e9s v\u00e1rhat\u00f3an m\u00e9g aznap leteszik hivatali esk\u00fcj\u00fcket az \u00faj kabinet tagjai.<br \/>\nA kancell\u00e1r a korm\u00e1ny programj\u00e1t v\u00e1rhat\u00f3an janu\u00e1r elej\u00e9n ismerteti a t\u00f6rv\u00e9nyhoz\u00e1s als\u00f3h\u00e1z\u00e1ban.<br \/>\nAngela Merkel 2005 \u00f3ta kancell\u00e1r. Harmadik korm\u00e1ny\u00e1ba &#8211; a m\u00e1sodik vil\u00e1gh\u00e1bor\u00fa ut\u00e1ni N\u00e9metorsz\u00e1g harmadik nagykoal\u00edci\u00f3s korm\u00e1ny\u00e1ba &#8211; a CDU 6 minisztert \u00e9s 2 t\u00e1rca n\u00e9lk\u00fcli minisztert deleg\u00e1l, m\u00edg az SPD 6 minisztert \u00e9s 1 t\u00e1rca n\u00e9lk\u00fcli minisztert, a CSU pedig 3 minisztert k\u00fcld.<br \/>\nA CDU\/CSU-nak \u00e9s az SPD-nek egy\u00fctt 79,8 sz\u00e1zal\u00e9kos t\u00f6bbs\u00e9ge van a Bundestagban, a korm\u00e1nyp\u00e1rtok \u00edgy ak\u00e1r az alkotm\u00e1nyt is m\u00f3dos\u00edthatj\u00e1k.(MTI)<\/p>\n","protected":false},"excerpt":{"rendered":"<p>Al\u00e1\u00edrt\u00e1k h\u00e9tf\u0151n Berlinben a nagykoal\u00edci\u00f3r\u00f3l sz\u00f3l\u00f3 szerz\u0151d\u00e9st a konzervat\u00edv CDU\/CSU p\u00e1rtsz\u00f6vets\u00e9g \u00e9s a szoci\u00e1ldemokrata p\u00e1rt (SPD) vezet\u0151i, a k\u00f6vetkez\u0151 n\u00e9met korm\u00e1ny munk\u00e1j\u00e1t megalapoz\u00f3 dokumentumot a szeptemberi parlamenti v\u00e1laszt\u00e1sok ut\u00e1ni 85. napon v\u00e9gleges\u00edtett\u00e9k.<\/p>\n","protected":false},"author":1,"featured_media":0,"comment_status":"open","ping_status":"closed","sticky":false,"template":"","format":"standard","meta":[],"categories":[12],"tags":[],"_links":{"self":[{"href":"https:\/\/gazdasagportal.hu\/index.php\/wp-json\/wp\/v2\/posts\/23495"}],"collection":[{"href":"https:\/\/gazdasagportal.hu\/index.php\/wp-json\/wp\/v2\/posts"}],"about":[{"href":"https:\/\/gazdasagportal.hu\/index.php\/wp-json\/wp\/v2\/types\/post"}],"author":[{"embeddable":true,"href":"https:\/\/gazdasagportal.hu\/index.php\/wp-json\/wp\/v2\/users\/1"}],"replies":[{"embeddable":true,"href":"https:\/\/gazdasagportal.hu\/index.php\/wp-json\/wp\/v2\/comments?post=23495"}],"version-history":[{"count":1,"href":"https:\/\/gazdasagportal.hu\/index.php\/wp-json\/wp\/v2\/posts\/23495\/revisions"}],"predecessor-version":[{"id":23496,"href":"https:\/\/gazdasagportal.hu\/index.php\/wp-json\/wp\/v2\/posts\/23495\/revisions\/23496"}],"wp:attachment":[{"href":"https:\/\/gazdasagportal.hu\/index.php\/wp-json\/wp\/v2\/media?parent=23495"}],"wp:term":[{"taxonomy":"category","embeddable":true,"href":"https:\/\/gazdasagportal.hu\/index.php\/wp-json\/wp\/v2\/categories?post=23495"},{"taxonomy":"post_tag","embeddable":true,"href":"https:\/\/gazdasagportal.hu\/index.php\/wp-json\/wp\/v2\/tags?post=23495"}],"curies":[{"name":"wp","href":"https:\/\/api.w.org\/{rel}","templated":true}]}}