{"id":23484,"date":"2013-12-16T13:56:33","date_gmt":"2013-12-16T12:56:33","guid":{"rendered":"http:\/\/stockportal.hu\/?p=23484"},"modified":"2013-12-16T13:47:14","modified_gmt":"2013-12-16T12:47:14","slug":"majdnem-osszeutkozott-egy-kinai-hadihajo-es-egy-amerikai-cirkalo-a-del-kinai-tengeren-december-elejen","status":"publish","type":"post","link":"https:\/\/gazdasagportal.hu\/index.php\/majdnem-osszeutkozott-egy-kinai-hadihajo-es-egy-amerikai-cirkalo-a-del-kinai-tengeren-december-elejen\/","title":{"rendered":"Majdnem \u00f6ssze\u00fctk\u00f6z\u00f6tt egy k\u00ednai hadihaj\u00f3 \u00e9s egy amerikai cirk\u00e1l\u00f3 a d\u00e9l-k\u00ednai tengeren december elej\u00e9n"},"content":{"rendered":"<p><strong>Kis h\u00edj\u00e1n \u00f6ssze\u00fctk\u00f6z\u00f6tt egy k\u00ednai hadihaj\u00f3 \u00e9s egy amerikai cirk\u00e1l\u00f3 a d\u00e9l-k\u00ednai tengeren december elej\u00e9n, ami\u00e9rt a k\u00ednai Global Times (GT) h\u00e9tf\u0151n az amerikai felet tette felel\u0151ss\u00e9.<!--more--><\/strong><\/p>\n<p>A lap egy mag\u00e1t megnevezni nem k\u00edv\u00e1n\u00f3 katonai szak\u00e9rt\u0151t id\u00e9zve \u00fagy fogalmaz: &#8222;az Egyes\u00fclt \u00c1llamok korm\u00e1nya \u00e1rtatlannak tetteti mag\u00e1t&#8221;, miut\u00e1n az esetr\u0151l az amerikai sajt\u00f3 h\u00edrt adott a h\u00e9t v\u00e9g\u00e9n.<br \/>\nVal\u00f3j\u00e1ban mindig a val\u00f3di tettesek vallj\u00e1k \u00e1rtatlannak magukat el\u0151sz\u00f6r &#8211; \u00edrja a lap, melynek forr\u00e1sa szerint a d\u00e9l-k\u00ednai tengeren k\u00f6zleked\u0151 amerikai rak\u00e9tacirk\u00e1l\u00f3 a k\u00ednai flotta 45 kilom\u00e9teres bels\u0151 v\u00e9delmi k\u00f6r\u00e9be is behatolt, s ott provok\u00e1l\u00f3 m\u00f3don t\u00e1mad\u00f3 jelleg\u0171 man\u0151verekbe bocs\u00e1tkozott.<br \/>\nAz incidens m\u00e9g december 5-\u00e9n t\u00f6rt\u00e9nt, arr\u00f3l viszont a felek eg\u00e9szen m\u00falt h\u00e9t v\u00e9g\u00e9ig hallgattak, majd a h\u00edrt az Egyes\u00fclt \u00c1llamok Csendes-\u00f3ce\u00e1ni Flott\u00e1ja k\u00f6z\u00f6lte p\u00e9nteken. A washingtoni dokumentum szerint azonban az eset m\u00e1shogy t\u00f6r\u00e9nt: a Liaoning k\u00ednai rep\u00fcl\u0151g\u00e9p-hordoz\u00f3 mellett tev\u00e9kenyked\u0151 amerikai rak\u00e9tacirk\u00e1l\u00f3hoz egy m\u00e1sik k\u00ednai hadihaj\u00f3 t\u00fal k\u00f6zel ker\u00fclt, s emiatt mindk\u00e9t f\u00e9l man\u0151vezer\u00e9sre k\u00e9nyszer\u00fclt.<br \/>\nA Global Times szerint az eset 2009 \u00f3ta a legjelent\u0151sebb k\u00ednai-amerikai v\u00edzi incidensnek tekinthet\u0151 a d\u00e9l-k\u00ednai tengeren. Az amerikai rak\u00e9tacirk\u00e1l\u00f3 gyakori vend\u00e9g a Csendes-\u00f3ce\u00e1n nyugati fel\u00e9n, ahol a jap\u00e1n \u00e9s koreai haditenger\u00e9szettel k\u00f6z\u00f6sen t\u00f6bb alkalommal is hadgyakorlatot tartott &#8211; eml\u00e9kezik a GT. Az USA a t\u00e9rs\u00e9gben felder\u00edt\u0151 munk\u00e1t is v\u00e9gez, n\u00e9vleg a d\u00e9l-k\u00ednai tenger szabadon \u00e1tj\u00e1rhat\u00f3s\u00e1ga miatt, a val\u00f3s\u00e1gban viszont mindig a k\u00ednai vizek \u00e9s az ottani tengeralattj\u00e1r\u00f3k voltak a c\u00e9lpontok &#8211; \u00edrja a nacionalista hangv\u00e9tel\u00e9r\u0151l ismert lap.(MTI)<\/p>\n","protected":false},"excerpt":{"rendered":"<p>Kis h\u00edj\u00e1n \u00f6ssze\u00fctk\u00f6z\u00f6tt egy k\u00ednai hadihaj\u00f3 \u00e9s egy amerikai cirk\u00e1l\u00f3 a d\u00e9l-k\u00ednai tengeren december elej\u00e9n, ami\u00e9rt a k\u00ednai Global Times (GT) h\u00e9tf\u0151n az amerikai felet tette felel\u0151ss\u00e9.<\/p>\n","protected":false},"author":1,"featured_media":0,"comment_status":"open","ping_status":"closed","sticky":false,"template":"","format":"standard","meta":[],"categories":[13,14],"tags":[],"_links":{"self":[{"href":"https:\/\/gazdasagportal.hu\/index.php\/wp-json\/wp\/v2\/posts\/23484"}],"collection":[{"href":"https:\/\/gazdasagportal.hu\/index.php\/wp-json\/wp\/v2\/posts"}],"about":[{"href":"https:\/\/gazdasagportal.hu\/index.php\/wp-json\/wp\/v2\/types\/post"}],"author":[{"embeddable":true,"href":"https:\/\/gazdasagportal.hu\/index.php\/wp-json\/wp\/v2\/users\/1"}],"replies":[{"embeddable":true,"href":"https:\/\/gazdasagportal.hu\/index.php\/wp-json\/wp\/v2\/comments?post=23484"}],"version-history":[{"count":1,"href":"https:\/\/gazdasagportal.hu\/index.php\/wp-json\/wp\/v2\/posts\/23484\/revisions"}],"predecessor-version":[{"id":23485,"href":"https:\/\/gazdasagportal.hu\/index.php\/wp-json\/wp\/v2\/posts\/23484\/revisions\/23485"}],"wp:attachment":[{"href":"https:\/\/gazdasagportal.hu\/index.php\/wp-json\/wp\/v2\/media?parent=23484"}],"wp:term":[{"taxonomy":"category","embeddable":true,"href":"https:\/\/gazdasagportal.hu\/index.php\/wp-json\/wp\/v2\/categories?post=23484"},{"taxonomy":"post_tag","embeddable":true,"href":"https:\/\/gazdasagportal.hu\/index.php\/wp-json\/wp\/v2\/tags?post=23484"}],"curies":[{"name":"wp","href":"https:\/\/api.w.org\/{rel}","templated":true}]}}