{"id":23478,"date":"2013-12-16T12:49:11","date_gmt":"2013-12-16T11:49:11","guid":{"rendered":"http:\/\/stockportal.hu\/?p=23478"},"modified":"2013-12-16T12:49:11","modified_gmt":"2013-12-16T11:49:11","slug":"fonagy-januar-elejere-keszul-el-a-munkacsoport-javaslata-az-ujabb-rezsicsokkentesrol","status":"publish","type":"post","link":"https:\/\/gazdasagportal.hu\/index.php\/fonagy-januar-elejere-keszul-el-a-munkacsoport-javaslata-az-ujabb-rezsicsokkentesrol\/","title":{"rendered":"F\u00f3nagy: janu\u00e1r elej\u00e9re k\u00e9sz\u00fcl el a munkacsoport javaslata az \u00fajabb rezsics\u00f6kkent\u00e9sr\u0151l"},"content":{"rendered":"<p><strong>Janu\u00e1r els\u0151 napjaira \u00e1ll\u00edtja \u00f6ssze a sz\u00e1m\u00edt\u00e1sokkal al\u00e1t\u00e1masztott javaslat\u00e1t a harmadik rezsics\u00f6kkent\u00e9sr\u0151l a Rog\u00e1n Antal vezette munkacsoport &#8211; k\u00f6z\u00f6lte a Nemzeti Fejleszt\u00e9si Miniszt\u00e9rium (NFM) parlamenti \u00e1llamtitk\u00e1ra, aki tagja a bizotts\u00e1gnak. F\u00f3nagy J\u00e1nos szerint az biztosnak t\u0171nik, hogy az \u00e1ram \u00e9s a g\u00e1z ism\u00e9t olcs\u00f3bb lesz.<!--more--><\/strong><\/p>\n<p>Az \u00e1llamtitk\u00e1r azut\u00e1n nyilatkozott \u00fajs\u00e1g\u00edr\u00f3knak, hogy a Fidesz-KDNP-frakci\u00f3 h\u00e9tf\u0151i \u00fcl\u00e9s\u00e9n Rog\u00e1n Antal, a Fidesz parlamenti frakci\u00f3vezet\u0151je t\u00e1j\u00e9koztatta a korm\u00e1nyp\u00e1rti k\u00e9pvisel\u0151csoport tagjait az elk\u00f6vetkez\u0151 hetek esem\u00e9nyeir\u0151l az \u00fajabb rezsics\u00f6kkent\u00e9ssel kapcsolatban.<br \/>\nF\u00f3nagy J\u00e1nos kifejtette: a Rog\u00e1n Antal vezette munkacsoport &#8211; amelynek \u0151 \u00e9s N\u00e9meth Szil\u00e1rd, a Fidesz rezsics\u00f6kkent\u00e9s\u00e9rt felel\u0151s politikusa a tagja &#8211; janu\u00e1r els\u0151 napjaira, 10-e k\u00f6rny\u00e9k\u00e9re \u00e1ll\u00edtja \u00f6ssze sz\u00e1m\u00edt\u00e1sokkal al\u00e1t\u00e1masztott javaslat\u00e1t arr\u00f3l, milyen energiat\u00edpusokra vonatkozzon a harmadik rezsics\u00f6kkent\u00e9s, mekkora legyen a m\u00e9rt\u00e9ke \u00e9s mikor l\u00e9pjen hat\u00e1lyba. A bizotts\u00e1g el\u0151terjeszt\u00e9s\u00e9t janu\u00e1r k\u00f6zep\u00e9n t\u00e1rgyalja meg a Fidesz-KDNP-frakci\u00f3 &#8211; tette hozz\u00e1.<br \/>\nArra a felvet\u00e9sre, hogy a N\u00e9pszabads\u00e1g szerint a most \u00e9rv\u00e9nyes \u00e1ram- \u00e9s g\u00e1ztarif\u00e1k 12,5 sz\u00e1zal\u00e9kkal cs\u00f6kkenhetnek az \u00fajabb rezsics\u00f6kkent\u00e9ssel, az \u00e1llamtitk\u00e1r azt v\u00e1laszolta, hogy sz\u00e1mokr\u00f3l eddig nem volt sz\u00f3.<br \/>\nArra a k\u00e9rd\u00e9sre ugyanakkor, mi az, aminek biztosan cs\u00f6kkenhet az \u00e1ra, F\u00f3nagy J\u00e1nos azt v\u00e1laszolta &#8211; meger\u0151s\u00edtve vas\u00e1rnapi szavait -, hogy &#8222;ami a mai ismereteink szerint biztosnak t\u0171nik, az a villamos energia \u00e9s a g\u00e1z.&#8221; Hozz\u00e1f\u0171zte ugyanakkor, ez nem azt jelenti, hogy csak ezek lehetnek olcs\u00f3bbak.<br \/>\nA szolg\u00e1ltat\u00f3kkal val\u00f3 konzult\u00e1ci\u00f3t firtat\u00f3 k\u00e9rd\u00e9sre k\u00f6z\u00f6lte, egyeztetnek vel\u00fck, a t\u00f6rv\u00e9nyben megk\u00edv\u00e1nt m\u00e9rt\u00e9kben felt\u00e9tlen\u00fcl.<br \/>\nAz NFM \u00e1llamtitk\u00e1ra egy\u00fattal eml\u00e9keztetett, hogy \u00e9ppen egy \u00e9vvel ezel\u0151tt sz\u00fcletett d\u00f6nt\u00e9s a rezsics\u00f6kkent\u00e9s elind\u00edt\u00e1s\u00e1r\u00f3l. A k\u00f6z\u00fczemi d\u00edjak cs\u00f6kkent\u00e9s\u00e9vel a mintegy n\u00e9gymilli\u00f3 magyar h\u00e1ztart\u00e1s zseb\u00e9ben \u00f6sszesen 240 milli\u00e1rd forinttal maradt t\u00f6bb &#8211; mondta.<br \/>\nSzavai szerint ezzel bebizonyosodott, hogy nem igaz, amit a szocialist\u00e1k \u00e9veken kereszt\u00fcl mondtak, vagyis hogy &#8222;nincs m\u00e1s, mint folyton emelni&#8221; az energia\u00e1rakat. Igenis lehet ezeket m\u00e9rs\u00e9kelni, lehet a magyar csal\u00e1dok terheit cs\u00f6kkenteni &#8211; hangs\u00falyozta F\u00f3nagy J\u00e1nos.<br \/>\nOrb\u00e1n Viktor minisztereln\u00f6k p\u00e9nteken jelentette be, hogy a Fidesz dolgozik a harmadik rezsics\u00f6kkent\u00e9sen.(MTI)<\/p>\n","protected":false},"excerpt":{"rendered":"<p>Janu\u00e1r els\u0151 napjaira \u00e1ll\u00edtja \u00f6ssze a sz\u00e1m\u00edt\u00e1sokkal al\u00e1t\u00e1masztott javaslat\u00e1t a harmadik rezsics\u00f6kkent\u00e9sr\u0151l a Rog\u00e1n Antal vezette munkacsoport &#8211; k\u00f6z\u00f6lte a Nemzeti Fejleszt\u00e9si Miniszt\u00e9rium (NFM) parlamenti \u00e1llamtitk\u00e1ra, aki tagja a bizotts\u00e1gnak. F\u00f3nagy J\u00e1nos szerint az biztosnak t\u0171nik, hogy az \u00e1ram \u00e9s a g\u00e1z ism\u00e9t olcs\u00f3bb lesz.<\/p>\n","protected":false},"author":1,"featured_media":0,"comment_status":"open","ping_status":"closed","sticky":false,"template":"","format":"standard","meta":[],"categories":[18],"tags":[],"_links":{"self":[{"href":"https:\/\/gazdasagportal.hu\/index.php\/wp-json\/wp\/v2\/posts\/23478"}],"collection":[{"href":"https:\/\/gazdasagportal.hu\/index.php\/wp-json\/wp\/v2\/posts"}],"about":[{"href":"https:\/\/gazdasagportal.hu\/index.php\/wp-json\/wp\/v2\/types\/post"}],"author":[{"embeddable":true,"href":"https:\/\/gazdasagportal.hu\/index.php\/wp-json\/wp\/v2\/users\/1"}],"replies":[{"embeddable":true,"href":"https:\/\/gazdasagportal.hu\/index.php\/wp-json\/wp\/v2\/comments?post=23478"}],"version-history":[{"count":1,"href":"https:\/\/gazdasagportal.hu\/index.php\/wp-json\/wp\/v2\/posts\/23478\/revisions"}],"predecessor-version":[{"id":23479,"href":"https:\/\/gazdasagportal.hu\/index.php\/wp-json\/wp\/v2\/posts\/23478\/revisions\/23479"}],"wp:attachment":[{"href":"https:\/\/gazdasagportal.hu\/index.php\/wp-json\/wp\/v2\/media?parent=23478"}],"wp:term":[{"taxonomy":"category","embeddable":true,"href":"https:\/\/gazdasagportal.hu\/index.php\/wp-json\/wp\/v2\/categories?post=23478"},{"taxonomy":"post_tag","embeddable":true,"href":"https:\/\/gazdasagportal.hu\/index.php\/wp-json\/wp\/v2\/tags?post=23478"}],"curies":[{"name":"wp","href":"https:\/\/api.w.org\/{rel}","templated":true}]}}