{"id":23476,"date":"2013-12-16T12:20:40","date_gmt":"2013-12-16T11:20:40","guid":{"rendered":"http:\/\/stockportal.hu\/?p=23476"},"modified":"2013-12-16T12:20:40","modified_gmt":"2013-12-16T11:20:40","slug":"titkos-adatgyujtes-edward-snowdent-valasztotta-az-ev-emberenek-egy-osztrak-hirmagazin","status":"publish","type":"post","link":"https:\/\/gazdasagportal.hu\/index.php\/titkos-adatgyujtes-edward-snowdent-valasztotta-az-ev-emberenek-egy-osztrak-hirmagazin\/","title":{"rendered":"Titkos adatgy\u0171jt\u00e9s &#8211; Edward Snowdent v\u00e1lasztotta az \u00e9v ember\u00e9nek egy osztr\u00e1k h\u00edrmagazin"},"content":{"rendered":"<p><strong>Edward Snowdent v\u00e1lasztotta az \u00e9v ember\u00e9nek a Profil c\u00edm\u0171 osztr\u00e1k hetilap.<!--more--><\/strong><\/p>\n<p>A h\u00e9tf\u0151nk\u00e9nt megjelen\u0151 politikai \u00e9s gazdas\u00e1gi magazin szerkeszt\u0151s\u00e9g\u00e9nek indokl\u00e1sa szerint az amerikai Nemzetbiztons\u00e1gi \u00dcgyn\u00f6ks\u00e9g (NSA) volt informatikusa, az Egyes\u00fclt \u00c1llamok \u00e9s m\u00e1s korm\u00e1nyok titkos adatgy\u0171jt\u00e9si gyakorlat\u00e1nak kisziv\u00e1rogtat\u00f3ja &#8222;mindenki m\u00e1sn\u00e1l jobban tudatos\u00edtotta az emberekben, hogy milyen sebezhet\u0151 a virtu\u00e1lis \u00e9let, amit milli\u00f3k \u00e9s milli\u00f3k \u00e9lnek gondtalan naivit\u00e1ssal a val\u00f3s \u00e9let\u00fck mellett&#8221;.<br \/>\nSnowden &#8222;mindenki m\u00e1sn\u00e1l egy\u00e9rtelm\u0171bben leplezte le, hogy tekint\u00e9lyelv\u0171 t\u00falkap\u00e1s az orsz\u00e1gok 2001. szeptember 11-e \u00f3ta egyre n\u00f6vekv\u0151 ig\u00e9nye arra, hogy minden polg\u00e1ri szabads\u00e1gjogot al\u00e1rendeljenek egy sz\u00fcnet n\u00e9lk\u00fcli terrorelh\u00e1r\u00edt\u00e1s szempontjainak&#8221; &#8211; \u00edrt\u00e1k.<br \/>\nAz adatgy\u0171jt\u00e9si botr\u00e1ny kirobbant\u00f3ja l\u00f6k\u00e9st adott ahhoz, hogy az emberek kritikusabban szeml\u00e9lj\u00e9k az internetet, amely &#8222;m\u00e1ra a l\u00e9tez\u00e9s egyik terep\u00e9v\u00e9 v\u00e1lt&#8221; &#8211; \u00e9rt\u00e9kelte a Profil.<br \/>\nA The Guardian c\u00edm\u0171 brit napilap azt \u00edrta h\u00e9tf\u0151n, az amerikai Nemzetbiztons\u00e1gi \u00dcgyn\u00f6ks\u00e9gben (NSA) azt m\u00e9rlegelik, hogy amneszti\u00e1t kellene adni Edward Snowdennek, cser\u00e9be a NSA-t\u0151l eltulajdon\u00edtott nagy mennyis\u00e9g\u0171 dokumentum visszaszolg\u00e1lt\u00e1s\u00e1\u00e9rt.<br \/>\nRichard Ledgett, a kisziv\u00e1rogtat\u00e1sok \u00e1ltal okozott k\u00e1rok felm\u00e9r\u00e9s\u00e9vel foglalkoz\u00f3 NSA-illet\u00e9kes a CBS News h\u00edrtelev\u00edzi\u00f3nak nyilatkozva azt mondta: az esetleges amneszti\u00e1r\u00f3l tov\u00e1bbra is vita van az \u00fcgyn\u00f6ks\u00e9gen bel\u00fcl, mert az NSA-nek az elm\u00falt hat h\u00f3napban v\u00e9dekeznie kellett a kisziv\u00e1rogtat\u00e1sok ut\u00e1ni nemzetk\u00f6zi felh\u00e1borod\u00e1s miatt, illetve amiatt is, hogy a t\u00f6rv\u00e9nyhoz\u00f3 \u00e9s a v\u00e9grehajt\u00f3 hatalom k\u00e9pvisel\u0151i egyar\u00e1nt az \u00fcgyn\u00f6ks\u00e9g tev\u00e9kenys\u00e9g\u00e9nek korl\u00e1toz\u00e1s\u00e1t javasolt\u00e1k.<br \/>\nKeith Alexander, az NSA igazgat\u00f3ja ugyanakkor azt k\u00f6z\u00f6lte a CBS-el, hogy az amnesztia jutalom lenne a kisziv\u00e1rogtat\u00e1sok\u00e9rt, \u00e9s serkent\u0151leg hatna. Alexander azonban j\u00f6v\u0151 tavasszal t\u00e1vozik az NSA \u00e9l\u00e9r\u0151l civil helyettes\u00e9vel, John C. Inglissel egy\u00fctt, \u00e9s h\u00edrek szerint az ut\u00f3bbi hely\u00e9re Ledgett a leges\u00e9lyesebb jel\u00f6lt.<br \/>\nAz amnesztia k\u00e9rd\u00e9se az igazs\u00e1g\u00fcgyi miniszt\u00e9rium hat\u00e1sk\u00f6r\u00e9be tartozik, de a t\u00e1rc\u00e1n\u00e1l nem k\u00edv\u00e1ntak reag\u00e1lni Ledgett felvet\u00e9s\u00e9re. Marie Harf, a k\u00fcl\u00fcgyminiszt\u00e9rium sz\u00f3viv\u0151je viszont k\u00f6z\u00f6lte, hogy amit Ledgett mondott, az az \u0151 szem\u00e9lyes v\u00e9lem\u00e9nye, \u00e9s a t\u00e1rca \u00e1ll\u00e1spontja nem v\u00e1ltozott.<br \/>\n&#8222;Snowden nagyon s\u00falyos v\u00e1dakkal n\u00e9z szembe, \u00e9s vissza kell t\u00e9rnie az Egyes\u00fclt \u00c1llamokba, hogy v\u00e1laszoljon r\u00e1juk&#8221; &#8211; mondta a k\u00fcl\u00fcgyi sz\u00f3viv\u0151.<br \/>\nA The Guardian mindenesetre megjegyzi, hogy meglep\u0151 v\u00e9gkifejlete lenne a f\u00e9l \u00e9ve tart\u00f3 nemzetk\u00f6zi dr\u00e1m\u00e1nak, ha Snowden amneszti\u00e1t kapna. Kiv\u00e1ltk\u00e9ppen att\u00f3l a h\u00edrszerz\u0151 \u00fcgyn\u00f6ks\u00e9gt\u0151l v\u00e1ratlan ez a felvet\u00e9s, amely h\u00f3napokon \u00e1t azt szajk\u00f3zta, hogy Snowden kisziv\u00e1rogtat\u00e1sai hatalmas k\u00e1rokat okoztak az Egyes\u00fclt \u00c1llamok nemzetbiztons\u00e1g\u00e1nak &#8211; \u00edrta a brit lap.(MTI)<\/p>\n","protected":false},"excerpt":{"rendered":"<p>Edward Snowdent v\u00e1lasztotta az \u00e9v ember\u00e9nek a Profil c\u00edm\u0171 osztr\u00e1k hetilap.<\/p>\n","protected":false},"author":1,"featured_media":0,"comment_status":"open","ping_status":"closed","sticky":false,"template":"","format":"standard","meta":[],"categories":[13],"tags":[],"_links":{"self":[{"href":"https:\/\/gazdasagportal.hu\/index.php\/wp-json\/wp\/v2\/posts\/23476"}],"collection":[{"href":"https:\/\/gazdasagportal.hu\/index.php\/wp-json\/wp\/v2\/posts"}],"about":[{"href":"https:\/\/gazdasagportal.hu\/index.php\/wp-json\/wp\/v2\/types\/post"}],"author":[{"embeddable":true,"href":"https:\/\/gazdasagportal.hu\/index.php\/wp-json\/wp\/v2\/users\/1"}],"replies":[{"embeddable":true,"href":"https:\/\/gazdasagportal.hu\/index.php\/wp-json\/wp\/v2\/comments?post=23476"}],"version-history":[{"count":1,"href":"https:\/\/gazdasagportal.hu\/index.php\/wp-json\/wp\/v2\/posts\/23476\/revisions"}],"predecessor-version":[{"id":23477,"href":"https:\/\/gazdasagportal.hu\/index.php\/wp-json\/wp\/v2\/posts\/23476\/revisions\/23477"}],"wp:attachment":[{"href":"https:\/\/gazdasagportal.hu\/index.php\/wp-json\/wp\/v2\/media?parent=23476"}],"wp:term":[{"taxonomy":"category","embeddable":true,"href":"https:\/\/gazdasagportal.hu\/index.php\/wp-json\/wp\/v2\/categories?post=23476"},{"taxonomy":"post_tag","embeddable":true,"href":"https:\/\/gazdasagportal.hu\/index.php\/wp-json\/wp\/v2\/tags?post=23476"}],"curies":[{"name":"wp","href":"https:\/\/api.w.org\/{rel}","templated":true}]}}