{"id":23442,"date":"2013-12-16T06:40:15","date_gmt":"2013-12-16T05:40:15","guid":{"rendered":"http:\/\/stockportal.hu\/?p=23442"},"modified":"2013-12-15T20:21:56","modified_gmt":"2013-12-15T19:21:56","slug":"a-demokrata-part-uj-fotitkara-szerint-meg-legalabb-egy-evig-tamogatjak-a-romai-koalicios-kormanyt","status":"publish","type":"post","link":"https:\/\/gazdasagportal.hu\/index.php\/a-demokrata-part-uj-fotitkara-szerint-meg-legalabb-egy-evig-tamogatjak-a-romai-koalicios-kormanyt\/","title":{"rendered":"A Demokrata P\u00e1rt \u00faj f\u0151titk\u00e1ra szerint m\u00e9g legal\u00e1bb egy \u00e9vig t\u00e1mogatj\u00e1k a r\u00f3mai koal\u00edci\u00f3s korm\u00e1nyt"},"content":{"rendered":"<p><strong>A balk\u00f6z\u00e9p Demokrata P\u00e1rt (PD) vas\u00e1rnapi orsz\u00e1gos gy\u0171l\u00e9se hivatalosan beiktatta a p\u00e1rt \u00faj f\u0151titk\u00e1r\u00e1t, Matteo Renzit, aki legal\u00e1bb 12-15 h\u00f3napig t\u00e1mogat\u00e1s\u00e1r\u00f3l biztos\u00edtotta az Enrico Letta vezette koal\u00edci\u00f3s korm\u00e1nyt.<!--more--><\/strong><\/p>\n<p>Ez elegend\u0151 lenne az \u00e1prilis v\u00e9g\u00e9n megalakult koal\u00edci\u00f3s korm\u00e1nynak az \u00edg\u00e9rt gazdas\u00e1gi-int\u00e9zm\u00e9nyes reformok v\u00e9grehajt\u00e1s\u00e1hoz, valamint a 2014 m\u00e1sodik fel\u00e9ben esed\u00e9kes soros olasz EU-eln\u00f6ks\u00e9g teljes\u00edt\u00e9s\u00e9hez.<br \/>\nA Demokrata P\u00e1rt Mil\u00e1n\u00f3ban tartott orsz\u00e1gos gy\u0171l\u00e9s\u00e9n Renzi &#8211; aki december 8-\u00e1n megnyerte a PD tagjai \u00e9s szimpatiz\u00e1nsai k\u00f6z\u00f6tt rendezett f\u0151titk\u00e1rv\u00e1laszt\u00e1st &#8211; a k\u00fcld\u00f6ttek el\u0151tt mondott besz\u00e9d\u00e9ben els\u0151dleges c\u00e9lk\u00e9nt a v\u00e1laszt\u00e1si reformot jel\u00f6lte meg. Kijelentette: ha az olasz parlamenti p\u00e1rtok janu\u00e1r v\u00e9g\u00e9ig nem dolgozz\u00e1k ki \u00e9s nem szavazz\u00e1k meg az \u00faj v\u00e1laszt\u00e1si t\u00f6rv\u00e9nyt, az olasz politika v\u00e9gleg hitel\u00e9t vesz\u00edti a v\u00e1laszt\u00f3k szem\u00e9ben. Renzi priorit\u00e1sk\u00e9nt nevezte meg a foglalkoztat\u00e1si reformot is. Ami az Eur\u00f3pai Uni\u00f3t illeti, \u00fagy fogalmazott, az EU nem Olaszorsz\u00e1g megment\u0151je, de az EU n\u00e9lk\u00fcl Olaszorsz\u00e1g sehova sem tud eljutni.<br \/>\nEnrico Letta, a PD volt helyettes f\u0151titk\u00e1r\u00e1b\u00f3l lett minisztereln\u00f6k arra eml\u00e9keztetett, hogy a febru\u00e1ri parlamenti v\u00e1laszt\u00e1sokon szerzett t\u00f6bbs\u00e9g ellen\u00e9re az olasz balk\u00f6z\u00e9p nem volt k\u00e9pes \u00f6ner\u0151b\u0151l korm\u00e1nyt alak\u00edtani. Hozz\u00e1tette: az \u00e1prilisi \u00e1llamf\u0151 v\u00e1laszt\u00e1son a PD majdnem kett\u00e9szakadt, amikor a p\u00e1rt nem t\u00e1mogatta egys\u00e9gesen Romano Prodi jel\u00f6l\u00e9s\u00e9t. &#8222;Most viszont mi vezetj\u00fck Olaszorsz\u00e1got \u00e9s helyett\u00fcnk a jobbk\u00f6z\u00e9p Szabads\u00e1g N\u00e9pe (PdL) bomlott fel. Olaszorsz\u00e1gnak akkor siker\u00fcl talpra \u00e1llnia, ha a PD-nek is siker\u00fcl talpon maradnia&#8221; &#8211; hangoztatta Letta.<br \/>\nA balk\u00f6z\u00e9p p\u00e1rt \u00faj eln\u00f6ke a f\u0151titk\u00e1rv\u00e1laszt\u00e1son m\u00e1sodik helyet szerzett Gianni Cuperlo lett.(MTI)<\/p>\n","protected":false},"excerpt":{"rendered":"<p>A balk\u00f6z\u00e9p Demokrata P\u00e1rt (PD) vas\u00e1rnapi orsz\u00e1gos gy\u0171l\u00e9se hivatalosan beiktatta a p\u00e1rt \u00faj f\u0151titk\u00e1r\u00e1t, Matteo Renzit, aki legal\u00e1bb 12-15 h\u00f3napig t\u00e1mogat\u00e1s\u00e1r\u00f3l biztos\u00edtotta az Enrico Letta vezette koal\u00edci\u00f3s korm\u00e1nyt.<\/p>\n","protected":false},"author":1,"featured_media":0,"comment_status":"open","ping_status":"closed","sticky":false,"template":"","format":"standard","meta":[],"categories":[12],"tags":[],"_links":{"self":[{"href":"https:\/\/gazdasagportal.hu\/index.php\/wp-json\/wp\/v2\/posts\/23442"}],"collection":[{"href":"https:\/\/gazdasagportal.hu\/index.php\/wp-json\/wp\/v2\/posts"}],"about":[{"href":"https:\/\/gazdasagportal.hu\/index.php\/wp-json\/wp\/v2\/types\/post"}],"author":[{"embeddable":true,"href":"https:\/\/gazdasagportal.hu\/index.php\/wp-json\/wp\/v2\/users\/1"}],"replies":[{"embeddable":true,"href":"https:\/\/gazdasagportal.hu\/index.php\/wp-json\/wp\/v2\/comments?post=23442"}],"version-history":[{"count":1,"href":"https:\/\/gazdasagportal.hu\/index.php\/wp-json\/wp\/v2\/posts\/23442\/revisions"}],"predecessor-version":[{"id":23443,"href":"https:\/\/gazdasagportal.hu\/index.php\/wp-json\/wp\/v2\/posts\/23442\/revisions\/23443"}],"wp:attachment":[{"href":"https:\/\/gazdasagportal.hu\/index.php\/wp-json\/wp\/v2\/media?parent=23442"}],"wp:term":[{"taxonomy":"category","embeddable":true,"href":"https:\/\/gazdasagportal.hu\/index.php\/wp-json\/wp\/v2\/categories?post=23442"},{"taxonomy":"post_tag","embeddable":true,"href":"https:\/\/gazdasagportal.hu\/index.php\/wp-json\/wp\/v2\/tags?post=23442"}],"curies":[{"name":"wp","href":"https:\/\/api.w.org\/{rel}","templated":true}]}}