{"id":23440,"date":"2013-12-15T19:16:10","date_gmt":"2013-12-15T18:16:10","guid":{"rendered":"http:\/\/stockportal.hu\/?p=23440"},"modified":"2013-12-15T19:16:10","modified_gmt":"2013-12-15T18:16:10","slug":"wolfgang-schauble-marad-a-nemet-penzugyminiszter","status":"publish","type":"post","link":"https:\/\/gazdasagportal.hu\/index.php\/wolfgang-schauble-marad-a-nemet-penzugyminiszter\/","title":{"rendered":"Wolfgang Sch\u00e4uble marad a n\u00e9met p\u00e9nz\u00fcgyminiszter"},"content":{"rendered":"<p><strong>A konzervat\u00edv CDU hat minisztert \u00e9s k\u00e9t t\u00e1rca n\u00e9lk\u00fcli minisztert deleg\u00e1l a szoci\u00e1ldemokrat\u00e1kkal alak\u00edtand\u00f3 korm\u00e1nyba, a p\u00e9nz\u00fcgyminiszter Wolfgang Sch\u00e4uble marad &#8211; jelentette be vas\u00e1rnap Berlinben Angela Merkel \u00fcgyvezet\u0151 kancell\u00e1r, a p\u00e1rt eln\u00f6ke.<!--more--><\/strong><\/p>\n<p>A CDU-s miniszterek list\u00e1ja a v\u00e1rakoz\u00e1soknak megfelel\u0151en alakult, kiv\u00e9ve a v\u00e9delmi miniszteri posztot, amelyet Ursula von der Leyen kor\u00e1bbi munka\u00fcgyi miniszter t\u00f6lt majd be. \u0150 lesz a n\u00e9met v\u00e9delmi miniszt\u00e9rium els\u0151 n\u0151i vezet\u0151je.<br \/>\nMeglepet\u00e9s az is, hogy a p\u00e1lyafut\u00e1s\u00e1t eg\u00e9szs\u00e9g\u00fcgyi miniszterk\u00e9nt folytat\u00f3 p\u00e1rtf\u0151titk\u00e1r, Hermann Gr\u00f6he hely\u00e9re a p\u00e1rt eln\u00f6ks\u00e9ge egy 39 \u00e9ves politikust, Peter Taubert jel\u00f6li, aki \u00fajonc a n\u00e9met politika els\u0151 vonal\u00e1ban.(MTI)<\/p>\n","protected":false},"excerpt":{"rendered":"<p>A konzervat\u00edv CDU hat minisztert \u00e9s k\u00e9t t\u00e1rca n\u00e9lk\u00fcli minisztert deleg\u00e1l a szoci\u00e1ldemokrat\u00e1kkal alak\u00edtand\u00f3 korm\u00e1nyba, a p\u00e9nz\u00fcgyminiszter Wolfgang Sch\u00e4uble marad &#8211; jelentette be vas\u00e1rnap Berlinben Angela Merkel \u00fcgyvezet\u0151 kancell\u00e1r, a p\u00e1rt eln\u00f6ke.<\/p>\n","protected":false},"author":1,"featured_media":0,"comment_status":"open","ping_status":"closed","sticky":false,"template":"","format":"standard","meta":[],"categories":[12],"tags":[],"_links":{"self":[{"href":"https:\/\/gazdasagportal.hu\/index.php\/wp-json\/wp\/v2\/posts\/23440"}],"collection":[{"href":"https:\/\/gazdasagportal.hu\/index.php\/wp-json\/wp\/v2\/posts"}],"about":[{"href":"https:\/\/gazdasagportal.hu\/index.php\/wp-json\/wp\/v2\/types\/post"}],"author":[{"embeddable":true,"href":"https:\/\/gazdasagportal.hu\/index.php\/wp-json\/wp\/v2\/users\/1"}],"replies":[{"embeddable":true,"href":"https:\/\/gazdasagportal.hu\/index.php\/wp-json\/wp\/v2\/comments?post=23440"}],"version-history":[{"count":1,"href":"https:\/\/gazdasagportal.hu\/index.php\/wp-json\/wp\/v2\/posts\/23440\/revisions"}],"predecessor-version":[{"id":23441,"href":"https:\/\/gazdasagportal.hu\/index.php\/wp-json\/wp\/v2\/posts\/23440\/revisions\/23441"}],"wp:attachment":[{"href":"https:\/\/gazdasagportal.hu\/index.php\/wp-json\/wp\/v2\/media?parent=23440"}],"wp:term":[{"taxonomy":"category","embeddable":true,"href":"https:\/\/gazdasagportal.hu\/index.php\/wp-json\/wp\/v2\/categories?post=23440"},{"taxonomy":"post_tag","embeddable":true,"href":"https:\/\/gazdasagportal.hu\/index.php\/wp-json\/wp\/v2\/tags?post=23440"}],"curies":[{"name":"wp","href":"https:\/\/api.w.org\/{rel}","templated":true}]}}