{"id":23437,"date":"2013-12-15T13:40:53","date_gmt":"2013-12-15T12:40:53","guid":{"rendered":"http:\/\/stockportal.hu\/?p=23437"},"modified":"2013-12-15T13:40:53","modified_gmt":"2013-12-15T12:40:53","slug":"ukrajna-eu-brusszel-is-felfuggesztette-a-tarsulasi-folyamatot","status":"publish","type":"post","link":"https:\/\/gazdasagportal.hu\/index.php\/ukrajna-eu-brusszel-is-felfuggesztette-a-tarsulasi-folyamatot\/","title":{"rendered":"Ukrajna-EU &#8211; Br\u00fcsszel is felf\u00fcggesztette a t\u00e1rsul\u00e1si folyamatot"},"content":{"rendered":"<p><strong>Az Eur\u00f3pai Uni\u00f3 is felf\u00fcggesztette az Ukrajn\u00e1val k\u00f6tend\u0151 t\u00e1rsul\u00e1si \u00e9s szabadkereskedelmi egyezm\u00e9ny el\u0151k\u00e9sz\u00edt\u00e9s\u00e9t &#8211; der\u00fcl ki Stefan F\u00fcle szomsz\u00e9ds\u00e1gpolitikai uni\u00f3s biztos Twitter-\u00fczenet\u00e9b\u0151l.<!--more--><\/strong><\/p>\n<p>A cseh politikus vas\u00e1rnap d\u00e9lel\u0151tt k\u00f6z\u00f6lte: t\u00e1j\u00e9koztatta a h\u00e9ten Szerhij Arbuzov ukr\u00e1n korm\u00e1nyf\u0151-helyettest arr\u00f3l, hogy a tov\u00e1bbi egyeztet\u00e9sek felt\u00e9tele, hogy Ukrajna vil\u00e1gosan elk\u00f6telezze mag\u00e1t az egyezm\u00e9ny al\u00e1\u00edr\u00e1sa mellett. &#8222;A munka \u00e1ll, nem kaptunk v\u00e1laszt&#8221; &#8211; \u00edrta a Twitteren F\u00fcle.<br \/>\nF\u00fcle n\u00e9h\u00e1ny perccel kor\u00e1bbi \u00fczenet\u00e9ben azt \u00edrta: az ukr\u00e1n korm\u00e1ny nem teljes\u00edti \u00edg\u00e9reteit. &#8222;Ukrajna: az eln\u00f6k \u00e9s a korm\u00e1ny szavai \u00e9s tettei mind t\u00e1volabb \u00e9s t\u00e1volabb ker\u00fclnek egym\u00e1st\u00f3l. \u00c9rveiknek nincs k\u00f6z\u00fck a val\u00f3s\u00e1ghoz&#8221; &#8211; osztotta meg a n\u00e9pszer\u0171 mikroblog oldalon az EU szomsz\u00e9ds\u00e1gpolitikai biztosa.<br \/>\nSzerhij Arbuzov cs\u00fct\u00f6rt\u00f6k\u00f6n Br\u00fcsszelben arr\u00f3l besz\u00e9lt, hogy Ukrajna &#8222;hamarosan al\u00e1\u00edrja&#8221; a t\u00e1rsul\u00e1si meg\u00e1llapod\u00e1st az Eur\u00f3pai Uni\u00f3val. Stefan F\u00fcle akkor k\u00f6z\u00f6lte: meg\u00e1llapodtak Arbuzovval abban, hogy \u00fatitervet dolgoznak ki a t\u00e1rsul\u00e1si meg\u00e1llapod\u00e1s al\u00e1\u00edr\u00e1s\u00e1ra, k\u00f6z\u00f6sen m\u00e9rik majd fel, milyen k\u00f6lts\u00e9gekkel j\u00e1r Kijev sz\u00e1m\u00e1ra az egyezm\u00e9ny gyakorlati megval\u00f3s\u00edt\u00e1sa. Az Eur\u00f3pai Uni\u00f3 seg\u00edts\u00e9get ny\u00fajt Ukrajn\u00e1nak abban, hogy Kijev teljes\u00edteni tudja a felt\u00e9teleket ahhoz, hogy meg\u00e1llapodhasson az IMF-fel. Szak\u00e9rt\u0151k becsl\u00e9se szerint Ukrajn\u00e1nak r\u00f6vid t\u00e1von, a k\u00f6vetkez\u0151 2-3 h\u00f3napban 15-20 milli\u00e1rd eur\u00f3ra lenne sz\u00fcks\u00e9ge, hogy fizet\u00e9si k\u00f6telezetts\u00e9geit teljes\u00edteni tudja.<br \/>\nAz Eur\u00f3pai Uni\u00f3 kor\u00e1bban azt is vil\u00e1goss\u00e1 tette, hogy nem hajland\u00f3 a t\u00f6bb mint m\u00e1sf\u00e9l \u00e9ve paraf\u00e1lt, mindk\u00e9t f\u00e9l \u00e1ltal k\u00e9sznek nyilv\u00e1n\u00edtott t\u00e1rsul\u00e1si \u00e9s szabadkereskedelmi meg\u00e1llapod\u00e1s \u00fajranyit\u00e1s\u00e1ra, ebben Br\u00fcsszel nem enged. Az EU kiz\u00e1r\u00f3lag az al\u00e1\u00edr\u00e1sra v\u00e1r\u00f3 egyezm\u00e9ny megval\u00f3s\u00edt\u00e1s\u00e1r\u00f3l hajland\u00f3 t\u00e1rgyalni, \u00e9s abban ak\u00e1r seg\u00edteni is k\u00e9sz Kijevnek.<br \/>\nAz Eur\u00f3pai Uni\u00f3 \u00e1ll\u00e1spontja k\u00f6vetkezetesen az, hogy az EU m\u00e9g soha egyetlen uni\u00f3n k\u00edv\u00fcli orsz\u00e1gnak sem aj\u00e1nlott olyan nagylelk\u0171 t\u00e1rsul\u00e1si \u00e9s szabadkereskedelmi egyezm\u00e9nyt, mint Ukrajn\u00e1nak. Uni\u00f3s forr\u00e1sok azt is vil\u00e1goss\u00e1 tett\u00e9k, hogy az orosz vezet\u00e9s\u0171 Eur\u00e1zsiai V\u00e1muni\u00f3 \u00e9s az uni\u00f3s t\u00e1rsul\u00e1s \u00f6sszeegyeztethetetlen, Ukrajna nem vehet r\u00e9szt mindkett\u0151ben.<br \/>\nUkrajna november m\u00e1sodik fel\u00e9ben, a tervezett al\u00e1\u00edr\u00e1s el\u0151tt alig egy h\u00e9ttel jelentette be, hogy felf\u00fcggeszti a t\u00e1rsul\u00e1s el\u0151k\u00e9sz\u00edt\u00e9s\u00e9t. Az Eur\u00f3pai Uni\u00f3 el\u00edt\u00e9lte az orosz nyom\u00e1sgyakorl\u00e1st, amely miatt Kijev \u00edgy d\u00f6nt\u00f6tt, \u00e1m azt hangs\u00falyozta, hogy az ajt\u00f3 Ukrajna sz\u00e1m\u00e1ra tov\u00e1bbra is nyitva \u00e1ll.(MTI)<\/p>\n","protected":false},"excerpt":{"rendered":"<p>Az Eur\u00f3pai Uni\u00f3 is felf\u00fcggesztette az Ukrajn\u00e1val k\u00f6tend\u0151 t\u00e1rsul\u00e1si \u00e9s szabadkereskedelmi egyezm\u00e9ny el\u0151k\u00e9sz\u00edt\u00e9s\u00e9t &#8211; der\u00fcl ki Stefan F\u00fcle szomsz\u00e9ds\u00e1gpolitikai uni\u00f3s biztos Twitter-\u00fczenet\u00e9b\u0151l.<\/p>\n","protected":false},"author":1,"featured_media":0,"comment_status":"open","ping_status":"closed","sticky":false,"template":"","format":"standard","meta":[],"categories":[12],"tags":[],"_links":{"self":[{"href":"https:\/\/gazdasagportal.hu\/index.php\/wp-json\/wp\/v2\/posts\/23437"}],"collection":[{"href":"https:\/\/gazdasagportal.hu\/index.php\/wp-json\/wp\/v2\/posts"}],"about":[{"href":"https:\/\/gazdasagportal.hu\/index.php\/wp-json\/wp\/v2\/types\/post"}],"author":[{"embeddable":true,"href":"https:\/\/gazdasagportal.hu\/index.php\/wp-json\/wp\/v2\/users\/1"}],"replies":[{"embeddable":true,"href":"https:\/\/gazdasagportal.hu\/index.php\/wp-json\/wp\/v2\/comments?post=23437"}],"version-history":[{"count":1,"href":"https:\/\/gazdasagportal.hu\/index.php\/wp-json\/wp\/v2\/posts\/23437\/revisions"}],"predecessor-version":[{"id":23438,"href":"https:\/\/gazdasagportal.hu\/index.php\/wp-json\/wp\/v2\/posts\/23437\/revisions\/23438"}],"wp:attachment":[{"href":"https:\/\/gazdasagportal.hu\/index.php\/wp-json\/wp\/v2\/media?parent=23437"}],"wp:term":[{"taxonomy":"category","embeddable":true,"href":"https:\/\/gazdasagportal.hu\/index.php\/wp-json\/wp\/v2\/categories?post=23437"},{"taxonomy":"post_tag","embeddable":true,"href":"https:\/\/gazdasagportal.hu\/index.php\/wp-json\/wp\/v2\/tags?post=23437"}],"curies":[{"name":"wp","href":"https:\/\/api.w.org\/{rel}","templated":true}]}}