{"id":23435,"date":"2013-12-15T12:26:42","date_gmt":"2013-12-15T11:26:42","guid":{"rendered":"http:\/\/stockportal.hu\/?p=23435"},"modified":"2013-12-15T12:26:42","modified_gmt":"2013-12-15T11:26:42","slug":"fidesz-folytatodnak-a-realberek-emelkedeset-szolgalo-kormanyzati-intezkedesek","status":"publish","type":"post","link":"https:\/\/gazdasagportal.hu\/index.php\/fidesz-folytatodnak-a-realberek-emelkedeset-szolgalo-kormanyzati-intezkedesek\/","title":{"rendered":"Fidesz: folytat\u00f3dnak a re\u00e1lb\u00e9rek emelked\u00e9s\u00e9t szolg\u00e1l\u00f3 korm\u00e1nyzati int\u00e9zked\u00e9sek"},"content":{"rendered":"<p><strong>2013 ut\u00e1n 2014-ben is folytat\u00f3dnak a re\u00e1lb\u00e9rek emelked\u00e9s\u00e9t szolg\u00e1l\u00f3 korm\u00e1nyzati int\u00e9zked\u00e9sek, a korm\u00e1ny egyre t\u00f6bb munkav\u00e1llal\u00f3 &#8222;sors\u00e1t rendezi&#8221; &#8211; jelentette ki Zsig\u00f3 R\u00f3bert vas\u00e1rnapi sajt\u00f3t\u00e1j\u00e9koztat\u00f3j\u00e1n.<!--more--><\/strong><\/p>\n<p>A Fidesz sz\u00f3viv\u0151je hangs\u00falyozta: m\u00edg az Eur\u00f3pai Uni\u00f3 28 tag\u00e1llam\u00e1b\u00f3l 12-ben cs\u00f6kkennek a re\u00e1lb\u00e9rek, addig Magyarorsz\u00e1gon n\u0151nek. Ennek oka az alacsony infl\u00e1ci\u00f3 mellett a 16 sz\u00e1zal\u00e9kos ad\u00f3kulcs, a csal\u00e1di ad\u00f3kedvezm\u00e9ny, valamint a pedag\u00f3gusok \u00e9s az eg\u00e9szs\u00e9g\u00fcgyi dolgoz\u00f3k b\u00e9remel\u00e9se.<br \/>\nHangs\u00falyozta, hogy j\u00f6v\u0151re mindezek mellett a kiskereset\u0171 csal\u00e1dok ad\u00f3cs\u00f6kkent\u00e9se, a gyed extra bevezet\u00e9se, a minim\u00e1lb\u00e9r emel\u00e9se, a pedag\u00f3gusok b\u00e9remel\u00e9s\u00e9nek folytat\u00e1sa, valamint a szoci\u00e1lis, a gyermekv\u00e9delmi \u00e9s gyermekj\u00f3l\u00e9ti \u00e1gazatban dolgoz\u00f3k b\u00e9remel\u00e9se n\u00f6velheti a re\u00e1lkereseteket.<br \/>\nZsig\u00f3 R\u00f3bert \u00fagy fogalmazott: az orsz\u00e1g tart\u00f3san a gazdas\u00e1gi n\u00f6veked\u00e9s p\u00e1ly\u00e1j\u00e1ra \u00e1llt \u00e9s a &#8222;Gyurcs\u00e1ny-Bajnai-korm\u00e1nyokkal szemben l\u00e1tszik a f\u00e9ny az alag\u00fat v\u00e9g\u00e9n&#8221;. Jelenleg 21 \u00e9ves cs\u00facson van a foglalkoztat\u00e1s, cs\u00f6kkennek az ad\u00f3k, n\u0151nek a b\u00e9rek \u00e9s mindezt a korm\u00e1ny nem hitelb\u0151l fedezi.<br \/>\nKiemelte, hogy a korm\u00e1ny minden munkav\u00e1llal\u00f3 b\u00e9r\u00e9t rendezni akarja, de ezt l\u00e9p\u00e9sr\u0151l-l\u00e9p\u00e9sre tudja megtenni.<br \/>\nK\u00e9rd\u00e9sre v\u00e1laszolva besz\u00e9lt arr\u00f3l is: a bukott baloldal korm\u00e1nyra ker\u00fcl\u00e9se eset\u00e9n emeln\u00e9 az ad\u00f3kat, cs\u00f6kkenten\u00e9 a minim\u00e1lb\u00e9rt \u00e9s elt\u00f6r\u00f6ln\u00e9 a csal\u00e1di ad\u00f3kedvezm\u00e9ny rendszer\u00e9t. \u00c9ppen ez\u00e9rt szerinte a baloldal programja a legvesz\u00e9lyesebb dolog a munkav\u00e1llal\u00f3kra n\u00e9zve \u00e9s a szakszervezeteknek a legfontosabb dolguk, hogy erre figyelmeztess\u00e9k a munkav\u00e1llal\u00f3kat.(MTI)<\/p>\n","protected":false},"excerpt":{"rendered":"<p>2013 ut\u00e1n 2014-ben is folytat\u00f3dnak a re\u00e1lb\u00e9rek emelked\u00e9s\u00e9t szolg\u00e1l\u00f3 korm\u00e1nyzati int\u00e9zked\u00e9sek, a korm\u00e1ny egyre t\u00f6bb munkav\u00e1llal\u00f3 &#8222;sors\u00e1t rendezi&#8221; &#8211; jelentette ki Zsig\u00f3 R\u00f3bert vas\u00e1rnapi sajt\u00f3t\u00e1j\u00e9koztat\u00f3j\u00e1n.<\/p>\n","protected":false},"author":1,"featured_media":1033,"comment_status":"open","ping_status":"closed","sticky":false,"template":"","format":"standard","meta":[],"categories":[18],"tags":[],"_links":{"self":[{"href":"https:\/\/gazdasagportal.hu\/index.php\/wp-json\/wp\/v2\/posts\/23435"}],"collection":[{"href":"https:\/\/gazdasagportal.hu\/index.php\/wp-json\/wp\/v2\/posts"}],"about":[{"href":"https:\/\/gazdasagportal.hu\/index.php\/wp-json\/wp\/v2\/types\/post"}],"author":[{"embeddable":true,"href":"https:\/\/gazdasagportal.hu\/index.php\/wp-json\/wp\/v2\/users\/1"}],"replies":[{"embeddable":true,"href":"https:\/\/gazdasagportal.hu\/index.php\/wp-json\/wp\/v2\/comments?post=23435"}],"version-history":[{"count":1,"href":"https:\/\/gazdasagportal.hu\/index.php\/wp-json\/wp\/v2\/posts\/23435\/revisions"}],"predecessor-version":[{"id":23436,"href":"https:\/\/gazdasagportal.hu\/index.php\/wp-json\/wp\/v2\/posts\/23435\/revisions\/23436"}],"wp:featuredmedia":[{"embeddable":true,"href":"https:\/\/gazdasagportal.hu\/index.php\/wp-json\/wp\/v2\/media\/1033"}],"wp:attachment":[{"href":"https:\/\/gazdasagportal.hu\/index.php\/wp-json\/wp\/v2\/media?parent=23435"}],"wp:term":[{"taxonomy":"category","embeddable":true,"href":"https:\/\/gazdasagportal.hu\/index.php\/wp-json\/wp\/v2\/categories?post=23435"},{"taxonomy":"post_tag","embeddable":true,"href":"https:\/\/gazdasagportal.hu\/index.php\/wp-json\/wp\/v2\/tags?post=23435"}],"curies":[{"name":"wp","href":"https:\/\/api.w.org\/{rel}","templated":true}]}}