{"id":23433,"date":"2013-12-15T11:32:37","date_gmt":"2013-12-15T10:32:37","guid":{"rendered":"http:\/\/stockportal.hu\/?p=23433"},"modified":"2013-12-15T11:03:21","modified_gmt":"2013-12-15T10:03:21","slug":"tovabbra-is-rendkivuli-a-helyzet-izraelben-a-szokatlan-hovihar-miatt","status":"publish","type":"post","link":"https:\/\/gazdasagportal.hu\/index.php\/tovabbra-is-rendkivuli-a-helyzet-izraelben-a-szokatlan-hovihar-miatt\/","title":{"rendered":"Tov\u00e1bbra is rendk\u00edv\u00fcli a helyzet Izraelben a szokatlan h\u00f3vihar miatt"},"content":{"rendered":"<p><strong>M\u00e9g mintegy 14 ezer lak\u00e1sban nem volt \u00e1ram vas\u00e1rnap reggel Izraelben, a Jeruzs\u00e1lembe vezet\u0151 utak k\u00f6z\u00fcl csak a Tel-Avivval \u00f6sszek\u00f6t\u0151 f\u0151utat nyitott\u00e1k meg, azt is csak a t\u00f6megk\u00f6zleked\u00e9s \u00e9s a v\u00e1ros ell\u00e1t\u00e1s\u00e1ra \u2013 k\u00f6z\u00f6lte a katonai r\u00e1di\u00f3.<!--more--><\/strong><\/p>\n<p>G\u0151zer\u0151vel teszik j\u00e1rhat\u00f3v\u00e1 az utakat, elsz\u00e1ll\u00edtj\u00e1k a cs\u00fct\u00f6rt\u00f6k este \u00f3ta az utakon rekedt j\u00e1rm\u0171veket \u00e9s eltakar\u00edtj\u00e1k a f\u00e9lm\u00e9teres havat. Az izraeli elektromos m\u0171vekn\u00e9l is fokozott er\u0151kkel dolgoznak, megpr\u00f3b\u00e1lj\u00e1k visszakapcsolni a rendszerbe a leszakadt vezet\u00e9kek miatt napok \u00f3ta \u00e1ram n\u00e9lk\u00fcl maradt sok ezer otthont, Jeruzs\u00e1lem jelent\u0151s r\u00e9sz\u00e9t \u00e9s orsz\u00e1gszerte harminc telep\u00fcl\u00e9st. \u00a0\u00a0\u00a0\u00a0N\u00e9gy ember\u00e9letet is k\u00f6vetelt az \u00e9vtizedek \u00f3ta nem l\u00e1tott h\u00f3vihar. K\u00e9t f\u00e9rfinak csak a holtteste ker\u00fclt el\u0151 szombat este h\u00e1romnapos keres\u00e9s ut\u00e1n a Holt-tengern\u00e9l. Egy hirtelen t\u00e1madt v\u00edzfolyam dzsipj\u00fckkel egy\u00fctt elsodorta \u0151ket, a kocsit m\u00e9g nem tal\u00e1lt\u00e1k meg. Egy 36 \u00e9ves f\u00e9rfi is a rendk\u00edv\u00fcli id\u0151j\u00e1r\u00e1s \u00e1ldozata lett, \u0151 leesett h\u00e1za tetej\u00e9r\u0151l, ahol egy lukat pr\u00f3b\u00e1lt befoltozni. Egy csecsem\u0151 h\u0151sug\u00e1rz\u00f3 okozta t\u0171zben vesztette \u00e9let\u00e9t.<br \/>\nAz elm\u00falt k\u00e9t napban t\u00f6bb mint k\u00e9tsz\u00e1z \u00e1llapotos n\u0151h\u00f6z h\u00edvt\u00e1k a ment\u0151ket, akit tudtak, k\u00f3rh\u00e1zba sz\u00e1ll\u00edtottak, de t\u00f6bb alkalommal helyben vezett\u00e9k le a sz\u00fcl\u00e9st.<br \/>\nA meteorol\u00f3gusok tov\u00e1bbi hideghull\u00e1mot j\u00f3solnak, de csapad\u00e9kot m\u00e1r nem \u00edg\u00e9rnek.<br \/>\nJeruzs\u00e1lemben \u00e9s a magasabban fekv\u0151 hegyvid\u00e9keken vas\u00e1rnap sem volt oktat\u00e1s \u00e9s a munkahelyek is z\u00e1rva voltak.<br \/>\nA modern Izrael t\u00f6rt\u00e9net\u00e9nek legnagyobb h\u00f3vihara az els\u0151 becsl\u00e9sek szerint mintegy 120 milli\u00f3 s\u00e9keles (680 milli\u00f3 forint) k\u00e1rt okozott. A b\u0151 csapad\u00e9knak azonban \u00e1ld\u00e1sos hat\u00e1sa is van: t\u00edz centim\u00e9terrel megemelte Izrael legf\u0151bb \u00e9desv\u00edz-rakt\u00e1r\u00e1nak, a Kinneret-t\u00f3nak (Galileai-tenger) a v\u00edzszintj\u00e9t. N\u00e9h\u00e1ny nap alatt t\u00f6bb csapad\u00e9k hullott, mint a sok\u00e9ves decemberi \u00e1tlag, a rendk\u00edv\u00fcli id\u0151j\u00e1r\u00e1si viszonyokat sokan \u00f6sszef\u00fcgg\u00e9sbe hozz\u00e1k a glob\u00e1lis \u00e9ghajlatv\u00e1ltoz\u00e1ssal.<br \/>\nBenj\u00e1min Netanjahu minisztereln\u00f6k szombat este a hat\u00f3s\u00e1gok munk\u00e1j\u00e1t dics\u00e9rve kijelentette, hogy &#8222;sok ember\u00e9letet siker\u00fclt megmenteni, h\u00e1la a szinte lehetetlen felt\u00e9telek k\u00f6z\u00f6tt v\u00e9gzend\u0151 hat\u00e9kony munk\u00e1nak \u00e9s a kiv\u00e1l\u00f3 egyeztet\u00e9snek\u201d.<br \/>\nAz ellenz\u00e9ki szoci\u00e1ldemokrata Munkap\u00e1rtot vezet\u0151 Jich\u00e1k Hercog viszont m\u00e1r kor\u00e1ntsem volt ennyire el\u00e9gedett. \u0150 m\u00e1r szerd\u00e1n figyelmeztetett a vesz\u00e9lyre, de &#8222;int\u00e9seim s\u00fcket f\u00fclekre tal\u00e1ltak, aktiviz\u00e1lni kellett volna az Orsz\u00e1gos Katasztr\u00f3fav\u00e9delmi Hat\u00f3s\u00e1got. Felk\u00e9sz\u00fcletlenek voltak&#8221; &#8211; hangozatta.<br \/>\nA G\u00e1zai \u00f6vezetben a rendk\u00edv\u00fcli csapad\u00e9kmennyis\u00e9g miatt felmondta a szolg\u00e1latot a csatornah\u00e1l\u00f3zat, sz\u00e1mos lak\u00f3negyedet el\u00f6nt\u00f6tt a h\u00e1zakba is behatol\u00f3 v\u00edz, az \u00fczemanyag hi\u00e1nya miatt pedig akadozik az \u00f6vezet egyetlen er\u0151m\u0171ve. Izrael g\u00e1zt \u00e9s szivatty\u00fakat k\u00fcld\u00f6tt az ott \u00e9l\u0151 civilek megseg\u00edt\u00e9s\u00e9re, a s\u00falyos \u00e1rad\u00e1sok megf\u00e9kez\u00e9s\u00e9re.(MTI)<\/p>\n","protected":false},"excerpt":{"rendered":"<p>M\u00e9g mintegy 14 ezer lak\u00e1sban nem volt \u00e1ram vas\u00e1rnap reggel Izraelben, a Jeruzs\u00e1lembe vezet\u0151 utak k\u00f6z\u00fcl csak a Tel-Avivval \u00f6sszek\u00f6t\u0151 f\u0151utat nyitott\u00e1k meg, azt is csak a t\u00f6megk\u00f6zleked\u00e9s \u00e9s a v\u00e1ros ell\u00e1t\u00e1s\u00e1ra \u2013 k\u00f6z\u00f6lte a katonai r\u00e1di\u00f3.<\/p>\n","protected":false},"author":1,"featured_media":0,"comment_status":"open","ping_status":"closed","sticky":false,"template":"","format":"standard","meta":[],"categories":[48],"tags":[],"_links":{"self":[{"href":"https:\/\/gazdasagportal.hu\/index.php\/wp-json\/wp\/v2\/posts\/23433"}],"collection":[{"href":"https:\/\/gazdasagportal.hu\/index.php\/wp-json\/wp\/v2\/posts"}],"about":[{"href":"https:\/\/gazdasagportal.hu\/index.php\/wp-json\/wp\/v2\/types\/post"}],"author":[{"embeddable":true,"href":"https:\/\/gazdasagportal.hu\/index.php\/wp-json\/wp\/v2\/users\/1"}],"replies":[{"embeddable":true,"href":"https:\/\/gazdasagportal.hu\/index.php\/wp-json\/wp\/v2\/comments?post=23433"}],"version-history":[{"count":1,"href":"https:\/\/gazdasagportal.hu\/index.php\/wp-json\/wp\/v2\/posts\/23433\/revisions"}],"predecessor-version":[{"id":23434,"href":"https:\/\/gazdasagportal.hu\/index.php\/wp-json\/wp\/v2\/posts\/23433\/revisions\/23434"}],"wp:attachment":[{"href":"https:\/\/gazdasagportal.hu\/index.php\/wp-json\/wp\/v2\/media?parent=23433"}],"wp:term":[{"taxonomy":"category","embeddable":true,"href":"https:\/\/gazdasagportal.hu\/index.php\/wp-json\/wp\/v2\/categories?post=23433"},{"taxonomy":"post_tag","embeddable":true,"href":"https:\/\/gazdasagportal.hu\/index.php\/wp-json\/wp\/v2\/tags?post=23433"}],"curies":[{"name":"wp","href":"https:\/\/api.w.org\/{rel}","templated":true}]}}