{"id":23429,"date":"2013-12-15T10:39:00","date_gmt":"2013-12-15T09:39:00","guid":{"rendered":"http:\/\/stockportal.hu\/?p=23429"},"modified":"2013-12-15T10:39:00","modified_gmt":"2013-12-15T09:39:00","slug":"jonak-lenni-jo-a-kozmedia-tematikus-napjan-folytatodik-az-adomanygyujtes","status":"publish","type":"post","link":"https:\/\/gazdasagportal.hu\/index.php\/jonak-lenni-jo-a-kozmedia-tematikus-napjan-folytatodik-az-adomanygyujtes\/","title":{"rendered":"J\u00f3nak lenni j\u00f3! &#8211; A k\u00f6zm\u00e9dia tematikus napj\u00e1n folytat\u00f3dik az adom\u00e1nygy\u0171jt\u00e9s"},"content":{"rendered":"<p><strong>Ma eg\u00e9sz napos m\u0171sorfolyamban mutatja be a Katolikus Karit\u00e1sz m\u0171k\u00f6d\u00e9s\u00e9t \u00e9s t\u00e1mogatottjait a k\u00f6zm\u00e9dia, amely J\u00f3nak lenni j\u00f3! elnevez\u00e9s\u0171 j\u00f3t\u00e9konys\u00e1gi akci\u00f3j\u00e1ban id\u00e9n a karitat\u00edv szervezet sz\u00e1m\u00e1ra gy\u0171jti az adom\u00e1nyokat.<!--more--><\/strong><\/p>\n<p>A M\u00e9diaszolg\u00e1ltat\u00e1s-t\u00e1mogat\u00f3 \u00e9s Vagyonkezel\u0151 Alap (MTVA) a Katolikus Karit\u00e1sz m\u0171k\u00f6d\u00e9s\u00e9t, szervezet\u00e9t, t\u00e1mogatottjait \u00e9s \u00f6nk\u00e9nteseit riportokkal, budapesti \u00e9s vid\u00e9ki \u00e9l\u0151 kapcsol\u00e1sokkal, kisfilmekkel \u00e9s st\u00fadi\u00f3besz\u00e9lget\u00e9sekkel mutatja be. A tematikus napon folyamatosan fogadj\u00e1k az adom\u00e1nyokat az orsz\u00e1g minden ter\u00fclet\u00e9r\u0151l, mag\u00e1nemberekt\u0151l \u00e9s c\u00e9gekt\u0151l egyar\u00e1nt, amellyel a karitat\u00edv szervezet munk\u00e1j\u00e1t t\u00e1mogatj\u00e1k.<br \/>\nA Herendi Porcel\u00e1nmanufakt\u00fara egy k\u00fcl\u00f6nleges t\u00e1lat, Erd\u0151 P\u00e9ter b\u00edboros, pr\u00edm\u00e1s, esztergom-budapesti \u00e9rsek szobrot, ifjabb Kn\u00e9zy Jen\u0151 \u00fajs\u00e1g\u00edr\u00f3 pedig azt a labd\u00e1t aj\u00e1nlotta fel, amellyel az 1997-es BL-d\u00f6nt\u0151n j\u00e1tszottak. Az \u00e9rdekl\u0151d\u0151k ezekre a t\u00e1rgyakra a<a title=\"Hely megnyit\u00e1sa\" href=\"http:\/\/www.mtv.hu\/jonaklennijo\" target=\"_blank\" rel=\"noopener\">www.mtv.hu\/jonaklennijo<\/a>\u00a0oldalon olvashat\u00f3 telefonsz\u00e1mon licit\u00e1lhatnak december 15-\u00e9n 22 \u00f3r\u00e1ig.<br \/>\nT\u00f6bb t\u00e1rgyat, k\u00f6zt\u00fck a Szent Jeromos Katolikus Bibliat\u00e1rsulat \u00e1ltal felaj\u00e1nlott k\u00f6nyvm\u0171v\u00e9szeti ritkas\u00e1got, a B\u00e9csi Arany Bibli\u00e1t vagy Erdei Zsolt \u00f6k\u00f6lv\u00edv\u00f3 szerencsehoz\u00f3 keszty\u0171j\u00e9t fix \u00e1ron v\u00e1s\u00e1rolhatnak meg a seg\u00edteni sz\u00e1nd\u00e9koz\u00f3k. Az elad\u00e1sb\u00f3l sz\u00e1rmaz\u00f3 bev\u00e9tel szint\u00e9n a karit\u00e1sz tev\u00e9kenys\u00e9g\u00e9t t\u00e1mogatja.<br \/>\nA Magyar Katolikus R\u00e1di\u00f3 is r\u00e9szt vesz a kezdem\u00e9nyez\u00e9sben: ma az Aj\u00e1nd\u00e9kkos\u00e1r c\u00edm\u0171 m\u0171sorban a Magyar Katolikus Karit\u00e1sz munkat\u00e1rsainak, k\u00f6zt\u00fck M\u00e1dl Dalm\u00e1nak, M\u00e1dl Ferenc k\u00f6zt\u00e1rsas\u00e1gi eln\u00f6k \u00f6zvegy\u00e9nek, a Karit\u00e1sz j\u00f3szolg\u00e1lati nagyk\u00f6vet\u00e9nek zenei k\u00e9r\u00e9seit teljes\u00edtik.<br \/>\nA k\u00f6zm\u00e9dia tavaly rendezte meg el\u0151sz\u00f6r a J\u00f3nak lenni j\u00f3! kamp\u00e1nyt, akkor 92,6 milli\u00f3 forint adom\u00e1ny gy\u0171lt \u00f6ssze a B\u00f6jte Csaba \u00e1ltal vezetett D\u00e9vai Szent Ferenc Alap\u00edtv\u00e1ny jav\u00e1ra.(MTI)<\/p>\n","protected":false},"excerpt":{"rendered":"<p>Ma eg\u00e9sz napos m\u0171sorfolyamban mutatja be a Katolikus Karit\u00e1sz m\u0171k\u00f6d\u00e9s\u00e9t \u00e9s t\u00e1mogatottjait a k\u00f6zm\u00e9dia, amely J\u00f3nak lenni j\u00f3! elnevez\u00e9s\u0171 j\u00f3t\u00e9konys\u00e1gi akci\u00f3j\u00e1ban id\u00e9n a karitat\u00edv szervezet sz\u00e1m\u00e1ra gy\u0171jti az adom\u00e1nyokat.<\/p>\n","protected":false},"author":1,"featured_media":0,"comment_status":"open","ping_status":"closed","sticky":false,"template":"","format":"standard","meta":[],"categories":[48],"tags":[],"_links":{"self":[{"href":"https:\/\/gazdasagportal.hu\/index.php\/wp-json\/wp\/v2\/posts\/23429"}],"collection":[{"href":"https:\/\/gazdasagportal.hu\/index.php\/wp-json\/wp\/v2\/posts"}],"about":[{"href":"https:\/\/gazdasagportal.hu\/index.php\/wp-json\/wp\/v2\/types\/post"}],"author":[{"embeddable":true,"href":"https:\/\/gazdasagportal.hu\/index.php\/wp-json\/wp\/v2\/users\/1"}],"replies":[{"embeddable":true,"href":"https:\/\/gazdasagportal.hu\/index.php\/wp-json\/wp\/v2\/comments?post=23429"}],"version-history":[{"count":1,"href":"https:\/\/gazdasagportal.hu\/index.php\/wp-json\/wp\/v2\/posts\/23429\/revisions"}],"predecessor-version":[{"id":23430,"href":"https:\/\/gazdasagportal.hu\/index.php\/wp-json\/wp\/v2\/posts\/23429\/revisions\/23430"}],"wp:attachment":[{"href":"https:\/\/gazdasagportal.hu\/index.php\/wp-json\/wp\/v2\/media?parent=23429"}],"wp:term":[{"taxonomy":"category","embeddable":true,"href":"https:\/\/gazdasagportal.hu\/index.php\/wp-json\/wp\/v2\/categories?post=23429"},{"taxonomy":"post_tag","embeddable":true,"href":"https:\/\/gazdasagportal.hu\/index.php\/wp-json\/wp\/v2\/tags?post=23429"}],"curies":[{"name":"wp","href":"https:\/\/api.w.org\/{rel}","templated":true}]}}