{"id":23427,"date":"2013-12-15T09:22:40","date_gmt":"2013-12-15T08:22:40","guid":{"rendered":"http:\/\/stockportal.hu\/?p=23427"},"modified":"2013-12-15T09:22:40","modified_gmt":"2013-12-15T08:22:40","slug":"deloitte-ev-vegi-adozasi-teendok","status":"publish","type":"post","link":"https:\/\/gazdasagportal.hu\/index.php\/deloitte-ev-vegi-adozasi-teendok\/","title":{"rendered":"Deloitte: \u00e9v v\u00e9gi ad\u00f3z\u00e1si teend\u0151k"},"content":{"rendered":"<p><strong>A 2013-as ad\u00f3\u00e9v v\u00e9g\u00e9hez k\u00f6zeledve &#8211; figyelemmel a 2014-es ad\u00f3t\u00f6rv\u00e9ny-v\u00e1ltoz\u00e1sokra is &#8211; \u00e9rdemes miel\u0151bb \u00e1tgondolniuk a v\u00e1llalkoz\u00e1soknak a legfontosabb ad\u00f3z\u00e1si teend\u0151ket, \u00e9s v\u00e9grehajtaniuk a f\u0151bb ad\u00f3nemekben m\u00e9g elv\u00e9gezhet\u0151 \u00e9sszer\u0171s\u00edt\u00e9seket, ami nem csup\u00e1n a folyamatosan szigorod\u00f3 ad\u00f3hat\u00f3s\u00e1gi vizsg\u00e1latok miatt fontos, hanem sp\u00f3rolni is seg\u00edt &#8211; h\u00edvja fel a figyelmet a Deloitte.<!--more--><\/strong><\/p>\n<p>Veszpr\u00e9mi Istv\u00e1n, a Deloitte Zrt. ad\u00f3partnere szerint a t\u00e1rsas\u00e1gi ad\u00f3z\u00e1s ter\u00fclete id\u00e9n is k\u00edn\u00e1l ilyen egyszer\u0171s\u00edt\u00e9si lehet\u0151s\u00e9geket. A c\u00e9geknek mindenk\u00e9ppen \u00e9rdemes \u00e1tgondolniuk, hogy kihaszn\u00e1lt\u00e1k-e az \u00f6sszes ad\u00f3alap-cs\u00f6kkent\u00e9si lehet\u0151s\u00e9get, \u00edgy p\u00e9ld\u00e1ul a behajthatatlan k\u00f6vetel\u00e9sek megfelel\u0151 elsz\u00e1mol\u00e1s\u00e1ban rejl\u0151 ad\u00f3el\u0151ny\u00f6ket, vagy tudn\u00e1nak-e p\u00e9ld\u00e1ul m\u00e1s, kedvez\u0151bb amortiz\u00e1ci\u00f3s kulcsokat alkalmazni egyes eszk\u00f6zcsoportok eset\u00e9ben.<br \/>\nA felsorolt kedvezm\u00e9nyek alkalmaz\u00e1s\u00e1nak \u00e9sszer\u0171s\u00e9ge term\u00e9szetesen v\u00e1llalkoz\u00e1sonk\u00e9nt elt\u00e9r\u0151, de a k\u00f6vetkez\u0151 \u00e9vekre beruh\u00e1z\u00e1st tervez\u0151 c\u00e9gek fejleszt\u00e9si tartal\u00e9k k\u00e9pz\u00e9s\u00e9vel id\u00e9n ak\u00e1r 50 sz\u00e1zal\u00e9kos ad\u00f3z\u00e1s el\u0151tti eredm\u00e9nynek megfelel\u0151 ad\u00f3alap-cs\u00f6kkent\u00e9st is el\u00e9rhetnek. Fontos tudni, hogy lehet\u0151s\u00e9g van a K+F tev\u00e9kenys\u00e9g min\u0151s\u00edt\u00e9s\u00e9re is a Szellemi Tulajdon Nemzeti Hivatal\u00e1n\u00e1l, az erre vonatkoz\u00f3 hat\u00e1rozatot pedig az ad\u00f3hat\u00f3s\u00e1gnak k\u00f6telez\u0151 elfogadnia. A min\u0151s\u00edt\u00e9st azonban csak a projekt megkezd\u00e9s\u00e9t megel\u0151z\u0151en lehet k\u00e9rni, \u00edgy az ad\u00f3bevall\u00e1s beny\u00fajt\u00e1sa el\u0151tt meg kell hozni az erre vonatkoz\u00f3 d\u00f6nt\u00e9st.<br \/>\nAz ad\u00f3cs\u00f6kkent\u00e9si megold\u00e1sok k\u00f6z\u00f6tt tov\u00e1bbra is n\u00e9pszer\u0171ek a t\u00e1mogat\u00e1ssal \u00f6sszef\u00fcgg\u0151 kedvezm\u00e9nyek. L\u00e1tv\u00e1nycsapatsport, filmalkot\u00e1s vagy el\u0151ad\u00f3m\u0171v\u00e9szeti szervezet t\u00e1mogat\u00e1sa r\u00e9v\u00e9n ugyanis tov\u00e1bbi ad\u00f3kedvezm\u00e9nyhez juthatnak a c\u00e9gek, ami jelent\u0151s megt\u00e9r\u00fcl\u00e9st eredm\u00e9nyezhet. \u00c9v v\u00e9g\u00e9ig p\u00e9ld\u00e1ul jobban meg\u00e9ri filmalkot\u00e1st, vagy el\u0151ad\u00f3m\u0171v\u00e9szetet t\u00e1mogatni, hiszen a l\u00e1tv\u00e1nycsapatsport eset\u00e9ben \u00e9v k\u00f6zben bevezetett 75 sz\u00e1zal\u00e9kos kieg\u00e9sz\u00edt\u0151 t\u00e1mogat\u00e1si k\u00f6telezetts\u00e9get a film- \u00e9s el\u0151ad\u00f3m\u0171v\u00e9szet eset\u00e9ben csak 2014-t\u0151l teszi k\u00f6telez\u0151v\u00e9 a t\u00f6rv\u00e9ny.<br \/>\nA v\u00e1llalkoz\u00e1sok sz\u00e1m\u00e1ra a szem\u00e9lyi j\u00f6vedelemad\u00f3t \u00e9rint\u0151 v\u00e1ltoz\u00e1sok is feladatokkal j\u00e1rhatnak. Miel\u0151bb d\u00f6nt\u00e9st kell hozniuk p\u00e9ld\u00e1ul azzal kapcsolatban, hogy milyen form\u00e1ban biztos\u00edtanak t\u00f6bbletjuttat\u00e1st 2014-t\u0151l a munkav\u00e1llal\u00f3knak, amennyiben erre lehet\u0151s\u00e9g ny\u00edlik.<br \/>\nK\u00e9rd\u00e9sk\u00e9nt mer\u00fclhet fel, hogy \u00e9rdemes-e munk\u00e1ltat\u00f3i lak\u00e1sc\u00e9l\u00fa t\u00e1mogat\u00e1st, biztos\u00edt\u00e1st vagy m\u00e1s ad\u00f3mentes juttat\u00e1st ny\u00fajtani a munkav\u00e1llal\u00f3knak, illetve hogy a csal\u00e1di kedvezm\u00e9nyt minden munkav\u00e1llal\u00f3n\u00e1l teljes m\u00e9rt\u00e9kben figyelembe vett\u00e9k-e, vagy minden lehets\u00e9ges szoci\u00e1lis hozz\u00e1j\u00e1rul\u00e1si kedvezm\u00e9nyt kihaszn\u00e1ltak-e.<br \/>\nAmennyiben a v\u00e1llalkoz\u00e1st \u00e9rinti, kiemelt figyelmet kell ford\u00edtani arra is, hogy a k\u00fclf\u00f6ldi munkav\u00e9gz\u00e9sre k\u00fcld\u00f6tt munkav\u00e1llal\u00f3k, vagy a belf\u00f6ldre (ak\u00e1r r\u00f6vid t\u00e1vra) \u00e9rkez\u0151 k\u00fclf\u00f6ldi munkav\u00e1llal\u00f3k j\u00f6vedelm\u00e9re es\u0151 ad\u00f3t \u00e9s j\u00e1rul\u00e9kot helyesen sz\u00e1molt\u00e1k-e el.<br \/>\nAz ad\u00f3\u00e9v v\u00e9g\u00e9hez k\u00f6zeledve ism\u00e9t aktu\u00e1lis k\u00e9rd\u00e9s annak megfontol\u00e1sa, hogy deviz\u00e1ban t\u00f6rt\u00e9n\u0151 sz\u00e1ml\u00e1z\u00e1s eset\u00e9n a t\u00e1rsas\u00e1g m\u00e1s hitelint\u00e9zet \u00e1rfolyam\u00e1t alkalmazza-e vagy esetleg az MNB vagy az Eur\u00f3pai K\u00f6zponti Bank \u00e1ltal publik\u00e1lt \u00e1rfolyamra t\u00e9rjen-e \u00e1t. Ideje m\u00e9rlegelni az elektronikus sz\u00e1ml\u00e1z\u00e1sra val\u00f3 \u00e1tt\u00e9r\u00e9st is, ezzel ugyanis nemcsak a sz\u00e1ml\u00e1k rendszerez\u00e9se \u00e9s kezel\u00e9se egyszer\u0171s\u00f6dik, de a v\u00e1lt\u00e1s a k\u00f6lts\u00e9ghat\u00e9konys\u00e1g miatt is kifizet\u0151d\u0151 lehet hossz\u00fa t\u00e1von &#8211; h\u00edvja fel a figyelmet Veszpr\u00e9mi Istv\u00e1n a c\u00e9g k\u00f6zlem\u00e9ny\u00e9ben.<br \/>\nEmellett olyan k\u00e9rd\u00e9sekre is figyelmet kell ford\u00edtaniuk a v\u00e1llalatoknak, amelyekre a legt\u00f6bben m\u00e9g csak nem is gondolnak. Javasolt \u00e1ttekinteni, hogy a v\u00e1llalkoz\u00e1s optim\u00e1lisan kezeli-e az ingyenes \u00e1tad\u00e1sokat, \u00e1rengedm\u00e9nyi konstrukci\u00f3kat, kuponos\/pontgy\u0171jt\u0151 akci\u00f3kat \u00e9s egy\u00e9b prom\u00f3ci\u00f3kat. Az ad\u00f3z\u00f3nak m\u00e1r a bevall\u00e1s beny\u00fajt\u00e1sa el\u0151tt, azok sz\u00e1ml\u00e1z\u00e1sa sor\u00e1n tudat\u00e1ban kell lennie annak, hogy az adott t\u00e9tel m\u00f3dos\u00edtja-e a befizetend\u0151 \u00e1f\u00e1t, vagy esetleg kezelhet\u0151-e \u00e1fa-k\u00f6r\u00f6n k\u00edv\u00fcl.<br \/>\nAz ad\u00f3teher optimaliz\u00e1l\u00e1sa \u00e9rdek\u00e9ben \u00e9rdemes m\u00e9g az \u00e9v v\u00e9ge el\u0151tt arra is gondolni, hogy a v\u00e1llalkoz\u00e1s a k\u00f6vetkez\u0151 ad\u00f3\u00e9vre kedvez\u0151bb ar\u00e1nyos\u00edt\u00e1si m\u00f3dszerre v\u00e1ltson, vagy az ingatlan b\u00e9rbead\u00e1s\u00e1ra \u00e9s \u00e9rt\u00e9kes\u00edt\u00e9s\u00e9re ad\u00f3mentess\u00e9g helyett ad\u00f3k\u00f6telezetts\u00e9get, esetleg csoportos ad\u00f3alanyis\u00e1got v\u00e1lasszon.<br \/>\nSz\u00e1mos, most aktu\u00e1lis d\u00f6nt\u00e9s jelent\u0151s hat\u00e1ssal lehet a k\u00f6vetkez\u0151 ad\u00f3\u00e9vre is, hat\u00e9konyabb ir\u00e1nyba terelve a v\u00e1llalkoz\u00e1s k\u00e9s\u0151bbi ad\u00f3z\u00e1si gyakorlat\u00e1t &#8211; \u00edrja a Deloitte.(MTI)<\/p>\n","protected":false},"excerpt":{"rendered":"<p>A 2013-as ad\u00f3\u00e9v v\u00e9g\u00e9hez k\u00f6zeledve &#8211; figyelemmel a 2014-es ad\u00f3t\u00f6rv\u00e9ny-v\u00e1ltoz\u00e1sokra is &#8211; \u00e9rdemes miel\u0151bb \u00e1tgondolniuk a v\u00e1llalkoz\u00e1soknak a legfontosabb ad\u00f3z\u00e1si teend\u0151ket, \u00e9s v\u00e9grehajtaniuk a f\u0151bb ad\u00f3nemekben m\u00e9g elv\u00e9gezhet\u0151 \u00e9sszer\u0171s\u00edt\u00e9seket, ami nem csup\u00e1n a folyamatosan szigorod\u00f3 ad\u00f3hat\u00f3s\u00e1gi vizsg\u00e1latok miatt fontos, hanem sp\u00f3rolni is seg\u00edt &#8211; h\u00edvja fel a figyelmet a Deloitte.<\/p>\n","protected":false},"author":1,"featured_media":0,"comment_status":"open","ping_status":"closed","sticky":false,"template":"","format":"standard","meta":[],"categories":[20],"tags":[],"_links":{"self":[{"href":"https:\/\/gazdasagportal.hu\/index.php\/wp-json\/wp\/v2\/posts\/23427"}],"collection":[{"href":"https:\/\/gazdasagportal.hu\/index.php\/wp-json\/wp\/v2\/posts"}],"about":[{"href":"https:\/\/gazdasagportal.hu\/index.php\/wp-json\/wp\/v2\/types\/post"}],"author":[{"embeddable":true,"href":"https:\/\/gazdasagportal.hu\/index.php\/wp-json\/wp\/v2\/users\/1"}],"replies":[{"embeddable":true,"href":"https:\/\/gazdasagportal.hu\/index.php\/wp-json\/wp\/v2\/comments?post=23427"}],"version-history":[{"count":1,"href":"https:\/\/gazdasagportal.hu\/index.php\/wp-json\/wp\/v2\/posts\/23427\/revisions"}],"predecessor-version":[{"id":23428,"href":"https:\/\/gazdasagportal.hu\/index.php\/wp-json\/wp\/v2\/posts\/23427\/revisions\/23428"}],"wp:attachment":[{"href":"https:\/\/gazdasagportal.hu\/index.php\/wp-json\/wp\/v2\/media?parent=23427"}],"wp:term":[{"taxonomy":"category","embeddable":true,"href":"https:\/\/gazdasagportal.hu\/index.php\/wp-json\/wp\/v2\/categories?post=23427"},{"taxonomy":"post_tag","embeddable":true,"href":"https:\/\/gazdasagportal.hu\/index.php\/wp-json\/wp\/v2\/tags?post=23427"}],"curies":[{"name":"wp","href":"https:\/\/api.w.org\/{rel}","templated":true}]}}