{"id":23407,"date":"2013-12-14T10:04:56","date_gmt":"2013-12-14T09:04:56","guid":{"rendered":"http:\/\/stockportal.hu\/?p=23407"},"modified":"2013-12-14T08:35:44","modified_gmt":"2013-12-14T07:35:44","slug":"a-videoton-holding-idei-arbevetele-12-szazalekkal-nott","status":"publish","type":"post","link":"https:\/\/gazdasagportal.hu\/index.php\/a-videoton-holding-idei-arbevetele-12-szazalekkal-nott\/","title":{"rendered":"A Videoton Holding idei \u00e1rbev\u00e9tele 12 sz\u00e1zal\u00e9kkal n\u0151tt"},"content":{"rendered":"<p><strong>A Videoton v\u00e1llalatcsoport 2013-ban 12 sz\u00e1zal\u00e9kkal n\u00f6velte konszolid\u00e1lt \u00e1rbev\u00e9tel\u00e9t, amely \u00edgy meghaladja a 110 milli\u00e1rd forintot &#8211; mondta el Sz\u00e9les G\u00e1bor eln\u00f6k-vez\u00e9rigazgat\u00f3 a magyar tulajdon\u00fa c\u00e9g p\u00e9nteki \u00e9vz\u00e1r\u00f3 \u00fcnneps\u00e9g\u00e9n.<!--more--><\/strong><\/p>\n<p>A c\u00e9gvezet\u0151 hangs\u00falyozta, hogy az id\u00e9n 75 \u00e9ves v\u00e1llalat az elm\u00falt k\u00e9t \u00e9vtizedben &#8211; \u00edgy az id\u00e9n is &#8211; egyenletesen fejl\u0151d\u00f6tt. Az \u00fczleti sikerekb\u0151l minden \u00e1gazat kivette r\u00e9sz\u00e9t, minden le\u00e1nyv\u00e1llalatn\u00e1l n\u00f6veked\u00e9st tapasztaltak &#8211; tette hozz\u00e1.<br \/>\nSz\u00e9les G\u00e1bor k\u00fcl\u00f6n sz\u00f3lt a VT-Arriva Kft.-r\u0151l (kor\u00e1bban VT-Transman Kft.), amely a tavalyi 5 milli\u00e1rd forintos \u00e1rbev\u00e9tel\u00e9t 10 milli\u00e1rdra n\u00f6velte, els\u0151sorban a Budapesti K\u00f6zleked\u00e9si K\u00f6zpontn\u00e1l elnyert t\u00f6megk\u00f6zleked\u00e9si tendernek k\u00f6sz\u00f6nhet\u0151en. Megjegyezte: a le\u00e1nyv\u00e1llalat kiemelked\u0151 teljes\u00edtm\u00e9nye n\u00e9lk\u00fcl is 9 sz\u00e1zal\u00e9kkal n\u0151tt volna a c\u00e9gcsoport \u00e1rbev\u00e9tele.<br \/>\nAz eln\u00f6k-vez\u00e9rigazgat\u00f3 k\u00f6z\u00f6lte, hogy a Videoton saj\u00e1t t\u0151k\u00e9je megk\u00f6zel\u00edti a 80 milli\u00e1rd forintot, ami stabil h\u00e1tteret biztos\u00edt. A m\u0171k\u00f6d\u0151 t\u0151ke hat sz\u00e1zal\u00e9kkal emelkedett a tavalyi \u00e9vhez k\u00e9pest \u2013 mondta.<br \/>\nKiemelte: a tavalyi \u00e9vhez k\u00e9pest egymilli\u00e1rd forinttal, h\u00e1rommilli\u00e1rd forintra n\u0151ttek a c\u00e9gcsoport &#8222;hagyom\u00e1nyos beruh\u00e1z\u00e1sai&#8221;. A VT-Arriva 12 milli\u00e1rd forint \u00e9rt\u00e9k\u0171 aut\u00f3buszl\u00edzingj\u00e9vel egy\u00fctt 15 milli\u00e1rd forintnyi beruh\u00e1z\u00e1st val\u00f3s\u00edtottak meg id\u00e9n \u2013 tette hozz\u00e1.<br \/>\nSz\u00e9les G\u00e1bor elmondta, hogy a v\u00e1llalatcsoport foglalkoztatotti l\u00e9tsz\u00e1ma \u00f6t sz\u00e1zal\u00e9kkal, mintegy 400 f\u0151vel emelkedett, \u00edgy jelenleg 8400 munkav\u00e1llal\u00f3t foglalkoztatnak.<br \/>\nLakatos P\u00e9ter vez\u00e9rigazgat\u00f3 szerint az el\u00e9rt eredm\u00e9nyek els\u0151sorban annak k\u00f6sz\u00f6nhet\u0151k, hogy a 2008-as v\u00e1ls\u00e1g ut\u00e1ni nagyberuh\u00e1z\u00e1sokat el\u0151ny\u00fckre ford\u00edtott\u00e1k, illetve j\u00f3l haszn\u00e1lt\u00e1k ki a k\u00fcl\u00f6nb\u00f6z\u0151 ipar\u00e1gi besz\u00e1ll\u00edt\u00f3k neh\u00e9z helyzet\u00e9t \u00e9s a vil\u00e1gc\u00e9gek k\u00f6lts\u00e9gmegtakar\u00edt\u00e1si t\u00f6rekv\u00e9seit.<br \/>\nSink\u00f3 Ott\u00f3 vez\u00e9rigazgat\u00f3 k\u00f6z\u00f6lte, hogy a Videoton Holding legnagyobb \u00e1rbev\u00e9tel\u0171 le\u00e1nyv\u00e1llalatai k\u00f6z\u00f6tt van a VT Aut\u00f3elektronika Kft. 27,6 milli\u00e1rd, a VT Elektroplast Kft. 20 milli\u00e1rd \u00e9s a VT EAS Kft. 16,5 milli\u00e1rd forintos teljes\u00edtm\u00e9nnyel. A j\u00f6v\u0151beni n\u00f6veked\u00e9s \u00e9s fejl\u0151d\u00e9s z\u00e1logak\u00e9nt a hum\u00e1n er\u0151forr\u00e1st nevezte meg.<br \/>\nAz id\u00e9n 75 \u00e9ves Videoton a legnagyobb magyar mag\u00e1ntulajdonban l\u00e9v\u0151 ipari v\u00e1llalatcsoport, amely gy\u00e1rt\u00e1si, \u00e9s gy\u00e1rt\u00e1shoz kapcsol\u00f3d\u00f3 szolg\u00e1ltat\u00e1sokat k\u00edn\u00e1l ipari v\u00e1llalatok sz\u00e1m\u00e1ra. A sz\u00e9kesfeh\u00e9rv\u00e1ri sz\u00e9khely\u0171 c\u00e9g Magyarorsz\u00e1gon kilenc, Bulg\u00e1ri\u00e1ban (Stara Zagora) \u00e9s Ukrajn\u00e1ban (Munk\u00e1cs) 1-1 telephellyel rendelkezik.<br \/>\nA c\u00e9gcsoport konszolid\u00e1lt \u00e1rbev\u00e9tele 2010-ben 90 milli\u00e1rd, 2011-ben 91 milli\u00e1rd, m\u00edg tavaly 98,5 milli\u00e1rd forint volt. (MTI)<\/p>\n","protected":false},"excerpt":{"rendered":"<p>A Videoton v\u00e1llalatcsoport 2013-ban 12 sz\u00e1zal\u00e9kkal n\u00f6velte konszolid\u00e1lt \u00e1rbev\u00e9tel\u00e9t, amely \u00edgy meghaladja a 110 milli\u00e1rd forintot &#8211; mondta el Sz\u00e9les G\u00e1bor eln\u00f6k-vez\u00e9rigazgat\u00f3 a magyar tulajdon\u00fa c\u00e9g p\u00e9nteki \u00e9vz\u00e1r\u00f3 \u00fcnneps\u00e9g\u00e9n.<\/p>\n","protected":false},"author":1,"featured_media":0,"comment_status":"open","ping_status":"closed","sticky":false,"template":"","format":"standard","meta":[],"categories":[19],"tags":[],"_links":{"self":[{"href":"https:\/\/gazdasagportal.hu\/index.php\/wp-json\/wp\/v2\/posts\/23407"}],"collection":[{"href":"https:\/\/gazdasagportal.hu\/index.php\/wp-json\/wp\/v2\/posts"}],"about":[{"href":"https:\/\/gazdasagportal.hu\/index.php\/wp-json\/wp\/v2\/types\/post"}],"author":[{"embeddable":true,"href":"https:\/\/gazdasagportal.hu\/index.php\/wp-json\/wp\/v2\/users\/1"}],"replies":[{"embeddable":true,"href":"https:\/\/gazdasagportal.hu\/index.php\/wp-json\/wp\/v2\/comments?post=23407"}],"version-history":[{"count":2,"href":"https:\/\/gazdasagportal.hu\/index.php\/wp-json\/wp\/v2\/posts\/23407\/revisions"}],"predecessor-version":[{"id":23411,"href":"https:\/\/gazdasagportal.hu\/index.php\/wp-json\/wp\/v2\/posts\/23407\/revisions\/23411"}],"wp:attachment":[{"href":"https:\/\/gazdasagportal.hu\/index.php\/wp-json\/wp\/v2\/media?parent=23407"}],"wp:term":[{"taxonomy":"category","embeddable":true,"href":"https:\/\/gazdasagportal.hu\/index.php\/wp-json\/wp\/v2\/categories?post=23407"},{"taxonomy":"post_tag","embeddable":true,"href":"https:\/\/gazdasagportal.hu\/index.php\/wp-json\/wp\/v2\/tags?post=23407"}],"curies":[{"name":"wp","href":"https:\/\/api.w.org\/{rel}","templated":true}]}}