{"id":23405,"date":"2013-12-14T07:33:41","date_gmt":"2013-12-14T06:33:41","guid":{"rendered":"http:\/\/stockportal.hu\/?p=23405"},"modified":"2013-12-14T08:34:07","modified_gmt":"2013-12-14T07:34:07","slug":"londoni-elemzok-gyorsulo-de-egyenetlen-novekedes-varhato-2014-15-ben-kelet-europaban","status":"publish","type":"post","link":"https:\/\/gazdasagportal.hu\/index.php\/londoni-elemzok-gyorsulo-de-egyenetlen-novekedes-varhato-2014-15-ben-kelet-europaban\/","title":{"rendered":"Londoni elemz\u0151k: gyorsul\u00f3, de egyenetlen n\u00f6veked\u00e9s v\u00e1rhat\u00f3 2014-15-ben Kelet-Eur\u00f3p\u00e1ban"},"content":{"rendered":"<p><strong>\u00d6sszess\u00e9g\u00e9ben gyorsul\u00f3, de a t\u00e9rs\u00e9gen bel\u00fcl egyenetlen \u00fctem\u0171 n\u00f6veked\u00e9s v\u00e1rhat\u00f3 a k\u00f6vetkez\u0151 k\u00e9t \u00e9vben a k\u00f6z\u00e9p- \u00e9s kelet-eur\u00f3pai gazdas\u00e1gokban &#8211; j\u00f3solt\u00e1k \u00e1tfog\u00f3 p\u00e9nteki el\u0151rejelz\u00e9s\u00fckben londoni p\u00e9nz\u00fcgyi elemz\u0151k.<!--more--><\/strong><\/p>\n<p>A City egyik legnagyobb gazdas\u00e1g-p\u00e9nz\u00fcgyi elemz\u0151c\u00e9ge, a Capital Economics felz\u00e1rk\u00f3z\u00f3 piacokra szakosodott elemz\u0151st\u00e1bja szerint a r\u00e9gi\u00f3n bel\u00fcl K\u00f6z\u00e9p-Eur\u00f3pa lesz a n\u00f6veked\u00e9s \u00e9llovasa, els\u0151sorban a nyugat-eur\u00f3pai kereslet er\u0151s\u00f6d\u00e9se, a k\u00f6lts\u00e9gvet\u00e9si szigor enyh\u00fcl\u00e9se \u00e9s az elm\u00falt \u00e9vben v\u00e9grehajtott jegybanki kamatcs\u00f6kkent\u00e9sek hat\u00e1s\u00e1ra.<br \/>\nA h\u00e1z londoni elemz\u0151i minden t\u00e9nyez\u0151t egybevetve a k\u00f6z\u00e9p- \u00e9s kelet-eur\u00f3pai t\u00e9rs\u00e9g eg\u00e9sz\u00e9ben az idei \u00e9vre v\u00e1rt 1,8 sz\u00e1zal\u00e9k ut\u00e1n 2014-ben \u00e1tlagosan 2,0 sz\u00e1zal\u00e9kos, 2015-ben 2,5 sz\u00e1zal\u00e9kos gazdas\u00e1gi n\u00f6veked\u00e9st v\u00e1rnak.<br \/>\nA Capital Economics p\u00e9nteki progn\u00f3zisa szerint a r\u00e9gi\u00f3 &#8222;szt\u00e1rja&#8221; Lengyelorsz\u00e1g lesz a k\u00f6vetkez\u0151 k\u00e9t \u00e9vben n\u00f6veked\u00e9si szempontb\u00f3l. A h\u00e1z azzal sz\u00e1mol, hogy a lengyel hazai \u00f6sszterm\u00e9k (GDP) az id\u00e9n 1,5, 2014-ben \u00e9s 2015-ben egyar\u00e1nt 3,0 sz\u00e1zal\u00e9kkal n\u00f6vekszik.<br \/>\nA c\u00e9g Csehorsz\u00e1gban az id\u00e9n eg\u00e9sz \u00e9ves recesszi\u00f3t, 1,5 sz\u00e1zal\u00e9kos GDP-visszaes\u00e9st v\u00e1r, j\u00f6v\u0151re ugyanakkor 2,0, 2015-ben m\u00e1r 2,5 sz\u00e1zal\u00e9kos n\u00f6veked\u00e9ssel sz\u00e1mol.<br \/>\nA Capital Economics londoni szakelemz\u0151i szerint a magyar gazdas\u00e1g teljes\u00edtm\u00e9nye az id\u00e9n 1,0 sz\u00e1zal\u00e9kkal, j\u00f6v\u0151re 2,0 sz\u00e1zal\u00e9kkal, 2015-ben 1,5 sz\u00e1zal\u00e9kkal b\u0151v\u00fclhet. A h\u00e1z szerint a mez\u0151gazdas\u00e1g \u00e9s az eur\u00f3\u00f6vezeti kereslet javul\u00e1sa mellett most m\u00e1r a hazai kereslet er\u0151s\u00f6d\u00e9se is v\u00e1rhat\u00f3. A fogyaszt\u00e1si kiad\u00e1sok \u00e9s a beruh\u00e1z\u00e1sok \u00e9l\u00e9nk\u00fcl\u00e9s\u00e9t seg\u00edti a Magyar Nemzeti Bank (MNB) kamatcs\u00f6kkent\u00e9si ciklusa &#8211; amely a c\u00e9g elemz\u0151i szerint m\u00e1r a v\u00e9g\u00e9hez k\u00f6zel\u00edt -, az MNB n\u00f6veked\u00e9si hitelprogramja, valamint az alacsony infl\u00e1ci\u00f3, amelyet a k\u00f6zm\u0171d\u00edj-cs\u00f6kkent\u00e9sek is lass\u00edtanak.<br \/>\nA Capital Economics szerint ugyanakkor a k\u00f6lts\u00e9gvet\u00e9si politika is lazul a parlamenti v\u00e1laszt\u00e1sok k\u00f6zeledt\u00e9vel. Emiatt a c\u00e9g elemz\u0151i \u00fagy v\u00e9lekednek, hogy a magyar GDP-ar\u00e1nyos \u00e1llamh\u00e1ztart\u00e1si hi\u00e1ny j\u00f6v\u0151re ak\u00e1r 4 sz\u00e1zal\u00e9kra is emelkedhet.<br \/>\nM\u00e1s nagy londoni h\u00e1zak ugyanakkor nem sz\u00e1m\u00edtanak a magyar k\u00f6lts\u00e9gvet\u00e9si politika jelent\u0151s laz\u00edt\u00e1s\u00e1ra a v\u00e1laszt\u00e1sok k\u00f6zeledt\u00e9vel sem.<br \/>\nA Fitch Ratings nemzetk\u00f6zi hitelmin\u0151s\u00edt\u0151, amely a h\u00e9ten meger\u0151s\u00edtette Magyarorsz\u00e1g \u00e1llamad\u00f3s-besorol\u00e1sait, ehhez f\u0171z\u00f6tt elemz\u00e9s\u00e9ben hangs\u00falyozta: \u00e9rt\u00e9kel\u00e9se szerint a magyar korm\u00e1ny v\u00e1ltozatlanul er\u0151teljes elk\u00f6telezetts\u00e9get tan\u00fas\u00edt a GDP-ar\u00e1nyos \u00e1llamh\u00e1ztart\u00e1si deficit 3 sz\u00e1zal\u00e9k alatt tart\u00e1sa mellett. A Fitch elemz\u0151i ennek alapj\u00e1n nem sz\u00e1m\u00edtanak arra, hogy Magyarorsz\u00e1g visszat\u00e9r az olyan jelleg\u0171, deficitn\u00f6vel\u0151 v\u00e1laszt\u00e1si k\u00f6ltekez\u00e9shez, amilyen a 2002-es \u00e9s 2006-os v\u00e1laszt\u00e1si kamp\u00e1nyid\u0151szakot jellemezte.<br \/>\nA legut\u00f3bbi GDP-adatok alapj\u00e1n t\u00f6bb nagy londoni h\u00e1z is jav\u00edtotta a magyar gazdas\u00e1g idei \u00e9s j\u00f6v\u0151 \u00e9vi n\u00f6veked\u00e9s\u00e9re adott el\u0151rejelz\u00e9s\u00e9t.<br \/>\nA Morgan Stanley glob\u00e1lis p\u00e9nz\u00fcgyi szolg\u00e1ltat\u00f3 csoport londoni befektet\u00e9si r\u00e9szleg\u00e9nek felz\u00e1rk\u00f3z\u00f3 piacokra szakosodott k\u00f6zgazd\u00e1szai \u00faj progn\u00f3zisukban k\u00f6z\u00f6lt\u00e9k, hogy 2013 eg\u00e9sz\u00e9re 0,9 sz\u00e1zal\u00e9kos, 2014-re 2,2 sz\u00e1zal\u00e9kos GDP-b\u0151v\u00fcl\u00e9st v\u00e1rnak a magyar gazdas\u00e1gban. A h\u00e1z eddig 0,5 sz\u00e1zal\u00e9kos idei \u00e9s 1,5 sz\u00e1zal\u00e9kos j\u00f6v\u0151 \u00e9vi n\u00f6veked\u00e9st val\u00f3sz\u00edn\u0171s\u00edtett Magyarorsz\u00e1gon.<br \/>\nA JP Morgan glob\u00e1lis bankcsoport londoni befektet\u00e9si r\u00e9szleg\u00e9nek szakelemz\u0151i a v\u00e1rtn\u00e1l er\u0151sebb els\u0151 h\u00e1romnegyed\u00e9vi lend\u00fclet nyom\u00e1n 0,6 sz\u00e1zal\u00e9kr\u00f3l 1,1 sz\u00e1zal\u00e9kra emelt\u00e9k a magyar gazdas\u00e1g idei eg\u00e9sz \u00e9vi n\u00f6veked\u00e9s\u00e9re sz\u00f3l\u00f3 progn\u00f3zisukat, \u00e9s az \u00e1ltaluk kor\u00e1bban v\u00e1rt 2,0 sz\u00e1zal\u00e9k helyett most m\u00e1r 2,3 sz\u00e1zal\u00e9kos magyar GDP-n\u00f6veked\u00e9st val\u00f3sz\u00edn\u0171s\u00edtenek 2014-ben.(MTI)<\/p>\n","protected":false},"excerpt":{"rendered":"<p>\u00d6sszess\u00e9g\u00e9ben gyorsul\u00f3, de a t\u00e9rs\u00e9gen bel\u00fcl egyenetlen \u00fctem\u0171 n\u00f6veked\u00e9s v\u00e1rhat\u00f3 a k\u00f6vetkez\u0151 k\u00e9t \u00e9vben a k\u00f6z\u00e9p- \u00e9s kelet-eur\u00f3pai gazdas\u00e1gokban &#8211; j\u00f3solt\u00e1k \u00e1tfog\u00f3 p\u00e9nteki el\u0151rejelz\u00e9s\u00fckben londoni p\u00e9nz\u00fcgyi elemz\u0151k.<\/p>\n","protected":false},"author":1,"featured_media":0,"comment_status":"open","ping_status":"closed","sticky":false,"template":"","format":"standard","meta":[],"categories":[12],"tags":[],"_links":{"self":[{"href":"https:\/\/gazdasagportal.hu\/index.php\/wp-json\/wp\/v2\/posts\/23405"}],"collection":[{"href":"https:\/\/gazdasagportal.hu\/index.php\/wp-json\/wp\/v2\/posts"}],"about":[{"href":"https:\/\/gazdasagportal.hu\/index.php\/wp-json\/wp\/v2\/types\/post"}],"author":[{"embeddable":true,"href":"https:\/\/gazdasagportal.hu\/index.php\/wp-json\/wp\/v2\/users\/1"}],"replies":[{"embeddable":true,"href":"https:\/\/gazdasagportal.hu\/index.php\/wp-json\/wp\/v2\/comments?post=23405"}],"version-history":[{"count":1,"href":"https:\/\/gazdasagportal.hu\/index.php\/wp-json\/wp\/v2\/posts\/23405\/revisions"}],"predecessor-version":[{"id":23406,"href":"https:\/\/gazdasagportal.hu\/index.php\/wp-json\/wp\/v2\/posts\/23405\/revisions\/23406"}],"wp:attachment":[{"href":"https:\/\/gazdasagportal.hu\/index.php\/wp-json\/wp\/v2\/media?parent=23405"}],"wp:term":[{"taxonomy":"category","embeddable":true,"href":"https:\/\/gazdasagportal.hu\/index.php\/wp-json\/wp\/v2\/categories?post=23405"},{"taxonomy":"post_tag","embeddable":true,"href":"https:\/\/gazdasagportal.hu\/index.php\/wp-json\/wp\/v2\/tags?post=23405"}],"curies":[{"name":"wp","href":"https:\/\/api.w.org\/{rel}","templated":true}]}}