{"id":23401,"date":"2013-12-14T11:23:43","date_gmt":"2013-12-14T10:23:43","guid":{"rendered":"http:\/\/stockportal.hu\/?p=23401"},"modified":"2013-12-14T08:24:30","modified_gmt":"2013-12-14T07:24:30","slug":"ukrajnai-tuntetesek-elegedetlen-az-ellenzek-a-nemzeti-kerekasztal-tanacskozassal","status":"publish","type":"post","link":"https:\/\/gazdasagportal.hu\/index.php\/ukrajnai-tuntetesek-elegedetlen-az-ellenzek-a-nemzeti-kerekasztal-tanacskozassal\/","title":{"rendered":"Ukrajnai t\u00fcntet\u00e9sek &#8211; El\u00e9gedetlen az ellenz\u00e9k a nemzeti kerekasztal-tan\u00e1cskoz\u00e1ssal"},"content":{"rendered":"<p><strong>El\u00e9gedetlen\u00fcl t\u00e1voztak az ukr\u00e1n ellenz\u00e9k vezet\u0151i p\u00e9nteken arr\u00f3l a kerekasztal-megbesz\u00e9l\u00e9sr\u0151l, amelyet Viktor Janukovics eln\u00f6k kezdem\u00e9nyez\u00e9s\u00e9re tartottak, hogy kiutat keressenek a belpolitikai v\u00e1ls\u00e1gb\u00f3l.<!--more--><\/strong><\/p>\n<p>A r\u00e9sztvev\u0151k k\u00f6z\u00fcl Arszenyij Jacenyuk, az ellenz\u00e9ki Haza (Batykivscsina) p\u00e1rt vezet\u0151je kijelentette, hogy sz\u00e1mos fontos k\u00e9rd\u00e9sre nem kaptak v\u00e1laszt, p\u00e9ld\u00e1ul arra, ki adott parancsot a F\u00fcggetlens\u00e9g ter\u00e9n (Majdan) foly\u00f3 t\u00fcntet\u00e9s er\u0151szakos feloszlat\u00e1s\u00e1ra, s megb\u00fcntetik-e a felel\u0151s\u00f6ket.<br \/>\n&#8222;K\u00f6vetelt\u00fck, hogy ne alkalmazzanak er\u0151szakot a Majdanon. Legal\u00e1bb erre v\u00e1laszolt (Janukovics), hogy nem fognak. Hiszek-e neki? Nem&#8221; &#8211; sz\u00f6gezte le Jacenyuk.<br \/>\nViktor Janukovics a tan\u00e1cskoz\u00e1sr\u00f3l t\u00e1voz\u00f3ban nem volt hajland\u00f3 v\u00e1laszolni az \u00fajs\u00e1g\u00edr\u00f3k k\u00e9rd\u00e9seire. Az eln\u00f6k m\u00e9g a tal\u00e1lkoz\u00f3 el\u0151tt \u00e9rt\u00e9s\u00e9re adta az ellenz\u00e9knek, hogy nem hajland\u00f3 meneszteni a korm\u00e1nyt.<br \/>\nEgy m\u00e1sik ellenz\u00e9ki vezet\u0151, Oleh Tyahnibok, a nacionalista Szabads\u00e1g (Szvoboda) p\u00e1rt vezet\u0151je k\u00f6z\u00f6lte, hogy a j\u00f6v\u0151ben csak akkor vesz r\u00e9szt ilyen kerekasztal-t\u00e1rgyal\u00e1son, ha a t\u00fcntet\u0151k k\u00e9rik r\u00e1. &#8222;Nem akartam ma elj\u00f6nni, de a Majdan (a kijevi F\u00fcggetlens\u00e9g ter\u00e9n demonstr\u00e1l\u00f3k) k\u00f6telezett minket erre. K\u00f6z\u00f6s \u00e1ll\u00e1sponton vagyunk, amihez tartjuk magunkat&#8221; &#8211; mondta, utalva arra, hogy a h\u00e1rom parlamenti ellenz\u00e9ki p\u00e1rt vezet\u0151i a t\u00fcntet\u0151k felhatalmaz\u00e1s\u00e1t\u00f3l tett\u00e9k f\u00fcgg\u0151v\u00e9 megjelen\u00e9s\u00fcket a tan\u00e1cskoz\u00e1son.<br \/>\nLeonyid Kravcsuk volt \u00e1llamf\u0151, a f\u00fcggetlen Ukrajna els\u0151 eln\u00f6ke kijelentette, hogy rem\u00e9nyei szerint a j\u00f6v\u0151 h\u00e9ten, val\u00f3sz\u00edn\u0171leg kedden lehet \u00fajabb fordul\u00f3ja a kerekasztal-t\u00e1rgyal\u00e1soknak.<br \/>\nK\u00f6zben a korm\u00e1nyz\u00f3 R\u00e9gi\u00f3k P\u00e1rtja \u00edr\u00e1sban jelezte a f\u0151v\u00e1ros vezet\u00e9s\u00e9nek, hogy vas\u00e1rnap 200 ezer f\u0151s ellendemonstr\u00e1ci\u00f3t tart Kijevben. K\u00e9t helysz\u00ednt jel\u00f6ltek meg: a parlamenttel szemk\u00f6zti parkot \u00e9s a F\u00fcggetlens\u00e9g ter\u00e9nek k\u00f6zvetlen szomsz\u00e9ds\u00e1g\u00e1ban l\u00e9v\u0151 Eur\u00f3pai teret. A p\u00e1rt fellegv\u00e1r\u00e1nak sz\u00e1m\u00edt\u00f3 kelet-ukrajnai Donyeckben a helyi szervezet\u00fck k\u00f6zz\u00e9tette, hogy 19 vagonb\u00f3l \u00e1ll\u00f3 szerelv\u00e9nyt b\u00e9reltek a rendezv\u00e9nyre k\u00e9sz\u00fcl\u0151 h\u00edveik sz\u00e1m\u00e1ra, akiknek \u00e9lelmiszercsomagokat is osztanak az \u00fatra.<br \/>\nAz ellenz\u00e9k \u00fajabb &#8222;n\u00e9pi nagygy\u0171l\u00e9st&#8221; hirdetett meg imm\u00e1r a negyedik egym\u00e1st k\u00f6vet\u0151 vas\u00e1rnapra a Kijevi f\u0151t\u00e9rre, s a megmozdul\u00e1snak a M\u00e9lt\u00f3s\u00e1g napja elnevez\u00e9st adt\u00e1k. C\u00e9ljuk, hogy kifejezz\u00e9k elk\u00f6telezetts\u00e9g\u00fcket Ukrajna eur\u00f3pai integr\u00e1ci\u00f3ja mellett, tov\u00e1bb\u00e1 tiltakozzanak az ellen, hogy Janukovics eln\u00f6k meg\u00e1llapod\u00e1st k\u00f6ss\u00f6n a Moszkva ir\u00e1ny\u00edtotta orosz-kazah-feh\u00e9rorosz v\u00e1muni\u00f3hoz val\u00f3 csatlakoz\u00e1sr\u00f3l.<br \/>\nA kora esti \u00f3r\u00e1kban becsl\u00e9sek szerint mintegy 8 ezer t\u00fcntet\u0151 volt a F\u00fcggetlens\u00e9g ter\u00e9n, m\u00e9g k\u00f6r\u00fclbel\u00fcl ezren a k\u00f6rny\u00e9ken elfoglalt \u00e9p\u00fcletekben melegedtek. Az eur\u00f3pai integr\u00e1ci\u00f3\u00e9rt \u00e9s hatalomv\u00e1lt\u00e1s\u00e9rt demonstr\u00e1l\u00f3k m\u00e1r mintegy 250 s\u00e1trat \u00e1ll\u00edtottak fel a t\u00e9ren. A parlamenttel szemk\u00f6zti Marijinszkij parkban a korm\u00e1nyp\u00e1rti ellendemonstr\u00e1ci\u00f3n a rend\u0151rs\u00e9g k\u00f6zl\u00e9se szerint ugyanebben az id\u0151szakban mintegy 15 ezren tart\u00f3zkodtak.<br \/>\nNovember 21-\u00e9n kezd\u0151d\u00f6tt a tiltakoz\u00e1ssorozat, \u00e9s az\u00f3ta sz\u00fcnet n\u00e9lk\u00fcl tartanak a t\u00fcntet\u00e9sek Kijevben. Az elej\u00e9n civil kezdem\u00e9nyez\u00e9sre vonultak utc\u00e1ra az emberek tiltakozni amiatt, hogy a korm\u00e1ny v\u00e1ratlanul le\u00e1ll\u00edtotta az EU-t\u00e1rsul\u00e1si felk\u00e9sz\u00fcl\u00e9s folyamat\u00e1t. November 30-ra virrad\u00f3an rohamrend\u0151r\u00f6k brut\u00e1lis er\u0151szakkal oszlatt\u00e1k sz\u00e9t b\u00e9k\u00e9s, p\u00e1rtsemleges di\u00e1kok demonstr\u00e1ci\u00f3j\u00e1t a F\u00fcggetlens\u00e9g ter\u00e9n, ami \u00fajabb tiltakoz\u00f3hull\u00e1mot ind\u00edtott el. Ezek ut\u00e1n a h\u00e1rom parlamenti ellenz\u00e9ki er\u0151, a Julija Timosenko beb\u00f6rt\u00f6nz\u00f6tt volt korm\u00e1nyf\u0151 m\u00f6g\u00f6tt \u00e1ll\u00f3 Haza p\u00e1rt Arszenyij Jacenyuk vezet\u00e9s\u00e9vel, a Vitalij Klicsko vezette \u00dct\u00e9s (UDAR) \u00e9s a nacionalista Szabads\u00e1g p\u00e1rt \u00e9l\u00e9re \u00e1llt a demonstr\u00e1ci\u00f3knak, amelyen m\u00e1r nemcsak Ukrajna eur\u00f3pai integr\u00e1ci\u00f3j\u00e1t, hanem teljes hatalomv\u00e1lt\u00e1st kezdtek k\u00f6vetelni. Egyre n\u0151tt a vas\u00e1rnapokon megrendezett nagygy\u0171l\u00e9sek r\u00e9sztvev\u0151inek sz\u00e1ma. December 1-j\u00e9n, majd m\u00falt vas\u00e1rnap m\u00e1r t\u00f6bb sz\u00e1zezren demonstr\u00e1ltak Kijev belv\u00e1ros\u00e1ban. K\u00f6zben t\u00f6bb v\u00e9res \u00f6sszet\u0171z\u00e9s is t\u00f6rt\u00e9nt rohamrend\u0151r\u00f6kkel, a t\u00fcntet\u0151k k\u00f6z\u00fcl sokakat \u0151rizetbe vettek a hat\u00f3s\u00e1gok. Emiatt a Majdan t\u00fcntet\u0151inek k\u00f6vetel\u00e9sei kieg\u00e9sz\u00fcltek a fogva tartott aktivist\u00e1k szabadon bocs\u00e1t\u00e1s\u00e1val \u00e9s az er\u0151szakos rend\u0151ri akci\u00f3k felel\u0151seinek megb\u00fcntet\u00e9s\u00e9vel.(MTI)<\/p>\n","protected":false},"excerpt":{"rendered":"<p>El\u00e9gedetlen\u00fcl t\u00e1voztak az ukr\u00e1n ellenz\u00e9k vezet\u0151i p\u00e9nteken arr\u00f3l a kerekasztal-megbesz\u00e9l\u00e9sr\u0151l, amelyet Viktor Janukovics eln\u00f6k kezdem\u00e9nyez\u00e9s\u00e9re tartottak, hogy kiutat keressenek a belpolitikai v\u00e1ls\u00e1gb\u00f3l.<\/p>\n","protected":false},"author":1,"featured_media":0,"comment_status":"open","ping_status":"closed","sticky":false,"template":"","format":"standard","meta":[],"categories":[12],"tags":[],"_links":{"self":[{"href":"https:\/\/gazdasagportal.hu\/index.php\/wp-json\/wp\/v2\/posts\/23401"}],"collection":[{"href":"https:\/\/gazdasagportal.hu\/index.php\/wp-json\/wp\/v2\/posts"}],"about":[{"href":"https:\/\/gazdasagportal.hu\/index.php\/wp-json\/wp\/v2\/types\/post"}],"author":[{"embeddable":true,"href":"https:\/\/gazdasagportal.hu\/index.php\/wp-json\/wp\/v2\/users\/1"}],"replies":[{"embeddable":true,"href":"https:\/\/gazdasagportal.hu\/index.php\/wp-json\/wp\/v2\/comments?post=23401"}],"version-history":[{"count":1,"href":"https:\/\/gazdasagportal.hu\/index.php\/wp-json\/wp\/v2\/posts\/23401\/revisions"}],"predecessor-version":[{"id":23402,"href":"https:\/\/gazdasagportal.hu\/index.php\/wp-json\/wp\/v2\/posts\/23401\/revisions\/23402"}],"wp:attachment":[{"href":"https:\/\/gazdasagportal.hu\/index.php\/wp-json\/wp\/v2\/media?parent=23401"}],"wp:term":[{"taxonomy":"category","embeddable":true,"href":"https:\/\/gazdasagportal.hu\/index.php\/wp-json\/wp\/v2\/categories?post=23401"},{"taxonomy":"post_tag","embeddable":true,"href":"https:\/\/gazdasagportal.hu\/index.php\/wp-json\/wp\/v2\/tags?post=23401"}],"curies":[{"name":"wp","href":"https:\/\/api.w.org\/{rel}","templated":true}]}}