{"id":23395,"date":"2013-12-13T20:22:10","date_gmt":"2013-12-13T19:22:10","guid":{"rendered":"http:\/\/stockportal.hu\/?p=23395"},"modified":"2013-12-13T19:37:27","modified_gmt":"2013-12-13T18:37:27","slug":"a-magyar-telekom-finanszirozasi-megallapodast-irt-ala-az-eib-vel","status":"publish","type":"post","link":"https:\/\/gazdasagportal.hu\/index.php\/a-magyar-telekom-finanszirozasi-megallapodast-irt-ala-az-eib-vel\/","title":{"rendered":"A Magyar Telekom finansz\u00edroz\u00e1si meg\u00e1llapod\u00e1st \u00edrt al\u00e1 az EIB-vel"},"content":{"rendered":"<p><strong>A Magyar Telekom hossz\u00fa lej\u00e1rat\u00fa finansz\u00edroz\u00e1si meg\u00e1llapod\u00e1st \u00edrt al\u00e1 p\u00e9nteken Budapesten az Eur\u00f3pai Beruh\u00e1z\u00e1si Bankkal (EIB) a j\u00f6v\u0151beni vezet\u00e9kes \u00e9s mobil sz\u00e9less\u00e1v\u00fa h\u00e1l\u00f3zatfejleszt\u00e9si projektjeinek finansz\u00edroz\u00e1s\u00e1ra &#8211; k\u00f6z\u00f6lte a t\u00e1rsas\u00e1g az MTI-vel.<!--more--><\/strong><\/p>\n<p>A Magyar Telekom a 200 milli\u00f3 eur\u00f3 (k\u00f6zel 60 milli\u00e1rd forint) \u00e9rt\u00e9k\u0171 hitelt a Deutsche Telekom AG-n, mint p\u00e9nz\u00fcgyi k\u00f6zvet\u00edt\u0151n kereszt\u00fcl veszi fel az EIB-t\u0151l. A hitel forintban denomin\u00e1lt futamideje 5 \u00e9v.<br \/>\nA hitelb\u0151l finansz\u00edrozott h\u00e1l\u00f3zatfejleszt\u00e9si projekteket a t\u00e1rsas\u00e1g a 2014-2016 k\u00f6z\u00f6tti h\u00e1rom\u00e9ves id\u0151szakban val\u00f3s\u00edtja meg.<br \/>\nA projektek keret\u00e9ben a Telekom b\u0151v\u00edti vezet\u00e9kes \u00e9s mobil sz\u00e9less\u00e1v\u00fa infrastrukt\u00far\u00e1j\u00e1nak el\u00e9rhet\u0151s\u00e9g\u00e9t \u00e9s n\u00f6veli a h\u00e1l\u00f3zatok kapacit\u00e1s\u00e1t. Emellett fejleszti az \u00e9rintett informatikai rendszereket is, hogy ezek meg tudjanak majd birk\u00f3zni a felhaszn\u00e1l\u00f3k sz\u00e1m\u00e1nak emelked\u00e9se \u00e9s a 4G-k\u00e9pes okos eszk\u00f6z\u00f6k gyors terjed\u00e9se nyom\u00e1n a k\u00f6vetkez\u0151 \u00e9vekben v\u00e1rhat\u00f3 adatforgalom-n\u00f6veked\u00e9ssel.<br \/>\nA szerz\u0151d\u00e9st Christopher Mattheisen vez\u00e9rigazgat\u00f3 \u00e9s Szab\u00f3 J\u00e1nos gazdas\u00e1gi vez\u00e9rigazgat\u00f3-helyettes, illetve az EIB r\u00e9sz\u00e9r\u0151l Baranyay L\u00e1szl\u00f3 aleln\u00f6k \u00edrta al\u00e1.<br \/>\nA k\u00f6zlem\u00e9ny id\u00e9zi Christopher Mattheisent, aki elmondta: &#8222;a k\u00f6vetkez\u0151 \u00e9vekben megval\u00f3sul\u00f3 h\u00e1l\u00f3zatfejleszt\u00e9seink el\u0151seg\u00edtik a vezet\u00e9kes \u00e9s mobil szolg\u00e1ltat\u00e1sok konvergenci\u00e1j\u00e1t, \u00e9s lehet\u0151v\u00e9 teszik az adat- \u00e9s multim\u00e9dia szolg\u00e1ltat\u00e1sok ir\u00e1nti gyorsan n\u00f6vekv\u0151 piaci ig\u00e9nyek kiel\u00e9g\u00edt\u00e9s\u00e9t.&#8221;<br \/>\nBaranyay L\u00e1szl\u00f3 az al\u00e1\u00edr\u00e1skor a k\u00f6zlem\u00e9ny szerint \u00fagy nyilatkozott: &#8222;az EIB hitele el\u0151seg\u00edti, hogy jelent\u0151sen emelkedjen a magyar lakoss\u00e1g nagy sebess\u00e9g\u0171 vezet\u00e9kes \u00e9s mobil sz\u00e9less\u00e1v\u00fa lefedetts\u00e9ge. A korszer\u0171 \u00e9s nagysebess\u00e9g\u0171 t\u00e1vk\u00f6zl\u00e9si szolg\u00e1ltat\u00e1sok el\u00e9rhet\u0151s\u00e9ge l\u00e9tfontoss\u00e1g\u00fa a magyar gazdas\u00e1g fejl\u0151d\u00e9se \u00e9s az orsz\u00e1g lehet\u0151s\u00e9geinek kihaszn\u00e1l\u00e1sa szempontj\u00e1b\u00f3l, k\u00fcl\u00f6n\u00f6sen a vid\u00e9ki t\u00e9rs\u00e9gekben.&#8221;(MTI)<\/p>\n","protected":false},"excerpt":{"rendered":"<p>A Magyar Telekom hossz\u00fa lej\u00e1rat\u00fa finansz\u00edroz\u00e1si meg\u00e1llapod\u00e1st \u00edrt al\u00e1 p\u00e9nteken Budapesten az Eur\u00f3pai Beruh\u00e1z\u00e1si Bankkal (EIB) a j\u00f6v\u0151beni vezet\u00e9kes \u00e9s mobil sz\u00e9less\u00e1v\u00fa h\u00e1l\u00f3zatfejleszt\u00e9si projektjeinek finansz\u00edroz\u00e1s\u00e1ra &#8211; k\u00f6z\u00f6lte a t\u00e1rsas\u00e1g az MTI-vel.<\/p>\n","protected":false},"author":1,"featured_media":0,"comment_status":"open","ping_status":"closed","sticky":false,"template":"","format":"standard","meta":[],"categories":[7],"tags":[],"_links":{"self":[{"href":"https:\/\/gazdasagportal.hu\/index.php\/wp-json\/wp\/v2\/posts\/23395"}],"collection":[{"href":"https:\/\/gazdasagportal.hu\/index.php\/wp-json\/wp\/v2\/posts"}],"about":[{"href":"https:\/\/gazdasagportal.hu\/index.php\/wp-json\/wp\/v2\/types\/post"}],"author":[{"embeddable":true,"href":"https:\/\/gazdasagportal.hu\/index.php\/wp-json\/wp\/v2\/users\/1"}],"replies":[{"embeddable":true,"href":"https:\/\/gazdasagportal.hu\/index.php\/wp-json\/wp\/v2\/comments?post=23395"}],"version-history":[{"count":1,"href":"https:\/\/gazdasagportal.hu\/index.php\/wp-json\/wp\/v2\/posts\/23395\/revisions"}],"predecessor-version":[{"id":23396,"href":"https:\/\/gazdasagportal.hu\/index.php\/wp-json\/wp\/v2\/posts\/23395\/revisions\/23396"}],"wp:attachment":[{"href":"https:\/\/gazdasagportal.hu\/index.php\/wp-json\/wp\/v2\/media?parent=23395"}],"wp:term":[{"taxonomy":"category","embeddable":true,"href":"https:\/\/gazdasagportal.hu\/index.php\/wp-json\/wp\/v2\/categories?post=23395"},{"taxonomy":"post_tag","embeddable":true,"href":"https:\/\/gazdasagportal.hu\/index.php\/wp-json\/wp\/v2\/tags?post=23395"}],"curies":[{"name":"wp","href":"https:\/\/api.w.org\/{rel}","templated":true}]}}