{"id":23392,"date":"2013-12-13T19:35:48","date_gmt":"2013-12-13T18:35:48","guid":{"rendered":"http:\/\/stockportal.hu\/?p=23392"},"modified":"2013-12-13T19:35:48","modified_gmt":"2013-12-13T18:35:48","slug":"koltsegvetesi-tanacs-a-2014-es-budzse-beveteli-oldalan-csokkentek-a-kockazatok","status":"publish","type":"post","link":"https:\/\/gazdasagportal.hu\/index.php\/koltsegvetesi-tanacs-a-2014-es-budzse-beveteli-oldalan-csokkentek-a-kockazatok\/","title":{"rendered":"K\u00f6lts\u00e9gvet\u00e9si Tan\u00e1cs: a 2014-es b\u00fcdzs\u00e9 bev\u00e9teli oldal\u00e1n cs\u00f6kkentek a kock\u00e1zatok"},"content":{"rendered":"<p><strong>A j\u00f6v\u0151 \u00e9vi k\u00f6lts\u00e9gvet\u00e9s m\u00f3dos\u00edt\u00e1sokat is tartalmaz\u00f3, egys\u00e9ges javaslata alapj\u00e1n a K\u00f6lts\u00e9gvet\u00e9si Tan\u00e1cs (KT) meg\u00e1llap\u00edtotta, hogy a b\u00fcdzs\u00e9 bev\u00e9teli oldal\u00e1n kor\u00e1bban azonos\u00edtott kock\u00e1zatok tov\u00e1bbra is fenn\u00e1llnak, de m\u00e9rt\u00e9k\u00fck cs\u00f6kkent.<!--more--><\/strong><\/p>\n<p>A KT az Orsz\u00e1ggy\u0171l\u00e9s honlapj\u00e1ra p\u00e9nteken felker\u00fclt v\u00e9lem\u00e9ny\u00e9ben kiemeli, hogy az \u00e1llamh\u00e1ztart\u00e1s GDP-hez m\u00e9rt hi\u00e1nya az EU \u00e1ltal megk\u00f6vetelt 3 sz\u00e1zal\u00e9k alatt marad j\u00f6v\u0151re. Ehhez azonban sz\u00fcks\u00e9gesnek tartja, hogy a 100 milli\u00e1rd forintos Orsz\u00e1gv\u00e9delmi Alapot szeptember 30-ig ne haszn\u00e1lj\u00e1k fel.<br \/>\nA KT az aktualiz\u00e1lt progn\u00f3zisok \u00e1ttekint\u00e9se, valamint a makrogazdas\u00e1gi felt\u00e9telek alakul\u00e1s\u00e1t\u00f3l f\u00fcgg\u0151 bev\u00e9telekre \u00e9s kiad\u00e1sokra \u00faj\u00f3lag elv\u00e9gzett sz\u00e1m\u00edt\u00e1sok alapj\u00e1n azt \u00e1llap\u00edtotta meg, hogy a k\u00f6lts\u00e9gvet\u00e9s bev\u00e9teli oldal\u00e1n kor\u00e1bban azonos\u00edtott kock\u00e1zatok tov\u00e1bbra is fenn\u00e1llnak, de m\u00e9rt\u00e9k\u00fck cs\u00f6kkent. Azok fedezet\u00e9re az Orsz\u00e1gv\u00e9delmi Alap tervezett \u00f6sszege el\u00e9gs\u00e9gesnek l\u00e1tszik.<br \/>\nA KT szerint ugyanakkor a tavalyin\u00e1l l\u00e9nyegesen kisebb alap amennyiben a prognosztiz\u00e1ltn\u00e1l kedvez\u0151tlenebb\u00fcl alakul a gazdas\u00e1gi helyzet, akkor nem ny\u00fajt fedezetet az ebb\u0151l ad\u00f3d\u00f3\u00a0\u00a0ad\u00f3bev\u00e9tel-cs\u00f6kken\u00e9s \u00e9s kiad\u00e1s-n\u00f6veked\u00e9s kompenz\u00e1l\u00e1sra.<br \/>\nA tervez\u00e9s b\u00e1zis\u00e1nak tekintett 2013. \u00e9vi k\u00f6zponti k\u00f6lts\u00e9gvet\u00e9s egyes bev\u00e9teleinek, kiemelt ad\u00f3nemeinek teljes\u00fcl\u00e9se az el\u0151ir\u00e1nyzat alatt v\u00e1rhat\u00f3 a KT szerint. Az el\u0151ir\u00e1nyzatt\u00f3l elmarad\u00f3 teljes\u00fcl\u00e9s k\u00fcl\u00f6n\u00f6sen az \u00e1fabev\u00e9teln\u00e9l lehet jelent\u0151s. Az ad\u00f3beszed\u00e9s hat\u00e9konys\u00e1g\u00e1nak javul\u00e1s\u00e1t\u00f3l t\u00f6bb bev\u00e9telt v\u00e1rt a korm\u00e1nyzat, amely a p\u00e9nzt\u00e1rg\u00e9pek online regisztr\u00e1ci\u00f3j\u00e1nak nem teljes k\u00f6r\u0171 megold\u00e1sa miatt csak r\u00e9szben val\u00f3sul meg &#8211; \u00edrj\u00e1k.<br \/>\nKock\u00e1zatot jelent a p\u00e9nz\u00fcgyi tranzakci\u00f3s illet\u00e9k el\u0151ir\u00e1nyzat\u00e1nak teljes\u00edt\u00e9se is, amelynek tervez\u00e9se a KT szerint nem volt megalapozott.<br \/>\nA tan\u00e1cs szerint az el\u0151ir\u00e1nyzatt\u00f3l elmaradhat az \u00e1fabev\u00e9tel, mivel a m\u00f3dos\u00edt\u00e1sok sor\u00e1ban 14 milli\u00e1rd forinttal megemelt\u00e9k az el\u0151ir\u00e1nyzatot, hogy jusson forr\u00e1s a f\u0151v\u00e1rosi t\u00f6megk\u00f6zleked\u00e9s t\u00e1mogat\u00e1s\u00e1ra.<br \/>\nA ad\u00f3bev\u00e9teli b\u00e1zis ugyan id\u0151k\u00f6zben &#8211; az \u00e1fa \u00e9s az szja v\u00e1rtn\u00e1l gyorsabb n\u00f6veked\u00e9se miatt &#8211; emelkedett, de a kock\u00e1zatok nem sz\u0171ntek meg &#8211; \u00e1llap\u00edtotta meg a test\u00fclet.<br \/>\nAz indokl\u00e1sban azt is megjegyzi a KT, hogy amennyiben a v\u00e1rt 2,4 sz\u00e1zal\u00e9kn\u00e1l alacsonyabb lesz az infl\u00e1ci\u00f3, az jelent\u0151s kock\u00e1zatot jelent az \u00e1llamad\u00f3ss\u00e1g GDP-ar\u00e1nyos cs\u00f6kkent\u00e9se szempontj\u00e1b\u00f3l.(MTI)<\/p>\n","protected":false},"excerpt":{"rendered":"<p>A j\u00f6v\u0151 \u00e9vi k\u00f6lts\u00e9gvet\u00e9s m\u00f3dos\u00edt\u00e1sokat is tartalmaz\u00f3, egys\u00e9ges javaslata alapj\u00e1n a K\u00f6lts\u00e9gvet\u00e9si Tan\u00e1cs (KT) meg\u00e1llap\u00edtotta, hogy a b\u00fcdzs\u00e9 bev\u00e9teli oldal\u00e1n kor\u00e1bban azonos\u00edtott kock\u00e1zatok tov\u00e1bbra is fenn\u00e1llnak, de m\u00e9rt\u00e9k\u00fck cs\u00f6kkent.<\/p>\n","protected":false},"author":1,"featured_media":0,"comment_status":"open","ping_status":"closed","sticky":false,"template":"","format":"standard","meta":[],"categories":[19],"tags":[],"_links":{"self":[{"href":"https:\/\/gazdasagportal.hu\/index.php\/wp-json\/wp\/v2\/posts\/23392"}],"collection":[{"href":"https:\/\/gazdasagportal.hu\/index.php\/wp-json\/wp\/v2\/posts"}],"about":[{"href":"https:\/\/gazdasagportal.hu\/index.php\/wp-json\/wp\/v2\/types\/post"}],"author":[{"embeddable":true,"href":"https:\/\/gazdasagportal.hu\/index.php\/wp-json\/wp\/v2\/users\/1"}],"replies":[{"embeddable":true,"href":"https:\/\/gazdasagportal.hu\/index.php\/wp-json\/wp\/v2\/comments?post=23392"}],"version-history":[{"count":1,"href":"https:\/\/gazdasagportal.hu\/index.php\/wp-json\/wp\/v2\/posts\/23392\/revisions"}],"predecessor-version":[{"id":23394,"href":"https:\/\/gazdasagportal.hu\/index.php\/wp-json\/wp\/v2\/posts\/23392\/revisions\/23394"}],"wp:attachment":[{"href":"https:\/\/gazdasagportal.hu\/index.php\/wp-json\/wp\/v2\/media?parent=23392"}],"wp:term":[{"taxonomy":"category","embeddable":true,"href":"https:\/\/gazdasagportal.hu\/index.php\/wp-json\/wp\/v2\/categories?post=23392"},{"taxonomy":"post_tag","embeddable":true,"href":"https:\/\/gazdasagportal.hu\/index.php\/wp-json\/wp\/v2\/tags?post=23392"}],"curies":[{"name":"wp","href":"https:\/\/api.w.org\/{rel}","templated":true}]}}