{"id":23390,"date":"2013-12-13T18:25:39","date_gmt":"2013-12-13T17:25:39","guid":{"rendered":"http:\/\/stockportal.hu\/?p=23390"},"modified":"2013-12-13T18:25:39","modified_gmt":"2013-12-13T17:25:39","slug":"a-fidesz-dolgozik-a-harmadik-rezsicsokkentesen","status":"publish","type":"post","link":"https:\/\/gazdasagportal.hu\/index.php\/a-fidesz-dolgozik-a-harmadik-rezsicsokkentesen\/","title":{"rendered":"A Fidesz dolgozik a harmadik rezsics\u00f6kkent\u00e9sen"},"content":{"rendered":"<p><strong>\u00dajabb, a harmadik rezsics\u00f6kkent\u00e9sen dolgozik a Fidesz &#8211; jelentette be Orb\u00e1n Viktor minisztereln\u00f6k p\u00e9nteken.<!--more--><\/strong><\/p>\n<p>&#8222;K\u00e9t sikeres rezsics\u00f6kkent\u00e9s ut\u00e1n \u00e9rdemes megl\u00e9pn\u00fcnk a harmadikat is, a frakci\u00f3vezet\u0151 m\u00e1r dolgozik is rajta&#8221; &#8211; fogalmazott a p\u00e1rteln\u00f6k-korm\u00e1nyf\u0151 a Polg\u00e1ri Magyarorsz\u00e1g\u00e9rt D\u00edj \u00e1tad\u00e1si \u00fcnneps\u00e9g\u00e9n, a budapesti Erkel Sz\u00ednh\u00e1zban, ahol az idei dunai \u00e1rv\u00edzi v\u00e9dekez\u00e9sben r\u00e9szt vev\u0151k k\u00f6z\u00fcl ismertek el t\u00f6bbeket is a kit\u00fcntet\u00e9ssel.<br \/>\nOrb\u00e1n Viktor besz\u00e9d\u00e9ben azt mondta, hogy \u00e9ppen az \u00e1rv\u00edzi v\u00e9dekez\u00e9sben megmutatkoz\u00f3 p\u00e9ld\u00e1tlan \u00f6sszefog\u00e1s pillanata volt az, ahonnan &#8222;\u00fajra hinni kezdt\u00fcnk abban, hogy mi, magyarok lehet\u00fcnk er\u0151sek \u00e9s sikeresek&#8221;. Ez az \u00f6sszefog\u00e1s \u00e9s gy\u0151zelem szerinte &#8222;felb\u00e1tor\u00edtotta a f\u00e1rad\u00f3f\u00e9lben l\u00e9v\u0151 Magyarorsz\u00e1got&#8221;. El\u0151tte ugyanis kezdett \u00fagy t\u0171nni, hogy &#8222;t\u00fal sok, t\u00fal neh\u00e9z, (&#8230;) hogy nem fogjuk b\u00edrni, \u00e9s nem fog menni. Mintha minden \u00e9s mindenki \u00f6sszefogott volna ellen\u00fcnk. (&#8230;) Fel\u00fct\u00f6tte fej\u00e9t a k\u00e9ts\u00e9g: lesz-e egy\u00e1ltal\u00e1n ennek a sok k\u00fczdelemnek valaha is v\u00e9ge&#8221; &#8211; id\u00e9zte fel.<br \/>\nAmikor pedig az Eur\u00f3pai Uni\u00f3 egy \u00fajabb igazs\u00e1gtalan t\u00e1mad\u00e1sra k\u00e9sz\u00fclt a rezsics\u00f6kkent\u00e9s miatt Magyarorsz\u00e1g ellen &#8211; folytatta -, bet\u00f6rt az orsz\u00e1gba az \u00e9vsz\u00e1zad dunai \u00e1rhull\u00e1ma, \u00e9s a magyarok k\u00e9t heti szakadatlan k\u00fczdelem sor\u00e1n legy\u0151zt\u00e9k a term\u00e9szeti csap\u00e1st.<br \/>\n&#8222;Ma m\u00e1r tiszt\u00e1n l\u00e1tni, hogy ez ford\u00edtotta meg a lelkekben a m\u00e1r felad\u00e1s fel\u00e9 araszol\u00f3 \u00e9rz\u00e9seket. Ez hozta meg a lelki fordulatot, ez hozta meg a gy\u0151zelmet&#8221; &#8211; \u00e9rt\u00e9kelte a korm\u00e1nyf\u0151, aki szerint a dunai \u00e1rv\u00edzn\u00e9l a magyarok megmutathatt\u00e1k, hogy egy kil\u00e1t\u00e1stalannak t\u0171n\u0151 helyzetet is k\u00e9pesek megford\u00edtani &#8211; puszt\u00e1n az \u00f6sszefog\u00e1ssal, ami szerinte az idei \u00e9v legnagyobb sikere.<br \/>\nEzut\u00e1n elhitt\u00fck, hogy &#8222;amit eddig elv\u00e9gezt\u00fcnk, nem volt hi\u00e1baval\u00f3. \u00c9s val\u00f3ban (&#8230;), j\u00f6nni is kezdtek sorban a l\u00e1tv\u00e1nyos gazdas\u00e1gi eredm\u00e9nyek&#8221;, amelyek alapj\u00e1n kijelenthet\u0151, hogy Magyarorsz\u00e1g jobban teljes\u00edt &#8211; mondta Orb\u00e1n Viktor.<br \/>\nElv\u00e9gezve az idei \u00e9v sz\u00e1mvet\u00e9s\u00e9t a minisztereln\u00f6k kifejtette: siker\u00fclt kimenteni Magyarorsz\u00e1got a p\u00e9nz\u00fcgyi cs\u0151db\u0151l, megindult a n\u00f6veked\u00e9s, sz\u00e1zezer forint f\u00f6l\u00e9 emelt\u00e9k a minim\u00e1lb\u00e9rt, sikeres a munkahelyv\u00e9delmi akci\u00f3terv, negyven \u00e9ve nem volt ilyen alacsony az infl\u00e1ci\u00f3, 20 sz\u00e1zal\u00e9kkal cs\u00f6kkent a rezsi, \u00e9s j\u00f6v\u0151re j\u00f6n a kiterjesztett csal\u00e1di ad\u00f3kedvezm\u00e9ny, valamint a gyed extra. &#8222;Igaza van annak, aki azt mondja, hogy erre m\u00e9g a virtigli szoci\u00e1ldemokrat\u00e1k is csak csettinthetn\u00e9nek&#8221; &#8211; fogalmazott.<br \/>\nKiemelte ugyanakkor azt is, hogy a v\u00e1ls\u00e1g \u00e9veiben a csal\u00e1doknak k\u00fczdeni\u00fck is kellett, s k\u00fczdelm\u00fcknek fontos tanuls\u00e1ga, hogy k\u00f6z\u00fcl\u00fck csak azok tudtak talpon maradni, amelyek a bajra \u00f6sszefog\u00e1ssal v\u00e1laszoltak. Ugyanez a helyzet az orsz\u00e1gok eset\u00e9ben is: azok tudtak talpon maradni, ahol a baj nem az ellent\u00e9teket er\u0151s\u00edtette fel, hanem az \u00f6sszefog\u00e1st &#8211; tette hozz\u00e1, majd Magyarorsz\u00e1gra kit\u00e9rve azt mondta: korm\u00e1ny\u00e1nak k\u00f6teless\u00e9ge volt haszn\u00e1lni a k\u00e9tharmados parlamenti felhatalmaz\u00e1st, \u00e9s felvette a harcot a szocialist\u00e1kt\u00f3l \u00f6r\u00f6k\u00f6lt hatalmas ad\u00f3ss\u00e1ggal, a munkan\u00e9lk\u00fclis\u00e9ggel \u00e9s a hi\u00e1nnyal, valamint a bankokkal, az eur\u00f3pai baloldallal \u00e9s a br\u00fcsszeli b\u00fcrokrat\u00e1kkal is.<br \/>\n&#8222;J\u00f3 \u00e9rz\u00e9s, hogy v\u00e9gre annyi \u00e9v ut\u00e1n nyugodtan, kell\u0151 m\u00e9rt\u00e9ktart\u00e1ssal, ar\u00e1ny\u00e9rz\u00e9k\u00fcnket meg\u0151rizve (&#8230;) arra gondolhatunk, magunk is elhihetj\u00fck, volt \u00e9rtelme a k\u00fczd\u00e9snek&#8221; &#8211; z\u00e1rta szavait Orb\u00e1n Viktor.<br \/>\nA Polg\u00e1ri Magyarorsz\u00e1g\u00e9rt D\u00edjat M\u00e1dl Dalma, n\u00e9hai M\u00e1dl Ferenc \u00e1llamf\u0151 \u00f6zvegye adta \u00e1t Szilv\u00e1gyi Gergelynek, aki kerekessz\u00e9kb\u0151l seg\u00edtette a homokzs\u00e1kok t\u00f6lt\u00e9s\u00e9t a dunai \u00e1rv\u00edz idej\u00e9n, tov\u00e1bb\u00e1 a v\u00e9dekez\u00e9sben szint\u00e9n r\u00e9szt vev\u0151 F\u00fcsi Csaba \u00e9s Miletics Andrea katonah\u00e1zasp\u00e1rnak, valamint a k\u00e1rp\u00e1taljai Dercen k\u00f6zs\u00e9g egyh\u00e1zi \u00f6nk\u00e9ntes t\u0171zolt\u00f3inak, akik szint\u00e9n seg\u00edtett\u00e9k az \u00e1rv\u00edz idej\u00e9n a munk\u00e1latokat.<br \/>\nBalog Zolt\u00e1n, a\u00a0\u00a0Polg\u00e1ri Magyarorsz\u00e1g\u00e9rt Alap\u00edtv\u00e1ny kurat\u00f3rium\u00e1nak eln\u00f6ke, az emberi er\u0151forr\u00e1sok minisztere k\u00f6sz\u00f6nt\u0151j\u00e9ben azt mondta, hogy az idei dunai \u00e1rv\u00edz idej\u00e9n az \u00f6sszefog\u00e1s r\u00e1mutatott arra, k\u00f6z\u00f6s er\u0151vel m\u00e9g a rekordot d\u00f6nt\u0151 \u00e1rad\u00e1s is legy\u0151zhet\u0151.<br \/>\nA d\u00edjazottak nev\u00e9ben a derceni \u00f6nk\u00e9ntes t\u0171zolt\u00f3k egyike, Zsukovszky Mikl\u00f3s esperes nagy megtiszteltet\u00e9snek nevezte a kit\u00fcntet\u00e9st. &#8222;Azt tett\u00fck Tahit\u00f3tfaluban, amit tenn\u00fcnk kellett a magyar testv\u00e9reink\u00e9rt, bar\u00e1taink\u00e9rt, \u00fagy \u00e9rezt\u00fck, itt a hely\u00fcnk&#8221; &#8211; mondta, felid\u00e9zve a dunai \u00e1rvizet.<br \/>\nA Fidesz p\u00e1rtalap\u00edtv\u00e1nya, a Polg\u00e1ri Magyarorsz\u00e1g\u00e9rt Alap\u00edtv\u00e1ny 2005-ben hozta l\u00e9tre a polg\u00e1ri oldal \u00e9letm\u0171d\u00edj\u00e1nak is tekinthet\u0151 Polg\u00e1ri Magyarorsz\u00e1g\u00e9rt D\u00edjat. Az alap\u00edtv\u00e1ny minden \u00e9vben egy olyan embernek vagy k\u00f6z\u00f6ss\u00e9gnek adom\u00e1nyozza az elismer\u00e9st, aki vagy amely tudom\u00e1nyos, k\u00f6z\u00e9leti, m\u0171v\u00e9szeti, karitat\u00edv tev\u00e9kenys\u00e9g\u00e9vel maradand\u00f3 szellemi, emberi \u00e9rt\u00e9keket hozott l\u00e9tre. Olyan \u00e9rt\u00e9ket, amellyel Magyarorsz\u00e1got, a magyars\u00e1got, annak valamely k\u00f6z\u00f6ss\u00e9g\u00e9t gazdag\u00edtotta, meger\u0151s\u00f6d\u00e9s\u00e9t az eur\u00f3pai k\u00f6z\u00f6ss\u00e9gen bel\u00fcl hitelesen, szakszer\u0171en \u00e9s hat\u00e1sosan el\u0151seg\u00edtette, valamint tev\u00e9kenys\u00e9ge j\u00f3l jellemzi a polg\u00e1ri-kereszt\u00e9ny-nemzeti \u00e9rt\u00e9kk\u00f6z\u00f6ss\u00e9get.(MTI)<\/p>\n","protected":false},"excerpt":{"rendered":"<p>\u00dajabb, a harmadik rezsics\u00f6kkent\u00e9sen dolgozik a Fidesz &#8211; jelentette be Orb\u00e1n Viktor minisztereln\u00f6k p\u00e9nteken.<\/p>\n","protected":false},"author":1,"featured_media":0,"comment_status":"open","ping_status":"closed","sticky":false,"template":"","format":"standard","meta":[],"categories":[19],"tags":[],"_links":{"self":[{"href":"https:\/\/gazdasagportal.hu\/index.php\/wp-json\/wp\/v2\/posts\/23390"}],"collection":[{"href":"https:\/\/gazdasagportal.hu\/index.php\/wp-json\/wp\/v2\/posts"}],"about":[{"href":"https:\/\/gazdasagportal.hu\/index.php\/wp-json\/wp\/v2\/types\/post"}],"author":[{"embeddable":true,"href":"https:\/\/gazdasagportal.hu\/index.php\/wp-json\/wp\/v2\/users\/1"}],"replies":[{"embeddable":true,"href":"https:\/\/gazdasagportal.hu\/index.php\/wp-json\/wp\/v2\/comments?post=23390"}],"version-history":[{"count":1,"href":"https:\/\/gazdasagportal.hu\/index.php\/wp-json\/wp\/v2\/posts\/23390\/revisions"}],"predecessor-version":[{"id":23391,"href":"https:\/\/gazdasagportal.hu\/index.php\/wp-json\/wp\/v2\/posts\/23390\/revisions\/23391"}],"wp:attachment":[{"href":"https:\/\/gazdasagportal.hu\/index.php\/wp-json\/wp\/v2\/media?parent=23390"}],"wp:term":[{"taxonomy":"category","embeddable":true,"href":"https:\/\/gazdasagportal.hu\/index.php\/wp-json\/wp\/v2\/categories?post=23390"},{"taxonomy":"post_tag","embeddable":true,"href":"https:\/\/gazdasagportal.hu\/index.php\/wp-json\/wp\/v2\/tags?post=23390"}],"curies":[{"name":"wp","href":"https:\/\/api.w.org\/{rel}","templated":true}]}}