{"id":23388,"date":"2013-12-13T16:47:16","date_gmt":"2013-12-13T15:47:16","guid":{"rendered":"http:\/\/stockportal.hu\/?p=23388"},"modified":"2013-12-13T14:48:06","modified_gmt":"2013-12-13T13:48:06","slug":"informatika-felsooktatas-az-orszag-legnagyobb-szuperszamitogep-kozpontja-epul-debrecenben","status":"publish","type":"post","link":"https:\/\/gazdasagportal.hu\/index.php\/informatika-felsooktatas-az-orszag-legnagyobb-szuperszamitogep-kozpontja-epul-debrecenben\/","title":{"rendered":"Informatika-fels\u0151oktat\u00e1s Az orsz\u00e1g legnagyobb szupersz\u00e1m\u00edt\u00f3g\u00e9p-k\u00f6zpontja \u00e9p\u00fcl Debrecenben"},"content":{"rendered":"<p><strong>Magyarorsz\u00e1g legnagyobb teljes\u00edtm\u00e9ny\u0171 szupersz\u00e1m\u00edt\u00f3g\u00e9p-k\u00f6zpontj\u00e1t hozz\u00e1k l\u00e9tre 2014 v\u00e9g\u00e9re a Debreceni Egyetemen (DE) &#8211; jelentette be a DE Tudom\u00e1nyegyetemi Karok centrum\u00e1nak eln\u00f6ke p\u00e9nteken.<!--more--><\/strong><\/p>\n<p>Ga\u00e1l Istv\u00e1n rektorhelyettes a debreceni sajt\u00f3t\u00e1j\u00e9koztat\u00f3n elmondta: a Nemzeti Inform\u00e1ci\u00f3s Infrastrukt\u00fara Fejleszt\u00e9si Int\u00e9zet (NIIFI) 1,5 milli\u00e1rd forint uni\u00f3s forr\u00e1st nyert az egyetem Kassai \u00fati campus\u00e1n megval\u00f3sul\u00f3 beruh\u00e1z\u00e1sra.<br \/>\nA Debreceni Egyetemen 2011 \u00f3ta \u00fczemel szupersz\u00e1m\u00edt\u00f3g\u00e9p, amely h\u00e1l\u00f3zatba van k\u00f6tve a p\u00e9csi, a szegedi \u00e9s a budapesti hasonl\u00f3 eszk\u00f6z\u00f6kkel. A mostani beruh\u00e1z\u00e1ssal a debreceni k\u00f6zpont teljes\u00edtm\u00e9nye a t\u00edzszeres\u00e9re n\u0151 &#8211; mondta Ga\u00e1l Istv\u00e1n, jelezve, hogy a berendez\u00e9s teljes kihaszn\u00e1lts\u00e1ggal m\u0171k\u00f6dik.<br \/>\nA centrumeln\u00f6k kifejtette, hogy minden tudom\u00e1nyter\u00fcleten haszn\u00e1lj\u00e1k a szupersz\u00e1m\u00edt\u00f3g\u00e9peket, legyen az orvosi, vegy\u00e9sz, b\u00f6lcs\u00e9sz vagy genetikai kutat\u00e1s. A fejleszt\u00e9st k\u00f6vet\u0151en olyan mennyis\u00e9g\u0171 adathalmazzal \u00e9s sz\u00e1m\u00edt\u00e1si mennyis\u00e9ggel lehet dolgozni, ami eddig itthon a kutat\u00f3k sz\u00e1m\u00e1ra elk\u00e9pzelhetetlen volt &#8211; fogalmazott.<br \/>\nNagy Mikl\u00f3s, az NIIFI f\u0151igazgat\u00f3ja k\u00f6z\u00f6lte: a 200 teraflop\/m\u00e1sodperc kapacit\u00e1s\u00fa g\u00e9ppel Magyarorsz\u00e1g felker\u00fcl a vil\u00e1g szupersz\u00e1m\u00edt\u00f3g\u00e9pes top 500 list\u00e1j\u00e1ra, \u00e9s r\u00f6gt\u00f6n a k\u00f6z\u00e9pmez\u0151nybe. Ez azt jelenti, hogy a sz\u00e1m\u00edt\u00f3g\u00e9p m\u00e1sodpercenk\u00e9nt egy trilli\u00f3 (t\u00edz a tizenkettediken) sz\u00e1m\u00edt\u00e1si m\u0171veletet k\u00e9pes elv\u00e9gezni.<br \/>\nHozz\u00e1tette: Magyarorsz\u00e1gon mintegy 5500 int\u00e9zm\u00e9ny \u00e9s 2,3 milli\u00f3 felhaszn\u00e1l\u00f3 dolgozik a magyar fels\u0151oktat\u00e1s szupersz\u00e1m\u00edt\u00f3g\u00e9pes infrastrukt\u00far\u00e1j\u00e1val.<br \/>\nPapp L\u00e1szl\u00f3 (Fidesz), Debrecen alpolg\u00e1rmestere szerint \u00faj korszak indul 2014 v\u00e9g\u00e9n, hiszen ez a k\u00f6zpont az intelligens, tud\u00e1salap\u00fa v\u00e1rosfejleszt\u00e9s alapj\u00e1ra helyezi a c\u00edvisv\u00e1rost.<br \/>\nA politikus szerint az informatika kulcsfontoss\u00e1g\u00fa a gazdas\u00e1gfejleszt\u00e9sben, \u00e9s csak akkor lehet versenyk\u00e9pes egy v\u00e1ros gazdas\u00e1ga, ha az informatika robban\u00e1sszer\u0171 fejl\u0151d\u00e9s\u00e9vel l\u00e9p\u00e9st tart.<br \/>\nMa ugyanis egy kulcsrak\u00e9sz ipari parkhoz az informatikai h\u00e1tt\u00e9r ugyan\u00fagy hozz\u00e1tartozik, mint a k\u00f6zm\u0171szolg\u00e1ltat\u00e1s. Papp L\u00e1szl\u00f3 szerint a k\u00f6zpont l\u00e9trej\u00f6tt\u00e9vel Debrecen a r\u00e9gi\u00f3 \u00e9s az orsz\u00e1g meghat\u00e1roz\u00f3 v\u00e1rosa lesz az infokommunik\u00e1ci\u00f3 tekintet\u00e9ben.<br \/>\nA 300 n\u00e9gyzetm\u00e9teres \u00e9p\u00fclet kivitelez\u00e9si munk\u00e1i 2014 tavasz\u00e1n kezd\u0151dnek, \u00e9s m\u00e1jus v\u00e9g\u00e9re lesz szerkezetk\u00e9sz. A g\u00e9pek install\u00e1l\u00e1sa v\u00e1rhat\u00f3an az \u00e9v v\u00e9g\u00e9re fejez\u0151dik be.(MTI)<\/p>\n","protected":false},"excerpt":{"rendered":"<p>Magyarorsz\u00e1g legnagyobb teljes\u00edtm\u00e9ny\u0171 szupersz\u00e1m\u00edt\u00f3g\u00e9p-k\u00f6zpontj\u00e1t hozz\u00e1k l\u00e9tre 2014 v\u00e9g\u00e9re a Debreceni Egyetemen (DE) &#8211; jelentette be a DE Tudom\u00e1nyegyetemi Karok centrum\u00e1nak eln\u00f6ke p\u00e9nteken.<\/p>\n","protected":false},"author":1,"featured_media":0,"comment_status":"open","ping_status":"closed","sticky":false,"template":"","format":"standard","meta":[],"categories":[49],"tags":[],"_links":{"self":[{"href":"https:\/\/gazdasagportal.hu\/index.php\/wp-json\/wp\/v2\/posts\/23388"}],"collection":[{"href":"https:\/\/gazdasagportal.hu\/index.php\/wp-json\/wp\/v2\/posts"}],"about":[{"href":"https:\/\/gazdasagportal.hu\/index.php\/wp-json\/wp\/v2\/types\/post"}],"author":[{"embeddable":true,"href":"https:\/\/gazdasagportal.hu\/index.php\/wp-json\/wp\/v2\/users\/1"}],"replies":[{"embeddable":true,"href":"https:\/\/gazdasagportal.hu\/index.php\/wp-json\/wp\/v2\/comments?post=23388"}],"version-history":[{"count":1,"href":"https:\/\/gazdasagportal.hu\/index.php\/wp-json\/wp\/v2\/posts\/23388\/revisions"}],"predecessor-version":[{"id":23389,"href":"https:\/\/gazdasagportal.hu\/index.php\/wp-json\/wp\/v2\/posts\/23388\/revisions\/23389"}],"wp:attachment":[{"href":"https:\/\/gazdasagportal.hu\/index.php\/wp-json\/wp\/v2\/media?parent=23388"}],"wp:term":[{"taxonomy":"category","embeddable":true,"href":"https:\/\/gazdasagportal.hu\/index.php\/wp-json\/wp\/v2\/categories?post=23388"},{"taxonomy":"post_tag","embeddable":true,"href":"https:\/\/gazdasagportal.hu\/index.php\/wp-json\/wp\/v2\/tags?post=23388"}],"curies":[{"name":"wp","href":"https:\/\/api.w.org\/{rel}","templated":true}]}}